{"id":522299,"date":"2022-05-06T21:57:44","date_gmt":"2022-05-06T19:57:44","guid":{"rendered":"https:\/\/www.hashtag.al\/?p=522299"},"modified":"2022-05-06T21:57:44","modified_gmt":"2022-05-06T19:57:44","slug":"auron-tare-pergenjeshtron-ministrine-e-kultures-ekspertet-angleze-nuk-kane-pasur-asnje-kontakt-me-specialistet-shqiptare","status":"publish","type":"post","link":"https:\/\/www.hashtag.al\/index.php\/2022\/05\/06\/auron-tare-pergenjeshtron-ministrine-e-kultures-ekspertet-angleze-nuk-kane-pasur-asnje-kontakt-me-specialistet-shqiptare\/","title":{"rendered":"Auron Tare p\u00ebrg\u00ebnjeshtron Ministrin\u00eb e Kultur\u00ebs: Ekspert\u00ebt anglez\u00eb nuk kan\u00eb pasur asnj\u00eb kontakt me specialist\u00ebt shqiptar\u00eb","gt_translate_keys":[{"key":"rendered","format":"text"}]},"content":{"rendered":"<p style=\"text-align: justify;\"><span style=\"color: #000000;\"><img loading=\"lazy\" decoding=\"async\" class=\"aligncenter size-full wp-image-516800\" src=\"https:\/\/www.hashtag.al\/wp-content\/uploads\/2022\/04\/tareauron.jpg2_-e1649577109522.jpg\" alt=\"\" width=\"1280\" height=\"668\" srcset=\"https:\/\/www.hashtag.al\/wp-content\/uploads\/2022\/04\/tareauron.jpg2_-e1649577109522.jpg 1280w, https:\/\/www.hashtag.al\/wp-content\/uploads\/2022\/04\/tareauron.jpg2_-e1649577109522-300x157.jpg 300w, https:\/\/www.hashtag.al\/wp-content\/uploads\/2022\/04\/tareauron.jpg2_-e1649577109522-1024x534.jpg 1024w, https:\/\/www.hashtag.al\/wp-content\/uploads\/2022\/04\/tareauron.jpg2_-e1649577109522-768x401.jpg 768w\" sizes=\"auto, (max-width: 1280px) 100vw, 1280px\" \/>Auron Tare ka reaguar p\u00ebr \u00e7\u00ebshtjen e Parkut Komb\u00ebtar t\u00eb Butrintit, dh\u00ebnia e t\u00eb cilit p\u00ebr administrim t\u00eb nj\u00eb shoq\u00ebrie t\u00eb krijuar mes shtetit dhe Fondacionit Shqiptaro Amerikan (AADF) ka shkaktuar debat n\u00eb vend.<\/span><\/p>\n<p style=\"text-align: justify;\"><span style=\"color: #000000;\">Tare shprehet se nuk ka pasur asnj\u00eb kontakt nga ekspert\u00ebt anglez\u00eb me specialist\u00eb shqiptar\u00eb.<\/span><\/p>\n<p style=\"text-align: justify;\"><span style=\"color: #000000;\">Nd\u00ebr t\u00eb tjera ai ka renditur disa nga emrat e ekspert\u00ebve me t\u00eb cil\u00ebt sipas tij duhet t\u00eb thirreshin nga Ministria p\u00ebr t\u00eb komunikuar rreth k\u00ebsaj \u00e7\u00ebshtje, p\u00ebrpara se t\u00eb vendosnin p\u00ebr menaxhimin e Butrintit.<\/span><\/p>\n<p style=\"text-align: justify;\"><span style=\"color: #000000;\"><strong>Postimi i plot\u00eb:<\/strong><\/span><\/p>\n<p style=\"text-align: justify;\"><span style=\"color: #000000;\">Duke fal\u00ebnderuar Ministrin\u00eb e KULTURES p\u00ebr k\u00ebt\u00eb komunikim shum\u00eb konciz mbi konsultimin e specialisteve anglez\u00eb me ekspert\u00eb shqiptar\u00eb. Do t\u00eb d\u00ebshiroja t\u00eb shtoja edhe k\u00ebto fakte. ekspert\u00ebt angleze t\u00eb Prince&amp;Pearce gjat\u00eb pun\u00ebs s\u00eb tyre p\u00ebr p\u00ebrgatitjen e Planit t\u00eb Manaxhimit t\u00eb Butrintit nuk kan\u00eb marr\u00eb asnj\u00eb kontakt me:<\/span><\/p>\n<p style=\"text-align: justify;\"><span style=\"color: #000000;\">AURON TARE &#8211; P\u00ebrfaq\u00ebsues i Fondacionit Butrinti 1995 -2000. Nj\u00eb nga themeluesit e Parkut Komb\u00ebtare t\u00eb Butrintit dhe Drejtues i Par\u00eb 2000 &#8211; 2005<\/span><\/p>\n<p style=\"text-align: justify;\"><span style=\"color: #000000;\">Dr. YLLI CEROVA Drejtor i Parkut Komb\u00ebtar t\u00eb -Butrintit. Tetor 2005 &#8211; 2008<\/span><\/p>\n<p style=\"text-align: justify;\"><span style=\"color: #000000;\">RAJMOND KOLA 2008-2014<\/span><\/p>\n<p style=\"text-align: justify;\"><span style=\"color: #000000;\">GJERGJI MANO 2014 -2018 &#8211; takim kortezie n\u00eb nj\u00eb kafe t\u00eb Sarand\u00ebs<\/span><\/p>\n<p style=\"text-align: justify;\"><span style=\"color: #000000;\">PANDI ZHONGA 2018-2019 i P\u00ebrfshir\u00eb n\u00eb konsultime<\/span><\/p>\n<p style=\"text-align: justify;\"><span style=\"color: #000000;\">ERI SULO em\u00ebruar pas Hartimit t\u00eb Planit t\u00eb Manaxhimit dhe jo i p\u00ebrfshir\u00eb n\u00eb Konsultime.<\/span><\/p>\n<p style=\"text-align: justify;\"><span style=\"color: #000000;\">Arkeologji<\/span><\/p>\n<p style=\"text-align: justify;\"><span style=\"color: #000000;\">Prof. Neritan Ceka autor i g\u00ebrmimeve arkeologjike n\u00eb Butrint, ish Drejtor i Institutit t\u00eb Arkeologjis\u00eb autor i dy librave mbi Butrintit. 1970 -present<\/span><\/p>\n<p style=\"text-align: justify;\"><span style=\"color: #000000;\">Prof. Apolon Bace ish Drejtor i Institutit te Monumenteve autor i restaurimeve n\u00eb Butrint, autor i botimeve mbi Butrintin. 1980 present<\/span><\/p>\n<p style=\"text-align: justify;\"><span style=\"color: #000000;\">Prof Gjerak Karaiskaj autor i restaurimeve ne Butrint 1980 present dhe autor i te vetmit lib\u00ebr mbi Fortifikimet e Butrintit.<\/span><\/p>\n<p style=\"text-align: justify;\"><span style=\"color: #000000;\">I ndjeri Dr Kosta Lako autor i nj\u00eb seri g\u00ebrmimesh mbi dy dekada n\u00eb Butrint.<\/span><\/p>\n<p style=\"text-align: justify;\"><span style=\"color: #000000;\">Prof. Aleksander Meksi autor i restaurimeve dhe botimeve mbi Butrintin<\/span><\/p>\n<p style=\"text-align: justify;\"><span style=\"color: #000000;\">Po e shkruaj k\u00ebt\u00eb me synimin q\u00eb t\u00eb shtohet n\u00eb postimin e Ministris\u00eb si FAKT<\/span><\/p>\n<p style=\"text-align: justify;\"><img loading=\"lazy\" decoding=\"async\" class=\"aligncenter size-full wp-image-522300\" src=\"https:\/\/www.hashtag.al\/wp-content\/uploads\/2022\/05\/auroni-butrint.jpg\" alt=\"\" width=\"1080\" height=\"1320\" srcset=\"https:\/\/www.hashtag.al\/wp-content\/uploads\/2022\/05\/auroni-butrint.jpg 1080w, https:\/\/www.hashtag.al\/wp-content\/uploads\/2022\/05\/auroni-butrint-245x300.jpg 245w, https:\/\/www.hashtag.al\/wp-content\/uploads\/2022\/05\/auroni-butrint-838x1024.jpg 838w, https:\/\/www.hashtag.al\/wp-content\/uploads\/2022\/05\/auroni-butrint-768x939.jpg 768w\" sizes=\"auto, (max-width: 1080px) 100vw, 1080px\" \/><\/p>\n","protected":false,"gt_translate_keys":[{"key":"rendered","format":"html"}]},"excerpt":{"rendered":"<p>Auron Tare ka reaguar p\u00ebr \u00e7\u00ebshtjen e Parkut Komb\u00ebtar t\u00eb Butrintit, dh\u00ebnia e t\u00eb cilit p\u00ebr administrim t\u00eb nj\u00eb shoq\u00ebrie t\u00eb krijuar mes shtetit dhe Fondacionit Shqiptaro Amerikan (AADF) ka shkaktuar debat n\u00eb vend. Tare shprehet se nuk ka pasur asnj\u00eb kontakt nga ekspert\u00ebt anglez\u00eb me specialist\u00eb shqiptar\u00eb. Nd\u00ebr t\u00eb tjera ai ka renditur disa [&hellip;]<\/p>\n","protected":false,"gt_translate_keys":[{"key":"rendered","format":"html"}]},"author":32,"featured_media":516800,"comment_status":"closed","ping_status":"closed","sticky":false,"template":"","format":"standard","meta":{"footnotes":""},"categories":[65,13],"tags":[],"class_list":["post-522299","post","type-post","status-publish","format-standard","has-post-thumbnail","hentry","category-lajme","category-te-fundit"],"gt_translate_keys":[{"key":"link","format":"url"}],"_links":{"self":[{"href":"https:\/\/www.hashtag.al\/index.php\/wp-json\/wp\/v2\/posts\/522299","targetHints":{"allow":["GET"]}}],"collection":[{"href":"https:\/\/www.hashtag.al\/index.php\/wp-json\/wp\/v2\/posts"}],"about":[{"href":"https:\/\/www.hashtag.al\/index.php\/wp-json\/wp\/v2\/types\/post"}],"author":[{"embeddable":true,"href":"https:\/\/www.hashtag.al\/index.php\/wp-json\/wp\/v2\/users\/32"}],"replies":[{"embeddable":true,"href":"https:\/\/www.hashtag.al\/index.php\/wp-json\/wp\/v2\/comments?post=522299"}],"version-history":[{"count":0,"href":"https:\/\/www.hashtag.al\/index.php\/wp-json\/wp\/v2\/posts\/522299\/revisions"}],"wp:featuredmedia":[{"embeddable":true,"href":"https:\/\/www.hashtag.al\/index.php\/wp-json\/wp\/v2\/media\/516800"}],"wp:attachment":[{"href":"https:\/\/www.hashtag.al\/index.php\/wp-json\/wp\/v2\/media?parent=522299"}],"wp:term":[{"taxonomy":"category","embeddable":true,"href":"https:\/\/www.hashtag.al\/index.php\/wp-json\/wp\/v2\/categories?post=522299"},{"taxonomy":"post_tag","embeddable":true,"href":"https:\/\/www.hashtag.al\/index.php\/wp-json\/wp\/v2\/tags?post=522299"}],"curies":[{"name":"wp","href":"https:\/\/api.w.org\/{rel}","templated":true}]}}