{"id":521724,"date":"2022-05-04T12:16:58","date_gmt":"2022-05-04T10:16:58","guid":{"rendered":"https:\/\/www.hashtag.al\/?p=521724"},"modified":"2022-05-04T12:22:41","modified_gmt":"2022-05-04T10:22:41","slug":"i-penduari-i-drejtesise-italiane-nje-minister-shqiptar-mbronte-trafikantet-ne-transportin-e-droges","status":"publish","type":"post","link":"https:\/\/www.hashtag.al\/index.php\/2022\/05\/04\/i-penduari-i-drejtesise-italiane-nje-minister-shqiptar-mbronte-trafikantet-ne-transportin-e-droges\/","title":{"rendered":"I penduari i drejt\u00ebsis\u00eb italiane: Nj\u00eb minist\u00ebr shqiptar mbronte trafikant\u00ebt n\u00eb transportin e drog\u00ebs","gt_translate_keys":[{"key":"rendered","format":"text"}]},"content":{"rendered":"<p style=\"text-align: justify;\"><span style=\"color: #000000;\"><span style=\"color: #0000ff;\"><a style=\"color: #0000ff;\" href=\"https:\/\/calabria7.it\/rinascita-scott-il-pentito-e-i-legami-con-il-narcos-albanese-protetto-da-un-ministro-corrotto\/\"><img loading=\"lazy\" decoding=\"async\" class=\"aligncenter size-full wp-image-521730\" src=\"https:\/\/www.hashtag.al\/wp-content\/uploads\/2022\/05\/WhatsApp-Image-2022-05-04-at-12.21.08-PM.jpeg\" alt=\"\" width=\"600\" height=\"400\" srcset=\"https:\/\/www.hashtag.al\/wp-content\/uploads\/2022\/05\/WhatsApp-Image-2022-05-04-at-12.21.08-PM.jpeg 600w, https:\/\/www.hashtag.al\/wp-content\/uploads\/2022\/05\/WhatsApp-Image-2022-05-04-at-12.21.08-PM-300x200.jpeg 300w\" sizes=\"auto, (max-width: 600px) 100vw, 600px\" \/><\/a><\/span><\/span><\/p>\n<p style=\"text-align: justify;\"><span style=\"color: #000000;\"><span style=\"color: #0000ff;\"><a style=\"color: #0000ff;\" href=\"https:\/\/calabria7.it\/rinascita-scott-il-pentito-e-i-legami-con-il-narcos-albanese-protetto-da-un-ministro-corrotto\/\">Mediat italiane<\/a><\/span> kan\u00eb publikuar d\u00ebshmin\u00eb e nj\u00eb shtetasi italian i arrestuar p\u00ebr trafik arm\u00ebsh, dhe droge duke zbuluar lidhjet e mafies shqiptare me at\u00eb italiane.<\/span><\/p>\n<p style=\"text-align: justify;\"><span style=\"color: #000000;\">Ai rr\u00ebfen se si nj\u00eb minist\u00ebr shqiptar ofronte mb\u00ebshtetje p\u00ebr trafikun e drog\u00ebs.<\/span><\/p>\n<p style=\"text-align: justify;\"><span style=\"color: #000000;\">Sip\u00ebrmarr\u00ebsi i Vibo Marina, tashm\u00eb nj\u00eb bashk\u00ebpun\u00ebtor i drejt\u00ebsis\u00eb, tha se ishte Valerio Navarra lidhja mes trafikant\u00ebve shqiptar\u00eb dhe mafioz\u00ebve italian\u00eb (i cil\u00ebsuar nga hetuesit njeri i af\u00ebrt me bosin e Ndragetas n\u00eb Zungri, Antonio Giuseppe Accorinti).\u00a0 Prokuror\u00ebt kan\u00eb mundur t\u00eb zbulojn\u00eb kontaktet q\u00eb kishte 53-vje\u00e7ari me dy drejtues t\u00eb \u2018Ndrangheta del Vibonese\u2019 por edhe me trafikant\u00ebt e arm\u00ebve dhe drog\u00ebs. Navarra\u2013 si\u00e7 raporton i penduari \u2013kishte kontakte me subjektet shqiptare.<\/span><\/p>\n<p style=\"text-align: justify;\"><span style=\"color: #000000;\">Duke folur p\u00ebr drog\u00ebn dhe l\u00ebnd\u00ebt narkotike, Guastalegname citon disa her\u00eb dhe dallon n\u00eb albumin fotografik q\u00eb i shfaqet Valerio Navarran, i konsideruar nga hetuesit si shum\u00eb i af\u00ebrt me bosin e Zungri, Antonio Giuseppe Accorinti, nj\u00eb vendas nga Vibonese, por q\u00eb u shp\u00ebrngul n\u00eb Toskan\u00eb.<\/span><\/p>\n<p style=\"text-align: justify;\"><span style=\"color: #000000;\">\u201c<em>Navarra<\/em> &#8211; si\u00e7 rr\u00ebfen i penduari &#8211; <em>kishte kontakte me subjektet shqiptare<\/em>\u201d. \u201c<em>Ky i fundit kishte mb\u00ebshtetjen e qeveris\u00eb shqiptare, n\u00ebse m\u00eb kujtohet mir\u00eb subjekti i korruptuar ishte ministri i Drejt\u00ebsis\u00eb ose i Brendsh\u00ebm ose n\u00eb \u00e7do rast nj\u00eb figur\u00eb e r\u00ebnd\u00ebsishme politike shqiptare<\/em>\u201d-thot\u00eb ai.<\/span><\/p>\n<p style=\"text-align: justify;\"><span style=\"color: #000000;\">Nj\u00eb lidhje q\u00eb bashk\u00ebpun\u00ebtori i drejt\u00ebsis\u00eb thot\u00eb se e ka m\u00ebsuar nga nj\u00eb Eduard ose Robert n\u00eb nj\u00eb udh\u00ebtim n\u00eb Firence-Bolonj\u00eb.<\/span><\/p>\n<p style=\"text-align: justify;\"><span style=\"color: #000000;\">&#8220;<em>M\u00eb propozoi q\u00eb t\u00eb shisja mallin e tyre direkt, pa nd\u00ebrmjet\u00ebs, n\u00eb Ppiemonte dhe p\u00ebr t\u00eb m\u00eb joshur theksoi leht\u00ebsin\u00eb me t\u00eb cil\u00ebn ata mund t\u00eb organizonin importet e l\u00ebnd\u00ebs narkotike duke u mb\u00ebshtetur n\u00eb &#8216;mb\u00ebshtetjen e qeveris\u00eb shqiptare&#8217; (shprehja e tij) n\u00eb saj\u00eb t\u00eb s\u00eb cil\u00ebs ata mund t\u00eb trafikonin sasi t\u00eb m\u00ebdha pa frik\u00ebn e kontrolleve<\/em>\u201d-vijon ai.<\/span><\/p>\n<p style=\"text-align: justify;\"><span style=\"color: #000000;\">P\u00ebr hetuesit do t\u00eb ishte Robert Lazaj, i lindur n\u00eb Shqip\u00ebri n\u00eb vitin 1972. T\u00eb nj\u00ebjtin Guastalegname e njeh nga fotografit\u00eb.<\/span><\/p>\n<p style=\"text-align: justify;\"><span style=\"color: #000000;\">\u201c<em>Konfirmoj se ky \u00ebsht\u00eb personi t\u00eb cilit i referohesha dhe \u00ebsht\u00eb i af\u00ebrm i ministrit t\u00eb qeveris\u00eb shqiptare. t\u00eb cil\u00ebt siguruan mbulim n\u00eb k\u00ebto tregti<\/em>\u201d n\u00ebnvizon ai.<\/span><\/p>\n","protected":false,"gt_translate_keys":[{"key":"rendered","format":"html"}]},"excerpt":{"rendered":"<p>Mediat italiane kan\u00eb publikuar d\u00ebshmin\u00eb e nj\u00eb shtetasi italian i arrestuar p\u00ebr trafik arm\u00ebsh, dhe droge duke zbuluar lidhjet e mafies shqiptare me at\u00eb italiane. Ai rr\u00ebfen se si nj\u00eb minist\u00ebr shqiptar ofronte mb\u00ebshtetje p\u00ebr trafikun e drog\u00ebs. Sip\u00ebrmarr\u00ebsi i Vibo Marina, tashm\u00eb nj\u00eb bashk\u00ebpun\u00ebtor i drejt\u00ebsis\u00eb, tha se ishte Valerio Navarra lidhja mes trafikant\u00ebve [&hellip;]<\/p>\n","protected":false,"gt_translate_keys":[{"key":"rendered","format":"html"}]},"author":32,"featured_media":521730,"comment_status":"closed","ping_status":"closed","sticky":false,"template":"","format":"standard","meta":{"footnotes":""},"categories":[22,65,13],"tags":[],"class_list":["post-521724","post","type-post","status-publish","format-standard","has-post-thumbnail","hentry","category-ballina","category-lajme","category-te-fundit"],"gt_translate_keys":[{"key":"link","format":"url"}],"_links":{"self":[{"href":"https:\/\/www.hashtag.al\/index.php\/wp-json\/wp\/v2\/posts\/521724","targetHints":{"allow":["GET"]}}],"collection":[{"href":"https:\/\/www.hashtag.al\/index.php\/wp-json\/wp\/v2\/posts"}],"about":[{"href":"https:\/\/www.hashtag.al\/index.php\/wp-json\/wp\/v2\/types\/post"}],"author":[{"embeddable":true,"href":"https:\/\/www.hashtag.al\/index.php\/wp-json\/wp\/v2\/users\/32"}],"replies":[{"embeddable":true,"href":"https:\/\/www.hashtag.al\/index.php\/wp-json\/wp\/v2\/comments?post=521724"}],"version-history":[{"count":0,"href":"https:\/\/www.hashtag.al\/index.php\/wp-json\/wp\/v2\/posts\/521724\/revisions"}],"wp:featuredmedia":[{"embeddable":true,"href":"https:\/\/www.hashtag.al\/index.php\/wp-json\/wp\/v2\/media\/521730"}],"wp:attachment":[{"href":"https:\/\/www.hashtag.al\/index.php\/wp-json\/wp\/v2\/media?parent=521724"}],"wp:term":[{"taxonomy":"category","embeddable":true,"href":"https:\/\/www.hashtag.al\/index.php\/wp-json\/wp\/v2\/categories?post=521724"},{"taxonomy":"post_tag","embeddable":true,"href":"https:\/\/www.hashtag.al\/index.php\/wp-json\/wp\/v2\/tags?post=521724"}],"curies":[{"name":"wp","href":"https:\/\/api.w.org\/{rel}","templated":true}]}}