{"id":521706,"date":"2022-05-04T10:57:14","date_gmt":"2022-05-04T08:57:14","guid":{"rendered":"https:\/\/www.hashtag.al\/?p=521706"},"modified":"2022-05-04T10:57:14","modified_gmt":"2022-05-04T08:57:14","slug":"protesta-per-rrugen-e-rinasit-policia-kordon-per-te-liruar-qarkullimin-banoret-zhvendosen-drejt-shkolles","status":"publish","type":"post","link":"https:\/\/www.hashtag.al\/index.php\/2022\/05\/04\/protesta-per-rrugen-e-rinasit-policia-kordon-per-te-liruar-qarkullimin-banoret-zhvendosen-drejt-shkolles\/","title":{"rendered":"Protesta p\u00ebr rrug\u00ebn e Rinasit, policia kordon p\u00ebr t\u00eb liruar qarkullimin, banor\u00ebt zhvendosen drejt shkoll\u00ebs","gt_translate_keys":[{"key":"rendered","format":"text"}]},"content":{"rendered":"<p style=\"text-align: justify;\"><span style=\"color: #000000;\"><img loading=\"lazy\" decoding=\"async\" class=\"aligncenter size-full wp-image-521700\" src=\"https:\/\/www.hashtag.al\/wp-content\/uploads\/2022\/05\/protesta-ne-rinas-770x380-1.jpg\" alt=\"\" width=\"770\" height=\"380\" srcset=\"https:\/\/www.hashtag.al\/wp-content\/uploads\/2022\/05\/protesta-ne-rinas-770x380-1.jpg 770w, https:\/\/www.hashtag.al\/wp-content\/uploads\/2022\/05\/protesta-ne-rinas-770x380-1-300x148.jpg 300w, https:\/\/www.hashtag.al\/wp-content\/uploads\/2022\/05\/protesta-ne-rinas-770x380-1-768x379.jpg 768w\" sizes=\"auto, (max-width: 770px) 100vw, 770px\" \/>Banor\u00ebt e Rinasit kan\u00eb dal\u00eb s\u00ebrish n\u00eb protest\u00eb. Ata kan\u00eb bllokuar rrethrrotullimin pran\u00eb aeroportit t\u00eb Rinasit, duke e p\u00ebrshkall\u00ebzuar k\u00ebshtu protest\u00ebn dhe duke krijuar m\u00eb tep\u00ebr problematik\u00eb n\u00eb qarkullim.<\/span><\/p>\n<p style=\"text-align: justify;\"><span style=\"color: #000000;\">Ata shprehen kund\u00ebr ndryshimit t\u00eb sensit t\u00eb l\u00ebvizjes pasi p\u00ebr t\u00eb sjell problematika t\u00eb shumta.<\/span><\/p>\n<p style=\"text-align: justify;\"><span style=\"color: #000000;\">Ata k\u00ebrkojn\u00eb q\u00eb ARRSH t\u00eb ndryshoj\u00eb vendimin p\u00ebr kthimin e k\u00ebsaj rruge me nj\u00eb sens l\u00ebvizje pasi ka penalizuar jet\u00ebn e p\u00ebrditshme dhe nevojat e tyre bazike p\u00ebr t\u00eb aksesuar shkollat, qendrat sh\u00ebndet\u00ebsore apo tokat bujq\u00ebsore.<\/span><\/p>\n<p style=\"text-align: justify;\"><span style=\"color: #000000;\"><em>&#8220;Nuk na bind deklarata e ARRSH. T\u00eb vijn\u00eb k\u00ebtu ata dhe ta shohin sa kalohet te rrug\u00ebt e lagjeve. Ne duam t\u00eb hapet rruga si\u00e7 ishte&#8221;, thot\u00eb nj\u00eb nga banor\u00ebt.<\/em><\/span><\/p>\n<p style=\"text-align: justify;\"><span style=\"color: #000000;\"><em>\u201cNuk k\u00ebrkojm\u00eb luks, k\u00ebrkojm\u00eb t\u00eb l\u00ebvizim brenda p\u00ebr brenda fshatit. Duam t\u00eb \u00e7ojm\u00eb f\u00ebmij\u00ebt n\u00eb shkoll\u00eb, nuk shkojm\u00eb dot. \u00c7do dit\u00eb do dalim n\u00eb rrug\u00eb deri sa t\u00eb na gjejn\u00eb zgjidhje. Nuk shkojm\u00eb dot tek tokat tona, prind\u00ebrit ton\u00eb nuk shkojn\u00eb dot t\u00eb b\u00ebjn\u00eb nj\u00eb gjilp\u00ebr\u00eb n\u00eb ambulanc\u00eb. K\u00ebrkojm\u00eb t\u00eb l\u00ebvizim brenda p\u00ebr brenda fshatit\u201d, shprehet nj\u00eb tjet\u00ebr.<\/em><\/span><\/p>\n<p style=\"text-align: justify;\"><span style=\"color: #000000;\">Forcat e policis\u00eb kan\u00eb shkruar n\u00eb protest\u00eb dhe kan\u00eb krijuar dy kordon\u00eb p\u00ebr t\u00eb penguar protestuesit p\u00ebr t\u00eb mos bllokuar qarkullimin e \u00a0automjeteve drejt hyrjes s\u00eb aeroportit nd\u00ebrkomb\u00ebtar\u00eb, pasi kjo do t\u00eb sillte kolaps.<\/span><\/p>\n<p style=\"text-align: justify;\"><span style=\"color: #000000;\">Banor\u00ebt kan\u00eb marr\u00eb leje p\u00ebr k\u00ebt\u00eb protest\u00eb deri n\u00eb or\u00ebn 12:00, nd\u00ebrsa thon\u00eb se do t\u00eb dalin \u00e7do dit\u00eb deri sa ky problem t\u00eb marr\u00eb zgjidhje.<\/span><\/p>\n<p style=\"text-align: justify;\"><span style=\"color: #000000;\">Sakaq, banor\u00ebt kan\u00eb nisur t\u00eb l\u00ebvizin n\u00eb drejtim t\u00eb shkoll\u00ebs s\u00eb Rinasit, p\u00ebr t\u00eb d\u00ebshmuar para mediave dhe situat\u00ebn me t\u00eb cil\u00ebn ata po p\u00ebrballen n\u00eb k\u00ebto tre dit\u00eb q\u00eb rruga \u00ebsht\u00eb kthyer me nj\u00eb sesn l\u00ebvizjeje.<\/span><\/p>\n<p style=\"text-align: justify;\"><span style=\"color: #000000;\"><img loading=\"lazy\" decoding=\"async\" class=\"aligncenter size-full wp-image-521707\" src=\"https:\/\/www.hashtag.al\/wp-content\/uploads\/2022\/05\/1651653607_rinas3.jpeg\" alt=\"\" width=\"1599\" height=\"899\" srcset=\"https:\/\/www.hashtag.al\/wp-content\/uploads\/2022\/05\/1651653607_rinas3.jpeg 1599w, https:\/\/www.hashtag.al\/wp-content\/uploads\/2022\/05\/1651653607_rinas3-300x169.jpeg 300w, https:\/\/www.hashtag.al\/wp-content\/uploads\/2022\/05\/1651653607_rinas3-1024x576.jpeg 1024w, https:\/\/www.hashtag.al\/wp-content\/uploads\/2022\/05\/1651653607_rinas3-768x432.jpeg 768w, https:\/\/www.hashtag.al\/wp-content\/uploads\/2022\/05\/1651653607_rinas3-1536x864.jpeg 1536w\" sizes=\"auto, (max-width: 1599px) 100vw, 1599px\" \/><\/span><\/p>\n","protected":false,"gt_translate_keys":[{"key":"rendered","format":"html"}]},"excerpt":{"rendered":"<p>Banor\u00ebt e Rinasit kan\u00eb dal\u00eb s\u00ebrish n\u00eb protest\u00eb. Ata kan\u00eb bllokuar rrethrrotullimin pran\u00eb aeroportit t\u00eb Rinasit, duke e p\u00ebrshkall\u00ebzuar k\u00ebshtu protest\u00ebn dhe duke krijuar m\u00eb tep\u00ebr problematik\u00eb n\u00eb qarkullim. Ata shprehen kund\u00ebr ndryshimit t\u00eb sensit t\u00eb l\u00ebvizjes pasi p\u00ebr t\u00eb sjell problematika t\u00eb shumta. Ata k\u00ebrkojn\u00eb q\u00eb ARRSH t\u00eb ndryshoj\u00eb vendimin p\u00ebr kthimin e k\u00ebsaj [&hellip;]<\/p>\n","protected":false,"gt_translate_keys":[{"key":"rendered","format":"html"}]},"author":32,"featured_media":521707,"comment_status":"closed","ping_status":"closed","sticky":false,"template":"","format":"standard","meta":{"footnotes":""},"categories":[65,13],"tags":[],"class_list":["post-521706","post","type-post","status-publish","format-standard","has-post-thumbnail","hentry","category-lajme","category-te-fundit"],"gt_translate_keys":[{"key":"link","format":"url"}],"_links":{"self":[{"href":"https:\/\/www.hashtag.al\/index.php\/wp-json\/wp\/v2\/posts\/521706","targetHints":{"allow":["GET"]}}],"collection":[{"href":"https:\/\/www.hashtag.al\/index.php\/wp-json\/wp\/v2\/posts"}],"about":[{"href":"https:\/\/www.hashtag.al\/index.php\/wp-json\/wp\/v2\/types\/post"}],"author":[{"embeddable":true,"href":"https:\/\/www.hashtag.al\/index.php\/wp-json\/wp\/v2\/users\/32"}],"replies":[{"embeddable":true,"href":"https:\/\/www.hashtag.al\/index.php\/wp-json\/wp\/v2\/comments?post=521706"}],"version-history":[{"count":0,"href":"https:\/\/www.hashtag.al\/index.php\/wp-json\/wp\/v2\/posts\/521706\/revisions"}],"wp:featuredmedia":[{"embeddable":true,"href":"https:\/\/www.hashtag.al\/index.php\/wp-json\/wp\/v2\/media\/521707"}],"wp:attachment":[{"href":"https:\/\/www.hashtag.al\/index.php\/wp-json\/wp\/v2\/media?parent=521706"}],"wp:term":[{"taxonomy":"category","embeddable":true,"href":"https:\/\/www.hashtag.al\/index.php\/wp-json\/wp\/v2\/categories?post=521706"},{"taxonomy":"post_tag","embeddable":true,"href":"https:\/\/www.hashtag.al\/index.php\/wp-json\/wp\/v2\/tags?post=521706"}],"curies":[{"name":"wp","href":"https:\/\/api.w.org\/{rel}","templated":true}]}}