{"id":521422,"date":"2022-05-02T22:06:42","date_gmt":"2022-05-02T20:06:42","guid":{"rendered":"https:\/\/www.hashtag.al\/?p=521422"},"modified":"2022-05-02T22:09:32","modified_gmt":"2022-05-02T20:09:32","slug":"objektivat-neo-konservatore","status":"publish","type":"post","link":"https:\/\/www.hashtag.al\/index.php\/2022\/05\/02\/objektivat-neo-konservatore\/","title":{"rendered":"Objektivat neo-konservatore","gt_translate_keys":[{"key":"rendered","format":"text"}]},"content":{"rendered":"<p style=\"text-align: justify;\"><span style=\"color: #000000;\"><strong><img loading=\"lazy\" decoding=\"async\" class=\"aligncenter size-full wp-image-521425\" src=\"https:\/\/www.hashtag.al\/wp-content\/uploads\/2022\/05\/oliver-stone.jpg\" alt=\"\" width=\"1600\" height=\"1155\" srcset=\"https:\/\/www.hashtag.al\/wp-content\/uploads\/2022\/05\/oliver-stone.jpg 1600w, https:\/\/www.hashtag.al\/wp-content\/uploads\/2022\/05\/oliver-stone-300x217.jpg 300w, https:\/\/www.hashtag.al\/wp-content\/uploads\/2022\/05\/oliver-stone-1024x739.jpg 1024w, https:\/\/www.hashtag.al\/wp-content\/uploads\/2022\/05\/oliver-stone-768x554.jpg 768w, https:\/\/www.hashtag.al\/wp-content\/uploads\/2022\/05\/oliver-stone-1536x1109.jpg 1536w\" sizes=\"auto, (max-width: 1600px) 100vw, 1600px\" \/><\/strong><\/span><\/p>\n<p style=\"text-align: justify;\"><span style=\"color: #000000;\"><strong>Nga Oliver Stone<\/strong><\/span><\/p>\n<p style=\"text-align: justify;\"><span style=\"color: #000000;\">E kam ndjekur situat\u00ebn n\u00eb Ukrain\u00eb q\u00eb nga viti 2014, me Robert Parry-n n\u00eb krye si m\u00ebsues. Kam ndjekur djegiet n\u00eb Odessa, persekutimin pa t\u00eb drejta ligjore dhe vrasjet e gazetar\u00ebve, kryebashkiak\u00ebve, politikan\u00ebve dhe qytetar\u00ebve. Kam ndjekur ndalimin e partis\u00eb kryesore opozitare, e cila kishte sondazhe m\u00eb t\u00eb larta se qeveria Zelenskyy.<\/span><\/p>\n<p style=\"text-align: justify;\"><span style=\"color: #000000;\">Jam tronditur nga urrejtja e qart\u00eb e shprehur kund\u00ebr pakic\u00ebs ruso-ukrainase. \u00cbsht\u00eb nj\u00eb histori e gjat\u00eb dhe e trishtuar q\u00eb rrjedh nga grushti i shtetit t\u00eb vitit 2014, i bashk\u00eb-inxhinieruar nga SHBA, q\u00eb i hoqi Ukrain\u00ebs neutralitetin dhe e b\u00ebri at\u00eb anti-ruse; N\u00eb tet\u00eb vjet q\u00eb nga ajo koh\u00eb, rreth 14,000 njer\u00ebz t\u00eb pafajsh\u00ebm n\u00eb Ukrain\u00eb jan\u00eb vrar\u00eb, asnj\u00eb prej t\u00eb cil\u00ebve nuk u pasqyrua seriozisht nga mediat tona.<\/span><\/p>\n<p style=\"text-align: justify;\"><span style=\"color: #000000;\">Kam par\u00eb me frik\u00eb n\u00eb rritje gjat\u00eb jav\u00ebve t\u00eb fundit teksa Victoria Nuland doli s\u00ebrish nga bluja, duke paralajm\u00ebruar rus\u00ebt dhe ne &#8212; audienca e synuar &#8212; se n\u00ebse rus\u00ebt p\u00ebrdorin nj\u00eb pajisje b\u00ebrthamore t\u00eb \u00e7far\u00ebdo lloji, do e paguanin n\u00eb ferr. Kjo u kap shpejt nga nj\u00eb mori zyrtar\u00ebsh t\u00eb administrat\u00ebs dhe kanaleve televizive n\u00eb dit\u00ebt n\u00eb vijim, duke p\u00ebrforcuar t\u00eb nj\u00ebjt\u00ebn ide &#8212; Rusia do p\u00ebrdori arm\u00ebt b\u00ebrthamore. E gjith\u00eb kjo vjen p\u00ebr shkak t\u00eb rideklarimit t\u00eb politik\u00ebs b\u00ebrthamore t\u00eb Rusis\u00eb nga Putin, e cila me q\u00eb ra fjala nuk \u00ebsht\u00eb aq agresive sa sjellja jon\u00eb b\u00ebrthamore. Kjo m\u00eb b\u00ebri t\u00eb pyes veten, pse ta p\u00ebrs\u00ebris k\u00ebt\u00eb pa pushim? S\u00eb pari, ishin t\u00eb gjitha akuzat p\u00ebr krime lufte q\u00eb erdh\u00ebn shpejt dhe furish\u00ebm dhe kishin nevoj\u00eb p\u00ebr hetime dhe prova serioze.<\/span><\/p>\n<p style=\"text-align: justify;\"><span style=\"color: #000000;\"><img loading=\"lazy\" decoding=\"async\" class=\"aligncenter size-full wp-image-521427\" src=\"https:\/\/www.hashtag.al\/wp-content\/uploads\/2022\/05\/putin-zelensku.jpg\" alt=\"\" width=\"1920\" height=\"1079\" srcset=\"https:\/\/www.hashtag.al\/wp-content\/uploads\/2022\/05\/putin-zelensku.jpg 1920w, https:\/\/www.hashtag.al\/wp-content\/uploads\/2022\/05\/putin-zelensku-300x169.jpg 300w, https:\/\/www.hashtag.al\/wp-content\/uploads\/2022\/05\/putin-zelensku-1024x575.jpg 1024w, https:\/\/www.hashtag.al\/wp-content\/uploads\/2022\/05\/putin-zelensku-768x432.jpg 768w, https:\/\/www.hashtag.al\/wp-content\/uploads\/2022\/05\/putin-zelensku-1536x863.jpg 1536w\" sizes=\"auto, (max-width: 1920px) 100vw, 1920px\" \/><\/span><\/p>\n<p style=\"text-align: justify;\"><span style=\"color: #000000;\">Si rezultat, pyes veten n\u00ebse SHBA po p\u00ebrgatit sken\u00ebn p\u00ebr nj\u00eb shp\u00ebrthim b\u00ebrthamor me rendiment t\u00eb ul\u00ebt, me origjin\u00eb t\u00eb panjohur, diku n\u00eb rajonin e Donbass, duke vrar\u00eb mij\u00ebra ukrainas? Sigurisht, n\u00ebse kjo do t\u00eb ndodhte, Zoti na ruajt, t\u00eb gjith\u00eb syt\u00eb e bot\u00ebs do t\u00eb rrotulloheshin, si nj\u00eb qen Pavlov, p\u00ebr t\u00eb faj\u00ebsuar Rusin\u00eb. Ai faj \u00ebsht\u00eb vendosur tashm\u00eb paraprakisht, pavar\u00ebsisht se kush e ka l\u00ebshuar pajisjen. Ky p\u00ebrdorim sigurisht q\u00eb do t\u00eb ndikonte n\u00eb 50% e mbetur t\u00eb opinionit bot\u00ebror, i cili nuk \u00ebsht\u00eb n\u00eb kampin per\u00ebndimor. Rusia do t\u00eb ishte Satani, Beelzebub. Mbani n\u00eb mend, \u00ebsht\u00eb e v\u00ebshtir\u00eb t\u00eb dihet se nga \u00ebsht\u00eb gjuajtur nj\u00eb pajisje b\u00ebrthamore, ve\u00e7an\u00ebrisht n\u00eb nj\u00eb situat\u00eb t\u00eb shpejt\u00eb si kjo luft\u00eb, n\u00eb t\u00eb cil\u00ebn duket se Rusia mund t\u00eb akuzohet p\u00ebr \u00e7do sjellje, pavar\u00ebsisht se sa absurde. Ndoshta do t\u00eb duheshin disa dit\u00eb p\u00ebr t\u00eb zbuluar t\u00eb v\u00ebrtet\u00ebn, por e v\u00ebrteta nuk \u00ebsht\u00eb e r\u00ebnd\u00ebsishme. Perceptim \u00ebsht\u00eb, dhe SHBA po drejton nj\u00eb luft\u00eb perceptimi me aft\u00ebsi t\u00eb m\u00ebdha dhe forc\u00eb t\u00eb hapur, duke ngopur val\u00ebt e CNN\/Fox dhe vendet tona satelitore n\u00eb Evrop\u00eb dhe Azi, si\u00e7 nuk e kam par\u00eb kurr\u00eb m\u00eb par\u00eb.<\/span><\/p>\n<p style=\"text-align: justify;\"><span style=\"color: #000000;\">Duke b\u00ebr\u00eb k\u00ebt\u00eb, ne do t\u00eb ishim nj\u00eb hap m\u00eb af\u00ebr p\u00ebr t\u00eb marr\u00eb at\u00eb q\u00eb shpresojm\u00eb t\u00eb jet\u00eb nj\u00eb tjet\u00ebr Yeltsin, i cili mund t\u00eb krijoj\u00eb p\u00ebr vendin ton\u00eb nj\u00eb tjet\u00ebr mund\u00ebsi t\u00eb madhe ideologjike dhe biznesi. Por, m\u00eb e r\u00ebnd\u00ebsishmja, n\u00eb ujdi, izolimi i Kin\u00ebs nga Rusia. Sigurisht, Kina do t\u00eb ishte objektivi i radh\u00ebs n\u00ebse Rusia bie. Ky, besoj, \u00ebsht\u00eb skenari i \u00ebndrrave t\u00eb anarkist\u00ebve neokonservator\u00eb n\u00eb qeverin\u00eb ton\u00eb p\u00ebr ta b\u00ebr\u00eb at\u00eb q\u00eb ata e konsiderojn\u00eb nj\u00eb &#8220;bot\u00eb t\u00eb bazuar n\u00eb rregulla&#8221; m\u00eb t\u00eb mir\u00eb.<\/span><\/p>\n","protected":false,"gt_translate_keys":[{"key":"rendered","format":"html"}]},"excerpt":{"rendered":"<p>Nga Oliver Stone E kam ndjekur situat\u00ebn n\u00eb Ukrain\u00eb q\u00eb nga viti 2014, me Robert Parry-n n\u00eb krye si m\u00ebsues. Kam ndjekur djegiet n\u00eb Odessa, persekutimin pa t\u00eb drejta ligjore dhe vrasjet e gazetar\u00ebve, kryebashkiak\u00ebve, politikan\u00ebve dhe qytetar\u00ebve. Kam ndjekur ndalimin e partis\u00eb kryesore opozitare, e cila kishte sondazhe m\u00eb t\u00eb larta se qeveria Zelenskyy. [&hellip;]<\/p>\n","protected":false,"gt_translate_keys":[{"key":"rendered","format":"html"}]},"author":32,"featured_media":521425,"comment_status":"closed","ping_status":"closed","sticky":false,"template":"","format":"standard","meta":{"footnotes":""},"categories":[23,13],"tags":[],"class_list":["post-521422","post","type-post","status-publish","format-standard","has-post-thumbnail","hentry","category-editorial","category-te-fundit"],"gt_translate_keys":[{"key":"link","format":"url"}],"_links":{"self":[{"href":"https:\/\/www.hashtag.al\/index.php\/wp-json\/wp\/v2\/posts\/521422","targetHints":{"allow":["GET"]}}],"collection":[{"href":"https:\/\/www.hashtag.al\/index.php\/wp-json\/wp\/v2\/posts"}],"about":[{"href":"https:\/\/www.hashtag.al\/index.php\/wp-json\/wp\/v2\/types\/post"}],"author":[{"embeddable":true,"href":"https:\/\/www.hashtag.al\/index.php\/wp-json\/wp\/v2\/users\/32"}],"replies":[{"embeddable":true,"href":"https:\/\/www.hashtag.al\/index.php\/wp-json\/wp\/v2\/comments?post=521422"}],"version-history":[{"count":0,"href":"https:\/\/www.hashtag.al\/index.php\/wp-json\/wp\/v2\/posts\/521422\/revisions"}],"wp:featuredmedia":[{"embeddable":true,"href":"https:\/\/www.hashtag.al\/index.php\/wp-json\/wp\/v2\/media\/521425"}],"wp:attachment":[{"href":"https:\/\/www.hashtag.al\/index.php\/wp-json\/wp\/v2\/media?parent=521422"}],"wp:term":[{"taxonomy":"category","embeddable":true,"href":"https:\/\/www.hashtag.al\/index.php\/wp-json\/wp\/v2\/categories?post=521422"},{"taxonomy":"post_tag","embeddable":true,"href":"https:\/\/www.hashtag.al\/index.php\/wp-json\/wp\/v2\/tags?post=521422"}],"curies":[{"name":"wp","href":"https:\/\/api.w.org\/{rel}","templated":true}]}}