{"id":521095,"date":"2022-05-01T09:10:47","date_gmt":"2022-05-01T07:10:47","guid":{"rendered":"https:\/\/www.hashtag.al\/?p=521095"},"modified":"2022-05-01T09:10:47","modified_gmt":"2022-05-01T07:10:47","slug":"rama-falenderon-punetoret-qe-bene-realitet-rindertimin-per-1-majin","status":"publish","type":"post","link":"https:\/\/www.hashtag.al\/index.php\/2022\/05\/01\/rama-falenderon-punetoret-qe-bene-realitet-rindertimin-per-1-majin\/","title":{"rendered":"Rama fal\u00ebnderon pun\u00ebtor\u00ebt q\u00eb b\u00ebn\u00eb realitet rind\u00ebrtimin p\u00ebr 1 Majin","gt_translate_keys":[{"key":"rendered","format":"text"}]},"content":{"rendered":"<p style=\"text-align: justify;\"><span style=\"color: #000000;\"><img loading=\"lazy\" decoding=\"async\" class=\"aligncenter size-full wp-image-521096\" src=\"https:\/\/www.hashtag.al\/wp-content\/uploads\/2022\/05\/rama-punonjesit.jpg\" alt=\"\" width=\"1600\" height=\"900\" srcset=\"https:\/\/www.hashtag.al\/wp-content\/uploads\/2022\/05\/rama-punonjesit.jpg 1600w, https:\/\/www.hashtag.al\/wp-content\/uploads\/2022\/05\/rama-punonjesit-300x169.jpg 300w, https:\/\/www.hashtag.al\/wp-content\/uploads\/2022\/05\/rama-punonjesit-1024x576.jpg 1024w, https:\/\/www.hashtag.al\/wp-content\/uploads\/2022\/05\/rama-punonjesit-768x432.jpg 768w, https:\/\/www.hashtag.al\/wp-content\/uploads\/2022\/05\/rama-punonjesit-1536x864.jpg 1536w\" sizes=\"auto, (max-width: 1600px) 100vw, 1600px\" \/><\/span><\/p>\n<p style=\"text-align: justify;\"><span style=\"color: #000000;\">Kryeministri Edi Rama n\u00eb Dit\u00ebn Nd\u00ebrkomb\u00ebtare t\u00eb Pun\u00ebtor\u00ebve ka fal\u00ebnderuar pun\u00ebtor\u00ebt p\u00ebr realizimin e projekteve t\u00eb rind\u00ebrtimit.<\/span><\/p>\n<p style=\"text-align: justify;\"><span style=\"color: #000000;\">\u201c<em>Mir\u00eb m\u00ebngjes dhe me fal\u00ebnderimin nga zemra p\u00ebr t\u00eb gjith\u00eb njer\u00ebzit e pun\u00ebs q\u00eb b\u00ebn\u00eb realitet projektin e rind\u00ebrtimit, pa t\u00eb cil\u00ebt nuk do mund t\u2019u kthenim dot buz\u00ebqeshjet familjeve t\u00eb prekura, ju uroj t\u00eb diel t\u00eb qet\u00eb<\/em>\u201d, shkruan kryeministri Rama.<\/span><\/p>\n<p><iframe loading=\"lazy\" style=\"border: none; overflow: hidden;\" src=\"https:\/\/www.facebook.com\/plugins\/post.php?href=https%3A%2F%2Fwww.facebook.com%2Fediramaal%2Fposts%2F538435267652139&amp;show_text=true&amp;width=500\" width=\"500\" height=\"735\" frameborder=\"0\" scrolling=\"no\" allowfullscreen=\"allowfullscreen\"><\/iframe><\/p>\n","protected":false,"gt_translate_keys":[{"key":"rendered","format":"html"}]},"excerpt":{"rendered":"<p>Kryeministri Edi Rama n\u00eb Dit\u00ebn Nd\u00ebrkomb\u00ebtare t\u00eb Pun\u00ebtor\u00ebve ka fal\u00ebnderuar pun\u00ebtor\u00ebt p\u00ebr realizimin e projekteve t\u00eb rind\u00ebrtimit. \u201cMir\u00eb m\u00ebngjes dhe me fal\u00ebnderimin nga zemra p\u00ebr t\u00eb gjith\u00eb njer\u00ebzit e pun\u00ebs q\u00eb b\u00ebn\u00eb realitet projektin e rind\u00ebrtimit, pa t\u00eb cil\u00ebt nuk do mund t\u2019u kthenim dot buz\u00ebqeshjet familjeve t\u00eb prekura, ju uroj t\u00eb diel t\u00eb qet\u00eb\u201d, [&hellip;]<\/p>\n","protected":false,"gt_translate_keys":[{"key":"rendered","format":"html"}]},"author":32,"featured_media":521096,"comment_status":"closed","ping_status":"closed","sticky":false,"template":"","format":"standard","meta":{"footnotes":""},"categories":[65,13],"tags":[],"class_list":["post-521095","post","type-post","status-publish","format-standard","has-post-thumbnail","hentry","category-lajme","category-te-fundit"],"gt_translate_keys":[{"key":"link","format":"url"}],"_links":{"self":[{"href":"https:\/\/www.hashtag.al\/index.php\/wp-json\/wp\/v2\/posts\/521095","targetHints":{"allow":["GET"]}}],"collection":[{"href":"https:\/\/www.hashtag.al\/index.php\/wp-json\/wp\/v2\/posts"}],"about":[{"href":"https:\/\/www.hashtag.al\/index.php\/wp-json\/wp\/v2\/types\/post"}],"author":[{"embeddable":true,"href":"https:\/\/www.hashtag.al\/index.php\/wp-json\/wp\/v2\/users\/32"}],"replies":[{"embeddable":true,"href":"https:\/\/www.hashtag.al\/index.php\/wp-json\/wp\/v2\/comments?post=521095"}],"version-history":[{"count":0,"href":"https:\/\/www.hashtag.al\/index.php\/wp-json\/wp\/v2\/posts\/521095\/revisions"}],"wp:featuredmedia":[{"embeddable":true,"href":"https:\/\/www.hashtag.al\/index.php\/wp-json\/wp\/v2\/media\/521096"}],"wp:attachment":[{"href":"https:\/\/www.hashtag.al\/index.php\/wp-json\/wp\/v2\/media?parent=521095"}],"wp:term":[{"taxonomy":"category","embeddable":true,"href":"https:\/\/www.hashtag.al\/index.php\/wp-json\/wp\/v2\/categories?post=521095"},{"taxonomy":"post_tag","embeddable":true,"href":"https:\/\/www.hashtag.al\/index.php\/wp-json\/wp\/v2\/tags?post=521095"}],"curies":[{"name":"wp","href":"https:\/\/api.w.org\/{rel}","templated":true}]}}