{"id":520911,"date":"2022-04-30T10:39:43","date_gmt":"2022-04-30T08:39:43","guid":{"rendered":"https:\/\/www.hashtag.al\/?p=520911"},"modified":"2022-04-30T10:39:43","modified_gmt":"2022-04-30T08:39:43","slug":"jozefina-topalli-rikthehet-ne-pd-sot-eshte-dita-per-te-bere-kthesen-prandaj-jam-ketu","status":"publish","type":"post","link":"https:\/\/www.hashtag.al\/index.php\/2022\/04\/30\/jozefina-topalli-rikthehet-ne-pd-sot-eshte-dita-per-te-bere-kthesen-prandaj-jam-ketu\/","title":{"rendered":"Jozefina Topalli rikthehet n\u00eb PD: Sot \u00ebsht\u00eb dita p\u00ebr t\u00eb b\u00ebr\u00eb kthes\u00ebn, prandaj jam k\u00ebtu","gt_translate_keys":[{"key":"rendered","format":"text"}]},"content":{"rendered":"<p><span style=\"color: #000000;\"><a href=\"https:\/\/www.hashtag.al\/wp-content\/uploads\/2022\/04\/tt.jpg\"><img loading=\"lazy\" decoding=\"async\" class=\"aligncenter size-full wp-image-520912\" src=\"https:\/\/www.hashtag.al\/wp-content\/uploads\/2022\/04\/tt.jpg\" alt=\"\" width=\"756\" height=\"361\" srcset=\"https:\/\/www.hashtag.al\/wp-content\/uploads\/2022\/04\/tt.jpg 756w, https:\/\/www.hashtag.al\/wp-content\/uploads\/2022\/04\/tt-300x143.jpg 300w\" sizes=\"auto, (max-width: 756px) 100vw, 756px\" \/><\/a><\/span><\/p>\n<p><span style=\"color: #000000;\">Ish-kryeparlamentarja Jozefina Topalli i \u00ebsht\u00eb bashkuar Kuvendit Komb\u00ebtar t\u00eb Partis\u00eb Demokratike q\u00eb po mbahet sot n\u00eb Pallatin e Kongreseve.<\/span><\/p>\n<p><span style=\"color: #000000;\">Ajo foli n\u00eb nj\u00eb prononcim p\u00ebr mediat ku theksoi se vendi ka nevoj\u00eb p\u00ebr opozit\u00eb reale.<\/span><\/p>\n<p><em><span style=\"color: #000000;\">&#8220;Kurr\u00eb m\u00eb shum\u00eb se sot vendi nuk ka pasur nevoj\u00eb p\u00ebr opozit\u00eb reale dhe opozit\u00eb t\u00eb v\u00ebrtet\u00eb. Ne duhet t\u2019u rikthemi vlerave dhe pushtetit moral. Opozita duhej t\u00eb ishte pushtet moral. Sot \u00ebsht\u00eb nj\u00eb moment ky\u00e7 kur PD mund t\u00eb kthehet te vlerat e saj.<\/span><\/em><\/p>\n<p><em><span style=\"color: #000000;\">\u00a0Nuk \u00ebsht\u00eb hera e par\u00eb q\u00eb PD \u00ebsht\u00eb gjendur n\u00eb v\u00ebshtir\u00ebsi, por nuk jemi t\u00ebrhequr, pasi kemi besuar. Edhe pa qen\u00eb deputete, pa qen\u00eb n\u00eb PD, njeriu duhet t\u00eb gjej\u00eb forc\u00ebn p\u00ebr t\u00eb th\u00ebn\u00eb t\u00eb v\u00ebrtet\u00ebn. E v\u00ebrteta \u00ebsht\u00eb forca e \u00e7do njeriu.\u00a0E v\u00ebrteta \u00ebsht\u00eb liria e individit. Jemi n\u00eb nj\u00eb koh\u00eb q\u00eb duhet t\u00eb b\u00ebjm\u00eb beteja t\u00eb v\u00ebrteta.<\/span><\/em><\/p>\n<p><em><span style=\"color: #000000;\">E r\u00ebnd\u00ebsishme \u00ebsht\u00eb q\u00eb bashkimi t\u00eb b\u00ebhet mbi vlerat. E kur them mbi vlerat, tek njer\u00ebzit e thjesht\u00eb.<\/span><\/em><\/p>\n<p><span style=\"color: #000000;\"><em>Tek ata q\u00eb k\u00ebrkojn\u00eb nj\u00eb opozit\u00eb reale, jo nj\u00eb opozit\u00eb false. Ky \u00ebsht\u00eb d\u00ebmi m\u00eb i madh, e p\u00ebrs\u00ebris at\u00eb q\u00eb kam th\u00ebn\u00eb prej vitesh, nuk ka d\u00ebm m\u00eb t\u00eb madh p\u00ebr nj\u00eb vend se ta l\u00ebsh pa opozit\u00eb, ose t\u00eb kesh nj\u00eb opozit\u00eb fars\u00eb. Sot \u00ebsht\u00eb dita p\u00ebr t\u00eb b\u00ebr\u00eb kthes\u00ebn dhe prandaj jam sot k\u00ebtu.&#8221;-<\/em> deklaroi Topalli.<\/span><\/p>\n","protected":false,"gt_translate_keys":[{"key":"rendered","format":"html"}]},"excerpt":{"rendered":"<p>Ish-kryeparlamentarja Jozefina Topalli i \u00ebsht\u00eb bashkuar Kuvendit Komb\u00ebtar t\u00eb Partis\u00eb Demokratike q\u00eb po mbahet sot n\u00eb Pallatin e Kongreseve. Ajo foli n\u00eb nj\u00eb prononcim p\u00ebr mediat ku theksoi se vendi ka nevoj\u00eb p\u00ebr opozit\u00eb reale. &#8220;Kurr\u00eb m\u00eb shum\u00eb se sot vendi nuk ka pasur nevoj\u00eb p\u00ebr opozit\u00eb reale dhe opozit\u00eb t\u00eb v\u00ebrtet\u00eb. Ne duhet t\u2019u [&hellip;]<\/p>\n","protected":false,"gt_translate_keys":[{"key":"rendered","format":"html"}]},"author":30,"featured_media":520912,"comment_status":"closed","ping_status":"closed","sticky":false,"template":"","format":"standard","meta":{"footnotes":""},"categories":[65,13],"tags":[],"class_list":["post-520911","post","type-post","status-publish","format-standard","has-post-thumbnail","hentry","category-lajme","category-te-fundit"],"gt_translate_keys":[{"key":"link","format":"url"}],"_links":{"self":[{"href":"https:\/\/www.hashtag.al\/index.php\/wp-json\/wp\/v2\/posts\/520911","targetHints":{"allow":["GET"]}}],"collection":[{"href":"https:\/\/www.hashtag.al\/index.php\/wp-json\/wp\/v2\/posts"}],"about":[{"href":"https:\/\/www.hashtag.al\/index.php\/wp-json\/wp\/v2\/types\/post"}],"author":[{"embeddable":true,"href":"https:\/\/www.hashtag.al\/index.php\/wp-json\/wp\/v2\/users\/30"}],"replies":[{"embeddable":true,"href":"https:\/\/www.hashtag.al\/index.php\/wp-json\/wp\/v2\/comments?post=520911"}],"version-history":[{"count":0,"href":"https:\/\/www.hashtag.al\/index.php\/wp-json\/wp\/v2\/posts\/520911\/revisions"}],"wp:featuredmedia":[{"embeddable":true,"href":"https:\/\/www.hashtag.al\/index.php\/wp-json\/wp\/v2\/media\/520912"}],"wp:attachment":[{"href":"https:\/\/www.hashtag.al\/index.php\/wp-json\/wp\/v2\/media?parent=520911"}],"wp:term":[{"taxonomy":"category","embeddable":true,"href":"https:\/\/www.hashtag.al\/index.php\/wp-json\/wp\/v2\/categories?post=520911"},{"taxonomy":"post_tag","embeddable":true,"href":"https:\/\/www.hashtag.al\/index.php\/wp-json\/wp\/v2\/tags?post=520911"}],"curies":[{"name":"wp","href":"https:\/\/api.w.org\/{rel}","templated":true}]}}