{"id":520829,"date":"2022-04-29T19:40:40","date_gmt":"2022-04-29T17:40:40","guid":{"rendered":"https:\/\/www.hashtag.al\/?p=520829"},"modified":"2022-04-29T19:40:40","modified_gmt":"2022-04-29T17:40:40","slug":"ukraina-i-kerkon-shba-se-2-miliarde-dollare-ne-muaj","status":"publish","type":"post","link":"https:\/\/www.hashtag.al\/index.php\/2022\/04\/29\/ukraina-i-kerkon-shba-se-2-miliarde-dollare-ne-muaj\/","title":{"rendered":"Ukraina i k\u00ebrkon SHBA-s\u00eb 2 miliard\u00eb dollar\u00eb n\u00eb muaj","gt_translate_keys":[{"key":"rendered","format":"text"}]},"content":{"rendered":"<p><span style=\"color: #000000;\"><img loading=\"lazy\" decoding=\"async\" class=\"aligncenter size-full wp-image-520830\" src=\"https:\/\/www.hashtag.al\/wp-content\/uploads\/2022\/04\/ukraine-8.jpg\" alt=\"\" width=\"768\" height=\"432\" srcset=\"https:\/\/www.hashtag.al\/wp-content\/uploads\/2022\/04\/ukraine-8.jpg 768w, https:\/\/www.hashtag.al\/wp-content\/uploads\/2022\/04\/ukraine-8-300x169.jpg 300w\" sizes=\"auto, (max-width: 768px) 100vw, 768px\" \/><\/span><\/p>\n<p><span style=\"color: #000000;\">Ministri i Financave i Ukrain\u00ebs, Sergey Marchenko, ka k\u00ebrkuar t\u00eb pakt\u00ebn 2 miliard\u00eb dollar\u00eb n\u00eb muaj ndihm\u00eb emergjente ekonomike nga qeveria amerikane. Zyrtari zbuloi gjithashtu se Kievi shpreson t\u00eb mbledh\u00eb 3 miliard\u00eb dollar\u00eb shtes\u00eb n\u00eb muaj nga burime t\u00eb tjera.<\/span><\/p>\n<p><span style=\"color: #000000;\">Duke folur p\u00ebr Washington Post, Marchenko tha se Ukraina duhet \u2018t\u00eb mbuloj\u00eb k\u00ebt\u00eb boshll\u00ebk tani p\u00ebr t\u00eb t\u00ebrhequr financat e nevojshme dhe p\u00ebr t\u00eb fituar k\u00ebt\u00eb luft\u00eb\u2019.<\/span><\/p>\n<p><span style=\"color: #000000;\">Gjat\u00eb vizit\u00ebs s\u00eb tij n\u00eb Uashington DC jav\u00ebn e kaluar, Marchenko u takua me nj\u00eb num\u00ebr zyrtar\u00ebsh t\u00eb lart\u00eb amerikan\u00eb, duke i paralajm\u00ebruar ata se n\u00eb munges\u00eb t\u00eb mb\u00ebshtetjes financiare t\u00eb k\u00ebrkuar, Ukraina ka t\u00eb ngjar\u00eb t\u00eb mos jet\u00eb n\u00eb gjendje t\u00eb p\u00ebrballoj\u00eb, si\u00e7 e quajti ai, kriz\u00ebn humanitare t\u00eb shkaktuar nga Rusia. <\/span><\/p>\n<p><span style=\"color: #000000;\">Nj\u00eb total prej 5 miliard\u00eb dollar\u00ebsh n\u00eb muaj nevojiten p\u00ebr t\u00eb mbuluar nevojat imediate t\u00eb Ukrain\u00ebs n\u00eb prill, maj dhe qershor, shpjegoi ministri. P\u00ebrve\u00e7 k\u00ebsaj, Kievi pritet t\u00eb k\u00ebrkoj\u00eb nj\u00eb k\u00ebst tjet\u00ebr p\u00ebr t\u00eb ndihmuar n\u00eb rikuperimin nga t\u00eb gjitha d\u00ebmet e shkaktuara.<\/span><\/p>\n<p><span style=\"color: #000000;\">T\u00eb enjten e kaluar, ministri thuhet se mori pjes\u00eb gjithashtu n\u00eb nj\u00eb dark\u00eb private t\u00eb organizuar nga Z\u00ebvend\u00ebs Sekretari i Thesarit Wally Adeyemo, i cili p\u00ebrfshinte p\u00ebrfaq\u00ebsues nga firmat m\u00eb t\u00eb larta amerikane si Goldman Sachs dhe shoqata lobiste e Tryez\u00ebs s\u00eb Rrumbullak\u00ebt t\u00eb Biznesit. P\u00ebr m\u00eb tep\u00ebr, Marchenko u takua me Sekretaren e Thesarit Janet Yellen gjat\u00eb samitit t\u00eb G20 n\u00eb Uashington t\u00eb m\u00ebrkur\u00ebn e kaluar.<\/span><\/p>\n<p><span style=\"color: #000000;\">Q\u00eb nga fillimi i ofensiv\u00ebs ushtarake t\u00eb Rusis\u00eb n\u00eb Ukrain\u00eb n\u00eb fund t\u00eb shkurtit, SHBA-ja tashm\u00eb ka derdhur rreth 1 miliard dollar\u00eb ndihm\u00eb ekonomike p\u00ebr Kievin. Nj\u00eb shtes\u00eb prej 500 milion\u00eb dollar\u00ebsh u shtua nga administrata Biden jav\u00ebn e kaluar, n\u00eb krye t\u00eb ndihm\u00ebs bujare ushtarake.<\/span><\/p>\n<p><span style=\"color: #000000;\">Yellen u tha gazetar\u00ebve t\u00eb enjten e kaluar se Amerika duhet \u2018t\u00eb gjej\u00eb m\u00ebnyra p\u00ebr t\u00eb p\u00ebrmbushur nevojat e Ukrain\u00ebs\u2019.<\/span><\/p>\n","protected":false,"gt_translate_keys":[{"key":"rendered","format":"html"}]},"excerpt":{"rendered":"<p>Ministri i Financave i Ukrain\u00ebs, Sergey Marchenko, ka k\u00ebrkuar t\u00eb pakt\u00ebn 2 miliard\u00eb dollar\u00eb n\u00eb muaj ndihm\u00eb emergjente ekonomike nga qeveria amerikane. Zyrtari zbuloi gjithashtu se Kievi shpreson t\u00eb mbledh\u00eb 3 miliard\u00eb dollar\u00eb shtes\u00eb n\u00eb muaj nga burime t\u00eb tjera. Duke folur p\u00ebr Washington Post, Marchenko tha se Ukraina duhet \u2018t\u00eb mbuloj\u00eb k\u00ebt\u00eb boshll\u00ebk tani [&hellip;]<\/p>\n","protected":false,"gt_translate_keys":[{"key":"rendered","format":"html"}]},"author":51,"featured_media":520830,"comment_status":"closed","ping_status":"closed","sticky":false,"template":"","format":"standard","meta":{"footnotes":""},"categories":[53],"tags":[],"class_list":["post-520829","post","type-post","status-publish","format-standard","has-post-thumbnail","hentry","category-fast-foodi"],"gt_translate_keys":[{"key":"link","format":"url"}],"_links":{"self":[{"href":"https:\/\/www.hashtag.al\/index.php\/wp-json\/wp\/v2\/posts\/520829","targetHints":{"allow":["GET"]}}],"collection":[{"href":"https:\/\/www.hashtag.al\/index.php\/wp-json\/wp\/v2\/posts"}],"about":[{"href":"https:\/\/www.hashtag.al\/index.php\/wp-json\/wp\/v2\/types\/post"}],"author":[{"embeddable":true,"href":"https:\/\/www.hashtag.al\/index.php\/wp-json\/wp\/v2\/users\/51"}],"replies":[{"embeddable":true,"href":"https:\/\/www.hashtag.al\/index.php\/wp-json\/wp\/v2\/comments?post=520829"}],"version-history":[{"count":0,"href":"https:\/\/www.hashtag.al\/index.php\/wp-json\/wp\/v2\/posts\/520829\/revisions"}],"wp:featuredmedia":[{"embeddable":true,"href":"https:\/\/www.hashtag.al\/index.php\/wp-json\/wp\/v2\/media\/520830"}],"wp:attachment":[{"href":"https:\/\/www.hashtag.al\/index.php\/wp-json\/wp\/v2\/media?parent=520829"}],"wp:term":[{"taxonomy":"category","embeddable":true,"href":"https:\/\/www.hashtag.al\/index.php\/wp-json\/wp\/v2\/categories?post=520829"},{"taxonomy":"post_tag","embeddable":true,"href":"https:\/\/www.hashtag.al\/index.php\/wp-json\/wp\/v2\/tags?post=520829"}],"curies":[{"name":"wp","href":"https:\/\/api.w.org\/{rel}","templated":true}]}}