{"id":520822,"date":"2022-04-29T19:32:53","date_gmt":"2022-04-29T17:32:53","guid":{"rendered":"https:\/\/www.hashtag.al\/?p=520822"},"modified":"2022-04-29T19:32:53","modified_gmt":"2022-04-29T17:32:53","slug":"te-shtena-me-arme-ne-vlore-dyshohet-per-atentat-ndaj-djalit-te-kryeplakut-te-kanines","status":"publish","type":"post","link":"https:\/\/www.hashtag.al\/index.php\/2022\/04\/29\/te-shtena-me-arme-ne-vlore-dyshohet-per-atentat-ndaj-djalit-te-kryeplakut-te-kanines\/","title":{"rendered":"T\u00eb sht\u00ebna me arm\u00eb n\u00eb Vlor\u00eb, dyshohet p\u00ebr atentat ndaj djalit t\u00eb kryeplakut t\u00eb Kanin\u00ebs","gt_translate_keys":[{"key":"rendered","format":"text"}]},"content":{"rendered":"<p><span style=\"color: #000000;\"><img loading=\"lazy\" decoding=\"async\" class=\"aligncenter size-full wp-image-520823\" src=\"https:\/\/www.hashtag.al\/wp-content\/uploads\/2022\/04\/vlore-1.jpg\" alt=\"\" width=\"1060\" height=\"539\" srcset=\"https:\/\/www.hashtag.al\/wp-content\/uploads\/2022\/04\/vlore-1.jpg 1060w, https:\/\/www.hashtag.al\/wp-content\/uploads\/2022\/04\/vlore-1-300x153.jpg 300w, https:\/\/www.hashtag.al\/wp-content\/uploads\/2022\/04\/vlore-1-1024x521.jpg 1024w, https:\/\/www.hashtag.al\/wp-content\/uploads\/2022\/04\/vlore-1-768x391.jpg 768w, https:\/\/www.hashtag.al\/wp-content\/uploads\/2022\/04\/vlore-1-568x290.jpg 568w\" sizes=\"auto, (max-width: 1060px) 100vw, 1060px\" \/><\/span><\/p>\n<p><span style=\"color: #000000;\">T\u00eb sht\u00ebna me arm\u00eb kan\u00eb ndodhur mbr\u00ebmjen e sotme n\u00eb Lungomare, Vlor\u00eb. <\/span><\/p>\n<p><span style=\"color: #000000;\">Dy mjete kan\u00eb q\u00eblluar me arm\u00eb n\u00eb drejtim t\u00eb nj\u00ebri-tjetrit. <\/span><\/p>\n<p><span style=\"color: #000000;\">Ngjarja ka ndodhur n\u00eb lagjen \u201810 korriku\u2019 t\u00eb qytetit bregdetar nd\u00ebrsa deri tani lidhur me ngjarjen jan\u00eb shoq\u00ebruar tre persona. <\/span><\/p>\n<p><span style=\"color: #000000;\">Sipas <span style=\"color: #0000ff;\">Report Tv<\/span>, sh\u00ebnjestra e atentatit ka qen\u00eb djali i kryeplakut t\u00eb Kanin\u00ebs, Astrit Aliajt.<\/span><\/p>\n","protected":false,"gt_translate_keys":[{"key":"rendered","format":"html"}]},"excerpt":{"rendered":"<p>T\u00eb sht\u00ebna me arm\u00eb kan\u00eb ndodhur mbr\u00ebmjen e sotme n\u00eb Lungomare, Vlor\u00eb. Dy mjete kan\u00eb q\u00eblluar me arm\u00eb n\u00eb drejtim t\u00eb nj\u00ebri-tjetrit. Ngjarja ka ndodhur n\u00eb lagjen \u201810 korriku\u2019 t\u00eb qytetit bregdetar nd\u00ebrsa deri tani lidhur me ngjarjen jan\u00eb shoq\u00ebruar tre persona. Sipas Report Tv, sh\u00ebnjestra e atentatit ka qen\u00eb djali i kryeplakut t\u00eb Kanin\u00ebs, [&hellip;]<\/p>\n","protected":false,"gt_translate_keys":[{"key":"rendered","format":"html"}]},"author":51,"featured_media":520823,"comment_status":"closed","ping_status":"closed","sticky":false,"template":"","format":"standard","meta":{"footnotes":""},"categories":[65,13],"tags":[],"class_list":["post-520822","post","type-post","status-publish","format-standard","has-post-thumbnail","hentry","category-lajme","category-te-fundit"],"gt_translate_keys":[{"key":"link","format":"url"}],"_links":{"self":[{"href":"https:\/\/www.hashtag.al\/index.php\/wp-json\/wp\/v2\/posts\/520822","targetHints":{"allow":["GET"]}}],"collection":[{"href":"https:\/\/www.hashtag.al\/index.php\/wp-json\/wp\/v2\/posts"}],"about":[{"href":"https:\/\/www.hashtag.al\/index.php\/wp-json\/wp\/v2\/types\/post"}],"author":[{"embeddable":true,"href":"https:\/\/www.hashtag.al\/index.php\/wp-json\/wp\/v2\/users\/51"}],"replies":[{"embeddable":true,"href":"https:\/\/www.hashtag.al\/index.php\/wp-json\/wp\/v2\/comments?post=520822"}],"version-history":[{"count":0,"href":"https:\/\/www.hashtag.al\/index.php\/wp-json\/wp\/v2\/posts\/520822\/revisions"}],"wp:featuredmedia":[{"embeddable":true,"href":"https:\/\/www.hashtag.al\/index.php\/wp-json\/wp\/v2\/media\/520823"}],"wp:attachment":[{"href":"https:\/\/www.hashtag.al\/index.php\/wp-json\/wp\/v2\/media?parent=520822"}],"wp:term":[{"taxonomy":"category","embeddable":true,"href":"https:\/\/www.hashtag.al\/index.php\/wp-json\/wp\/v2\/categories?post=520822"},{"taxonomy":"post_tag","embeddable":true,"href":"https:\/\/www.hashtag.al\/index.php\/wp-json\/wp\/v2\/tags?post=520822"}],"curies":[{"name":"wp","href":"https:\/\/api.w.org\/{rel}","templated":true}]}}