{"id":520596,"date":"2022-04-28T20:52:11","date_gmt":"2022-04-28T18:52:11","guid":{"rendered":"https:\/\/www.hashtag.al\/?p=520596"},"modified":"2022-04-28T20:52:11","modified_gmt":"2022-04-28T18:52:11","slug":"meta-dhe-rama-urojne-abazovicin-per-zgjedhjen-si-kryeminister-i-malit-te-zi","status":"publish","type":"post","link":"https:\/\/www.hashtag.al\/index.php\/2022\/04\/28\/meta-dhe-rama-urojne-abazovicin-per-zgjedhjen-si-kryeminister-i-malit-te-zi\/","title":{"rendered":"Meta dhe Rama urojn\u00eb Abazovi\u00e7in p\u00ebr zgjedhjen si kryeminist\u00ebr i Malit t\u00eb Zi","gt_translate_keys":[{"key":"rendered","format":"text"}]},"content":{"rendered":"<p style=\"text-align: justify;\"><span style=\"color: #000000;\"><img loading=\"lazy\" decoding=\"async\" class=\"aligncenter size-full wp-image-520597\" src=\"https:\/\/www.hashtag.al\/wp-content\/uploads\/2022\/04\/rama-abazovic-meta-scaled.jpg\" alt=\"\" width=\"2560\" height=\"1425\" srcset=\"https:\/\/www.hashtag.al\/wp-content\/uploads\/2022\/04\/rama-abazovic-meta-scaled.jpg 2560w, https:\/\/www.hashtag.al\/wp-content\/uploads\/2022\/04\/rama-abazovic-meta-300x167.jpg 300w, https:\/\/www.hashtag.al\/wp-content\/uploads\/2022\/04\/rama-abazovic-meta-1024x570.jpg 1024w, https:\/\/www.hashtag.al\/wp-content\/uploads\/2022\/04\/rama-abazovic-meta-768x428.jpg 768w, https:\/\/www.hashtag.al\/wp-content\/uploads\/2022\/04\/rama-abazovic-meta-1536x855.jpg 1536w, https:\/\/www.hashtag.al\/wp-content\/uploads\/2022\/04\/rama-abazovic-meta-2048x1140.jpg 2048w, https:\/\/www.hashtag.al\/wp-content\/uploads\/2022\/04\/rama-abazovic-meta-1170x650.jpg 1170w\" sizes=\"auto, (max-width: 2560px) 100vw, 2560px\" \/><\/span><\/p>\n<p style=\"text-align: justify;\"><span style=\"color: #000000;\">Presidenti Ilir Meta dhe Kryeministri Edi Rama kan\u00eb uruar zgjedhjen e Dritan Abazovi\u00e7 si Kryeminist\u00ebr i Malit t\u00eb Zi.<\/span><\/p>\n<p style=\"text-align: justify;\"><span style=\"color: #000000;\">\u201c<em>Urime t\u00eb p\u00ebrzem\u00ebrta dhe shum\u00eb suksese z.Dritan Abazovi\u00e7 p\u00ebr zgjedhjen n\u00eb detyr\u00ebn e lart\u00eb t\u00eb Kryeministrit t\u00eb Malit t\u00eb Zi.<\/em><\/span><\/p>\n<p style=\"text-align: justify;\"><span style=\"color: #000000;\"><em>Shpres\u00ebplot\u00eb se marr\u00ebdh\u00ebniet e shk\u00eblqyera miq\u00ebsore mes dy shteteve tona do t\u00eb fuqizohen akoma m\u00eb shum\u00eb n\u00eb interes t\u00eb popujve tan\u00eb. <\/em><\/span><\/p>\n<p style=\"text-align: justify;\"><span style=\"color: #000000;\"><em>Progresi i Malit t\u00eb Zi dhe avancimi n\u00eb proceset integruese jan\u00eb shum\u00eb t\u00eb r\u00ebnd\u00ebsishme p\u00ebr t\u00eb gjith\u00eb shqiptar\u00ebt q\u00eb jetojn\u00eb atje, p\u00ebr t\u00eb ardhmen e p\u00ebrbashk\u00ebt europiane, si edhe p\u00ebr forcimin e paqes, siguris\u00eb dhe stabilitetit n\u00eb rajonin ton\u00eb<\/em>\u201d-shkruan Meta.<\/span><\/p>\n<p style=\"text-align: justify;\"><span style=\"color: #000000;\">Rama n\u00eb urimin e tij p\u00ebrmend se tashm\u00eb n\u00eb Ballkan jan\u00eb 3 kryeministra Shqiptar\u00eb.<\/span><\/p>\n<p style=\"text-align: justify;\"><span style=\"color: #000000;\">\u201c<em>I lumtur q\u00eb Dritan Abazovic \u00ebsht\u00eb nga sot kryeministri i Malit t\u00eb Zi! Kush do ta kishte besuar dot deri dje se Ballkani me 6 shtete do t\u00eb kishte 3 kryeministra shqiptar\u00eb. Na takon ne t\u00eb japim prov\u00ebn si nd\u00ebrtues t\u00eb mir\u00eb urash p\u00ebr paqe mes t\u00eb gjith\u00ebve e mir\u00ebqenie p\u00ebr t\u00eb gjith\u00eb Urime dhe sukses Dritanit, p\u00ebr Malin e Zi e p\u00ebr krejt rajonin ton\u00eb<\/em>\u201d-shkruan Rama<\/span><\/p>\n","protected":false,"gt_translate_keys":[{"key":"rendered","format":"html"}]},"excerpt":{"rendered":"<p>Presidenti Ilir Meta dhe Kryeministri Edi Rama kan\u00eb uruar zgjedhjen e Dritan Abazovi\u00e7 si Kryeminist\u00ebr i Malit t\u00eb Zi. \u201cUrime t\u00eb p\u00ebrzem\u00ebrta dhe shum\u00eb suksese z.Dritan Abazovi\u00e7 p\u00ebr zgjedhjen n\u00eb detyr\u00ebn e lart\u00eb t\u00eb Kryeministrit t\u00eb Malit t\u00eb Zi. Shpres\u00ebplot\u00eb se marr\u00ebdh\u00ebniet e shk\u00eblqyera miq\u00ebsore mes dy shteteve tona do t\u00eb fuqizohen akoma m\u00eb shum\u00eb [&hellip;]<\/p>\n","protected":false,"gt_translate_keys":[{"key":"rendered","format":"html"}]},"author":32,"featured_media":520597,"comment_status":"closed","ping_status":"closed","sticky":false,"template":"","format":"standard","meta":{"footnotes":""},"categories":[65,13],"tags":[],"class_list":["post-520596","post","type-post","status-publish","format-standard","has-post-thumbnail","hentry","category-lajme","category-te-fundit"],"gt_translate_keys":[{"key":"link","format":"url"}],"_links":{"self":[{"href":"https:\/\/www.hashtag.al\/index.php\/wp-json\/wp\/v2\/posts\/520596","targetHints":{"allow":["GET"]}}],"collection":[{"href":"https:\/\/www.hashtag.al\/index.php\/wp-json\/wp\/v2\/posts"}],"about":[{"href":"https:\/\/www.hashtag.al\/index.php\/wp-json\/wp\/v2\/types\/post"}],"author":[{"embeddable":true,"href":"https:\/\/www.hashtag.al\/index.php\/wp-json\/wp\/v2\/users\/32"}],"replies":[{"embeddable":true,"href":"https:\/\/www.hashtag.al\/index.php\/wp-json\/wp\/v2\/comments?post=520596"}],"version-history":[{"count":0,"href":"https:\/\/www.hashtag.al\/index.php\/wp-json\/wp\/v2\/posts\/520596\/revisions"}],"wp:featuredmedia":[{"embeddable":true,"href":"https:\/\/www.hashtag.al\/index.php\/wp-json\/wp\/v2\/media\/520597"}],"wp:attachment":[{"href":"https:\/\/www.hashtag.al\/index.php\/wp-json\/wp\/v2\/media?parent=520596"}],"wp:term":[{"taxonomy":"category","embeddable":true,"href":"https:\/\/www.hashtag.al\/index.php\/wp-json\/wp\/v2\/categories?post=520596"},{"taxonomy":"post_tag","embeddable":true,"href":"https:\/\/www.hashtag.al\/index.php\/wp-json\/wp\/v2\/tags?post=520596"}],"curies":[{"name":"wp","href":"https:\/\/api.w.org\/{rel}","templated":true}]}}