{"id":520197,"date":"2022-04-27T09:44:31","date_gmt":"2022-04-27T07:44:31","guid":{"rendered":"https:\/\/www.hashtag.al\/?p=520197"},"modified":"2022-04-27T09:46:39","modified_gmt":"2022-04-27T07:46:39","slug":"rama-nxjerr-pamjet-e-rruges-se-re-te-parkut-te-apollonise-bukuri-e-rralle-lehtesisht-e-arritshme","status":"publish","type":"post","link":"https:\/\/www.hashtag.al\/index.php\/2022\/04\/27\/rama-nxjerr-pamjet-e-rruges-se-re-te-parkut-te-apollonise-bukuri-e-rralle-lehtesisht-e-arritshme\/","title":{"rendered":"Rama nxjerr pamjet e rrug\u00ebs s\u00eb re t\u00eb Parkut t\u00eb Apollonis\u00eb: Bukuri e rrall\u00eb leht\u00ebsisht e arritshme","gt_translate_keys":[{"key":"rendered","format":"text"}]},"content":{"rendered":"<p><span style=\"color: #000000;\"><a href=\"https:\/\/www.hashtag.al\/wp-content\/uploads\/2022\/04\/rama-6-scaled.jpg\"><img loading=\"lazy\" decoding=\"async\" class=\"aligncenter size-full wp-image-520198\" src=\"https:\/\/www.hashtag.al\/wp-content\/uploads\/2022\/04\/rama-6-scaled.jpg\" alt=\"\" width=\"2560\" height=\"1152\" srcset=\"https:\/\/www.hashtag.al\/wp-content\/uploads\/2022\/04\/rama-6-scaled.jpg 2560w, https:\/\/www.hashtag.al\/wp-content\/uploads\/2022\/04\/rama-6-300x135.jpg 300w, https:\/\/www.hashtag.al\/wp-content\/uploads\/2022\/04\/rama-6-1024x461.jpg 1024w, https:\/\/www.hashtag.al\/wp-content\/uploads\/2022\/04\/rama-6-768x346.jpg 768w, https:\/\/www.hashtag.al\/wp-content\/uploads\/2022\/04\/rama-6-1536x691.jpg 1536w, https:\/\/www.hashtag.al\/wp-content\/uploads\/2022\/04\/rama-6-2048x922.jpg 2048w\" sizes=\"auto, (max-width: 2560px) 100vw, 2560px\" \/><\/a><\/span><\/p>\n<p><span style=\"color: #000000;\">Ka p\u00ebrfunduar rruga e re e Parkut t\u00eb Apollonis\u00eb. K\u00ebt\u00eb t\u00eb m\u00ebrkur\u00eb kryeministri Edi Rama e ka nisur dit\u00ebn duke publikuar pamjet e k\u00ebtij aksi t\u00eb ri.<\/span><\/p>\n<p><span style=\"color: #000000;\"><em>&#8220;Mir\u00ebm\u00ebngjes dhe me rrug\u00ebn e re t\u00eb Parkut magjik t\u00eb Apollonis\u00eb, tanim\u00eb nj\u00eb bukuri e rrall\u00eb leht\u00ebsisht e arritshme, ju uroj nj\u00eb dit\u00eb t\u00eb mbar\u00eb.&#8221;<\/em>&#8211; shkruan Rama.<\/span><\/p>\n<p><span style=\"color: #000000;\">Kjo rrug\u00eb e cila \u00ebsht\u00eb 18 kilometra e gjat\u00eb lidh zon\u00ebn urbane t\u00eb qytetit t\u00eb Fierit me plazhin e Semanit. Qeveria beson se ajo i jep nj\u00eb impuls t\u00eb r\u00ebnd\u00ebsish\u00ebm zhvillimit t\u00eb turizimit bregdetar.<\/span><\/p>\n<p><iframe loading=\"lazy\" style=\"border: none; overflow: hidden;\" src=\"https:\/\/www.facebook.com\/plugins\/video.php?height=314&amp;href=https%3A%2F%2Fwww.facebook.com%2Fediramaal%2Fvideos%2F578615293360424%2F&amp;show_text=false&amp;width=560&amp;t=0\" width=\"560\" height=\"314\" frameborder=\"0\" scrolling=\"no\" allowfullscreen=\"allowfullscreen\"><\/iframe><\/p>\n","protected":false,"gt_translate_keys":[{"key":"rendered","format":"html"}]},"excerpt":{"rendered":"<p>Ka p\u00ebrfunduar rruga e re e Parkut t\u00eb Apollonis\u00eb. K\u00ebt\u00eb t\u00eb m\u00ebrkur\u00eb kryeministri Edi Rama e ka nisur dit\u00ebn duke publikuar pamjet e k\u00ebtij aksi t\u00eb ri. &#8220;Mir\u00ebm\u00ebngjes dhe me rrug\u00ebn e re t\u00eb Parkut magjik t\u00eb Apollonis\u00eb, tanim\u00eb nj\u00eb bukuri e rrall\u00eb leht\u00ebsisht e arritshme, ju uroj nj\u00eb dit\u00eb t\u00eb mbar\u00eb.&#8221;&#8211; shkruan Rama. Kjo [&hellip;]<\/p>\n","protected":false,"gt_translate_keys":[{"key":"rendered","format":"html"}]},"author":30,"featured_media":520198,"comment_status":"closed","ping_status":"closed","sticky":false,"template":"","format":"standard","meta":{"footnotes":""},"categories":[65,13],"tags":[],"class_list":["post-520197","post","type-post","status-publish","format-standard","has-post-thumbnail","hentry","category-lajme","category-te-fundit"],"gt_translate_keys":[{"key":"link","format":"url"}],"_links":{"self":[{"href":"https:\/\/www.hashtag.al\/index.php\/wp-json\/wp\/v2\/posts\/520197","targetHints":{"allow":["GET"]}}],"collection":[{"href":"https:\/\/www.hashtag.al\/index.php\/wp-json\/wp\/v2\/posts"}],"about":[{"href":"https:\/\/www.hashtag.al\/index.php\/wp-json\/wp\/v2\/types\/post"}],"author":[{"embeddable":true,"href":"https:\/\/www.hashtag.al\/index.php\/wp-json\/wp\/v2\/users\/30"}],"replies":[{"embeddable":true,"href":"https:\/\/www.hashtag.al\/index.php\/wp-json\/wp\/v2\/comments?post=520197"}],"version-history":[{"count":0,"href":"https:\/\/www.hashtag.al\/index.php\/wp-json\/wp\/v2\/posts\/520197\/revisions"}],"wp:featuredmedia":[{"embeddable":true,"href":"https:\/\/www.hashtag.al\/index.php\/wp-json\/wp\/v2\/media\/520198"}],"wp:attachment":[{"href":"https:\/\/www.hashtag.al\/index.php\/wp-json\/wp\/v2\/media?parent=520197"}],"wp:term":[{"taxonomy":"category","embeddable":true,"href":"https:\/\/www.hashtag.al\/index.php\/wp-json\/wp\/v2\/categories?post=520197"},{"taxonomy":"post_tag","embeddable":true,"href":"https:\/\/www.hashtag.al\/index.php\/wp-json\/wp\/v2\/tags?post=520197"}],"curies":[{"name":"wp","href":"https:\/\/api.w.org\/{rel}","templated":true}]}}