{"id":520038,"date":"2022-04-26T12:56:12","date_gmt":"2022-04-26T10:56:12","guid":{"rendered":"https:\/\/www.hashtag.al\/?p=520038"},"modified":"2022-04-26T13:02:01","modified_gmt":"2022-04-26T11:02:01","slug":"meta-dekreton-darjel-sinen-anetar-te-gjykates-se-larte-kritika-klgj-se-e-plote","status":"publish","type":"post","link":"https:\/\/www.hashtag.al\/index.php\/2022\/04\/26\/meta-dekreton-darjel-sinen-anetar-te-gjykates-se-larte-kritika-klgj-se-e-plote\/","title":{"rendered":"Meta dekreton Darjel Sin\u00ebn an\u00ebtar t\u00eb Gjykat\u00ebs s\u00eb Lart\u00eb, kritika KLGJ-s\u00eb (problematikat e hasura)","gt_translate_keys":[{"key":"rendered","format":"text"}]},"content":{"rendered":"<p><span style=\"color: #000000;\"><img loading=\"lazy\" decoding=\"async\" class=\"aligncenter size-full wp-image-520043\" src=\"https:\/\/www.hashtag.al\/wp-content\/uploads\/2022\/04\/darjelsina.jpg\" alt=\"\" width=\"1130\" height=\"551\" srcset=\"https:\/\/www.hashtag.al\/wp-content\/uploads\/2022\/04\/darjelsina.jpg 1130w, https:\/\/www.hashtag.al\/wp-content\/uploads\/2022\/04\/darjelsina-300x146.jpg 300w, https:\/\/www.hashtag.al\/wp-content\/uploads\/2022\/04\/darjelsina-1024x499.jpg 1024w, https:\/\/www.hashtag.al\/wp-content\/uploads\/2022\/04\/darjelsina-768x374.jpg 768w\" sizes=\"auto, (max-width: 1130px) 100vw, 1130px\" \/><\/span><\/p>\n<p><span style=\"color: #000000;\">Presidenti Meta ka dekretuar em\u00ebrimin e Darjel Sin\u00ebs si an\u00ebtar t\u00eb Gjykat\u00ebs s\u00eb Lart\u00eb. Ky i fundit ishte propozuar nga K\u00ebshilli i Lart\u00eb Gjyq\u00ebsor. <\/span><\/p>\n<p><span style=\"color: #000000;\">Me em\u00ebrimin e tij, Gjykata e Larta b\u00ebhet me 12 an\u00ebtar\u00eb nga 19 q\u00eb duhet t\u00eb ket\u00eb n\u00eb p\u00ebrfundim t\u00eb procesit. <\/span><\/p>\n<p><span style=\"color: #000000;\">Meta ka theksuar n\u00eb dekretin e tij se plot\u00ebsimi i k\u00ebsaj vakance ka zgjatur dy vjet e shtat\u00eb muaj duke e quajtur t\u00eb papranueshme koh\u00ebzgjatjene procedurave t\u00eb ndekura nga KLGJ-ja. <\/span><\/p>\n<p><span style=\"color: #000000;\">Darjel Sina ka qen\u00eb m\u00eb her\u00ebt Komisioner Publik pran\u00eb organeve t\u00eb vetingut. Emri i tij u b\u00eb i njohur p\u00ebr <a href=\"https:\/\/www.hashtag.al\/index.php\/2018\/12\/11\/komisioneri-dariel-sina-ne-konflikt-interesi-me-gjyqtarin-dedja\/\"><strong><span style=\"color: #0000ff;\">konfliktin<\/span> <\/strong><\/a>e interesit n\u00eb rastin e vetingut ndaj ish-an\u00ebtarit t\u00eb Gjykat\u00ebs Kushtetuese Bashkim Dedja.<\/span><\/p>\n<p><span style=\"color: #000000;\">Nd\u00ebrsa ky i fundit e kaloi shkall\u00ebn e par\u00eb t\u00eb vetingut n\u00eb KPK, Sina e ankimoi vendimin e m\u00eb pas KPA e shkarkoi Dedjen.<\/span><\/p>\n<p><span style=\"color: #000000;\">Darjel Sina ka qen\u00eb nj\u00eb nga kandidat\u00ebt q\u00eb ka konkurruar p\u00ebr nj\u00eb vend si gjyqtar n\u00eb Gjykat\u00ebn e Strasburgut, por pas votimit nuk mundi dot q\u00eb t\u00eb kualifikohej p\u00ebr t\u00eb qen\u00eb n\u00eb treshen finale q\u00eb do i paraqitej p\u00ebr miratim institucionit t\u00eb lartp\u00ebrmendur.<\/span><\/p>\n<p><span style=\"color: #000000;\">Vendimi p\u00ebr moskualifikimin e Sin\u00ebs p\u00ebr n\u00eb Strasburg u mor nga nj\u00eb komision q\u00eb p\u00ebrb\u00ebhej prej Luan Omarit (Konstitucionalist, ish-an\u00ebtar i Komisionit t\u00eb Venecias), Kristaq Traj\u00ebs (Ish-gjyqtar n\u00eb Gjykat\u00ebn Evropiane t\u00eb t\u00eb Drejtave t\u00eb Njeriut), Bashkim Dedjas (Kryetar i Gjykat\u00ebs Kushtetuese), Artan Hoxh\u00ebs (Dekan i Fakultetit t\u00eb Drejt\u00ebsis\u00eb, ish- gjyqtar n\u00eb Gjykat\u00ebn e Lart\u00eb) dhe Artur Metanit (Drejtor i Departamentit t\u00eb Legjislacionit n\u00eb Kryeministri).<\/span><\/p>\n<p><span style=\"color: #000000;\">N\u00eb votimin e tij, Dedja, nuk ka votuar p\u00ebr Dariel Sin\u00ebn si kandidat zyrtar, por p\u00ebr 3 emra t\u00eb tjer\u00eb, t\u00eb cil\u00ebt m\u00eb pas u zyrtarizuan si kandidat\u00eb p\u00ebr n\u00eb gjykat\u00ebn e Strasburgut.<\/span><\/p>\n<p><span style=\"color: #000000;\">Nd\u00ebrsa nj\u00eb hulumtim i <strong><a href=\"http:\/\/www.gazetadita.al\/skandal-me-nje-nga-4-kandidatet-ne-gare-per-gjykaten-e-larte-darjel-sina-jo-vetem-nuk-ploteson-kriteret-ligjore-por-ka-manipuluar-te-dhenat\/\"><span style=\"color: #0000ff;\">Gazetadita<\/span> <\/a><\/strong>p\u00ebr Sin\u00ebn pasi ky i fundit ishte nd\u00ebr kandidat\u00ebt p\u00ebr nj\u00eb vend n\u00eb Gjykat\u00ebn e Lart\u00eb tregoi se ai jo vet\u00ebm q\u00eb nuk plot\u00ebsonte kriteret ligjore p\u00ebr t\u00eb qen\u00eb n\u00eb gar\u00eb por edhe se kishte manipuluar t\u00eb dh\u00ebnat.<\/span><\/p>\n<p><span style=\"color: #000000;\"><strong>Njoftimi<\/strong><\/span><\/p>\n<p><span style=\"color: #000000;\"><em>\u201cPresidenti i Republik\u00ebs, Ilir Meta n\u00eb dat\u00ebn 19 prill 2022, ka administruar propozimin e K\u00ebshillit t\u00eb Lart\u00eb Gjyq\u00ebsor, p\u00ebr em\u00ebrimin e zotit Darjel Sina si an\u00ebtari m\u00eb i ri n\u00eb Gjykat\u00ebn s\u00eb Lart\u00eb, i cili \u00ebsht\u00eb p\u00ebrzgjedhur p\u00ebr t\u2019u em\u00ebruar p\u00ebrmes procedur\u00ebs s\u00eb p\u00ebrzgjedhjes p\u00ebr em\u00ebrim n\u00eb Gjykat\u00ebn e Lart\u00eb, t\u00eb kandidat\u00ebve nga radh\u00ebt e jurist\u00ebve t\u00eb spikatur, p\u00ebr pozicionin e lir\u00eb n\u00eb fush\u00ebn e t\u00eb drejt\u00ebs civile.<\/em><\/span><\/p>\n<p><span style=\"color: #000000;\"><em>Presidenti i Republik\u00ebs pasi u njoh me vendimmarrjen e K\u00ebshillit t\u00eb Lart\u00eb Gjyq\u00ebsor dhe propozimin e p\u00ebrcjell\u00eb nga ky organ, s\u00eb bashku me praktik\u00ebn dokumentare t\u00eb em\u00ebrimit n\u00eb Gjykat\u00ebn e Lart\u00eb, nga radh\u00ebt e jurist\u00ebve t\u00eb spikatur, p\u00ebr pozicionin e lir\u00eb n\u00eb fush\u00ebn e t\u00eb drejt\u00ebs civile, konstatoi se plot\u00ebsimi i k\u00ebtij vendi vakant \u00ebsht\u00eb shpallur p\u00ebr aplikim q\u00eb prej dat\u00ebs 11 shtator 2019, me vendimin nr. 172 t\u00eb K\u00ebshillit t\u00eb Lart\u00eb Gjyq\u00ebsor (KLGJ).<\/em><\/span><\/p>\n<p><span style=\"color: #000000;\"><em>N\u00eb p\u00ebrfundim t\u00eb shqyrtimit t\u00eb k\u00ebtij propozimi, Presidenti i Republik\u00ebs, n\u00eb mb\u00ebshtetje t\u00eb nenit 93 dhe nenit 136 t\u00eb Kushtetut\u00ebs, nenit 48, pika 11 dhe 13 t\u00eb ligjit nr. 96\/2016 \u201cP\u00ebr statusin e gjyqtar\u00ebve dhe prokuror\u00ebve n\u00eb Republik\u00ebn e Shqip\u00ebris\u00eb\u201d, i ndryshuar, ka pranuar propozimin e KLGJ-s\u00eb, dhe p\u00ebrmes Dekretit nr. 13573, dat\u00eb 26.4.2022, ka vendosur q\u00eb:<\/em><\/span><\/p>\n<p><span style=\"color: #000000;\"><em>Zoti Darjel Sina t\u00eb em\u00ebrohet gjyqtar n\u00eb Gjykat\u00ebn e Lart\u00eb, nga radh\u00ebt e jurist\u00ebve t\u00eb spikatur.<\/em><\/span><\/p>\n<p><span style=\"color: #000000;\"><em>Me k\u00ebt\u00eb em\u00ebrim t\u00eb ri, nga sot Gjykata e Lart\u00eb, b\u00ebhet me 12 (dymb\u00ebdhjet\u00eb) gjyqtar\u00eb, nga 19 q\u00eb kjo gjykat\u00eb duhet t\u00eb ket\u00eb.<\/em><\/span><\/p>\n<p><span style=\"color: #000000;\"><em>Presidenti i Republik\u00ebs, pavar\u00ebsisht k\u00ebtij dekretimi, rip\u00ebrs\u00ebrit me forc\u00eb rezerv\u00ebn e tij lidhur me veprimtarin\u00eb e K\u00ebshillit t\u00eb Lart\u00eb Gjyq\u00ebsor, mbi vonesat n\u00eb plot\u00ebsimin e Gjykat\u00ebs s\u00eb Lart\u00eb me t\u00eb gjith\u00eb trup\u00ebn e nevojshme gjyq\u00ebsore.<\/em><\/span><\/p>\n<p><span style=\"color: #000000;\"><em>Plot\u00ebsimi i k\u00ebsaj vakance n\u00eb Gjykat\u00ebn e Lart\u00eb ka zgjatur ekzakt\u00ebsisht 2 (dy) vjet e 7 (shtat\u00eb) muaj, (shtator 2019-prill 2022) \u00e7\u2019ka tregon se koh\u00ebzgjatja e procedurave t\u00eb ndjekura nga KLGJ \u00ebsht\u00eb e papranueshme, p\u00ebrtej \u00e7do afati ligjor dhe t\u00eb arsyesh\u00ebm. Edhe pse Presidenti i Republik\u00ebs, zyrtarisht dhe p\u00ebrmes mesazheve publike ka k\u00ebrkuar dhe ka b\u00ebr\u00eb disa her\u00eb thirrje p\u00ebr ndjekjen me prioritet t\u00eb procedurave t\u00eb plot\u00ebsimit t\u00eb vakancave n\u00eb Gjykat\u00ebn e Lart\u00eb, s\u00ebrisht faktet tregojn\u00eb se KLGJ dhe\/apo institucionet e p\u00ebrfshira apo t\u00eb lidhura me k\u00ebt\u00eb proces kan\u00eb vepruar jasht\u00eb k\u00ebtij prioriteti.<\/em><\/span><\/p>\n<p><span style=\"color: #000000;\"><em>Megjithat\u00eb, n\u00eb mb\u00ebshtetje t\u00eb Kushtetut\u00ebs dhe me vullnetin q\u00eb Gjykata e Lart\u00eb t\u00eb jet\u00eb plot\u00ebsisht funksionale me t\u00eb gjith\u00eb trup\u00ebn e nevojshme t\u00eb saj, ku me mij\u00ebra dosje e fate qytetar\u00ebsh presin gjykimin prej vitesh, t\u00eb nevoj\u00ebs jetike q\u00eb ka vendi p\u00ebr nj\u00eb Gjykat\u00eb t\u00eb Lat\u00eb plot\u00ebsisht funksionale, si dhe duke vler\u00ebsuar t\u00eb mir\u00ebqen\u00eb verifikimin dhe vler\u00ebsimin prej KLGJ-s\u00eb t\u00eb kandidatur\u00ebs s\u00eb propozuar, Presidenti i Republik\u00ebs ka vendosur t\u00eb shprehet pa vones\u00eb p\u00ebr pranimin e propozimit t\u00eb KLGJ-s\u00eb, p\u00ebr em\u00ebrimin e zotit Darjel Sina, si an\u00ebtarin m\u00eb t\u00eb ri t\u00eb Gjykat\u00ebs s\u00eb Lart\u00eb.&#8221;<\/em><\/span><\/p>\n<p><span style=\"color: #000000;\"><img loading=\"lazy\" decoding=\"async\" class=\"aligncenter size-full wp-image-520042\" src=\"https:\/\/www.hashtag.al\/wp-content\/uploads\/2022\/04\/meta-1.png\" alt=\"\" width=\"676\" height=\"962\" srcset=\"https:\/\/www.hashtag.al\/wp-content\/uploads\/2022\/04\/meta-1.png 676w, https:\/\/www.hashtag.al\/wp-content\/uploads\/2022\/04\/meta-1-211x300.png 211w\" sizes=\"auto, (max-width: 676px) 100vw, 676px\" \/><\/span><\/p>\n","protected":false,"gt_translate_keys":[{"key":"rendered","format":"html"}]},"excerpt":{"rendered":"<p>Presidenti Meta ka dekretuar em\u00ebrimin e Darjel Sin\u00ebs si an\u00ebtar t\u00eb Gjykat\u00ebs s\u00eb Lart\u00eb. Ky i fundit ishte propozuar nga K\u00ebshilli i Lart\u00eb Gjyq\u00ebsor. Me em\u00ebrimin e tij, Gjykata e Larta b\u00ebhet me 12 an\u00ebtar\u00eb nga 19 q\u00eb duhet t\u00eb ket\u00eb n\u00eb p\u00ebrfundim t\u00eb procesit. Meta ka theksuar n\u00eb dekretin e tij se plot\u00ebsimi i [&hellip;]<\/p>\n","protected":false,"gt_translate_keys":[{"key":"rendered","format":"html"}]},"author":51,"featured_media":520043,"comment_status":"closed","ping_status":"closed","sticky":false,"template":"","format":"standard","meta":{"footnotes":""},"categories":[65,13],"tags":[],"class_list":["post-520038","post","type-post","status-publish","format-standard","has-post-thumbnail","hentry","category-lajme","category-te-fundit"],"gt_translate_keys":[{"key":"link","format":"url"}],"_links":{"self":[{"href":"https:\/\/www.hashtag.al\/index.php\/wp-json\/wp\/v2\/posts\/520038","targetHints":{"allow":["GET"]}}],"collection":[{"href":"https:\/\/www.hashtag.al\/index.php\/wp-json\/wp\/v2\/posts"}],"about":[{"href":"https:\/\/www.hashtag.al\/index.php\/wp-json\/wp\/v2\/types\/post"}],"author":[{"embeddable":true,"href":"https:\/\/www.hashtag.al\/index.php\/wp-json\/wp\/v2\/users\/51"}],"replies":[{"embeddable":true,"href":"https:\/\/www.hashtag.al\/index.php\/wp-json\/wp\/v2\/comments?post=520038"}],"version-history":[{"count":0,"href":"https:\/\/www.hashtag.al\/index.php\/wp-json\/wp\/v2\/posts\/520038\/revisions"}],"wp:featuredmedia":[{"embeddable":true,"href":"https:\/\/www.hashtag.al\/index.php\/wp-json\/wp\/v2\/media\/520043"}],"wp:attachment":[{"href":"https:\/\/www.hashtag.al\/index.php\/wp-json\/wp\/v2\/media?parent=520038"}],"wp:term":[{"taxonomy":"category","embeddable":true,"href":"https:\/\/www.hashtag.al\/index.php\/wp-json\/wp\/v2\/categories?post=520038"},{"taxonomy":"post_tag","embeddable":true,"href":"https:\/\/www.hashtag.al\/index.php\/wp-json\/wp\/v2\/tags?post=520038"}],"curies":[{"name":"wp","href":"https:\/\/api.w.org\/{rel}","templated":true}]}}