{"id":519943,"date":"2022-04-25T22:55:58","date_gmt":"2022-04-25T20:55:58","guid":{"rendered":"https:\/\/www.hashtag.al\/?p=519943"},"modified":"2022-04-25T22:55:58","modified_gmt":"2022-04-25T20:55:58","slug":"kryeministri-polak-varshava-ka-derguar-tanke-per-ukrainen","status":"publish","type":"post","link":"https:\/\/www.hashtag.al\/index.php\/2022\/04\/25\/kryeministri-polak-varshava-ka-derguar-tanke-per-ukrainen\/","title":{"rendered":"Kryeministri polak: Varshava ka d\u00ebrguar tanke p\u00ebr Ukrain\u00ebn","gt_translate_keys":[{"key":"rendered","format":"text"}]},"content":{"rendered":"<p style=\"text-align: justify;\"><span style=\"color: #000000;\"><img loading=\"lazy\" decoding=\"async\" class=\"aligncenter size-full wp-image-515149\" src=\"https:\/\/www.hashtag.al\/wp-content\/uploads\/2022\/04\/Mateusz-Morawiecki.jpg\" alt=\"\" width=\"630\" height=\"378\" srcset=\"https:\/\/www.hashtag.al\/wp-content\/uploads\/2022\/04\/Mateusz-Morawiecki.jpg 630w, https:\/\/www.hashtag.al\/wp-content\/uploads\/2022\/04\/Mateusz-Morawiecki-300x180.jpg 300w\" sizes=\"auto, (max-width: 630px) 100vw, 630px\" \/><\/span><\/p>\n<p style=\"text-align: justify;\"><span style=\"color: #000000;\">Kryeministri polak Mateusz Morawiecki ka th\u00ebn\u00eb se qeveria e tij ka d\u00ebrguar tanke n\u00eb Ukrain\u00eb.<\/span><\/p>\n<p style=\"text-align: justify;\"><span style=\"color: #000000;\">Gjat\u00eb nj\u00eb interviste me transmetuesin privat Polsat News, Morawiecki u pyet n\u00ebse Polonia ka d\u00ebrguar ose do t\u00eb d\u00ebrgoj\u00eb tanke n\u00eb Ukrain\u00eb.<\/span><\/p>\n<p style=\"text-align: justify;\"><span style=\"color: #000000;\">Ai u p\u00ebrgjigj \u201cpo\u201d, pa dh\u00ebn\u00eb m\u00eb shum\u00eb detaje.<\/span><\/p>\n<p style=\"text-align: justify;\"><span style=\"color: #000000;\">Morawiecki tha se do t\u00eb tregoj\u00eb m\u00eb shum\u00eb informacione \u201cn\u00eb koh\u00ebn e duhur\u201d, por p\u00ebr momentin se ai nuk do t\u00eb zbuloj\u00eb se sa tanke jan\u00eb furnizuar p\u00ebr shkaqe sigurie.<\/span><\/p>\n<p style=\"text-align: justify;\"><span style=\"color: #000000;\">Prej disa jav\u00ebsh, \u00ebsht\u00eb p\u00ebrfolur se Polonia ka furnizuar Ukrain\u00ebn me tanke T-72 t\u00eb epok\u00ebs sovjetike.<\/span><\/p>\n<p style=\"text-align: justify;\"><span style=\"color: #000000;\">Ministria e Mbrojtjes kishte refuzuar t\u00eb komentoj\u00eb lidhur me k\u00ebt\u00eb. Morawiecki tha se \u00e7\u00ebshtja e furnizimit t\u00eb Polonis\u00eb n\u00eb Ukrain\u00eb me avion\u00eb luftarak\u00eb t\u00eb epok\u00ebs sovjetike MiG-29 tani \u00ebsht\u00eb \u201cmbyllur\u201d.<\/span><\/p>\n","protected":false,"gt_translate_keys":[{"key":"rendered","format":"html"}]},"excerpt":{"rendered":"<p>Kryeministri polak Mateusz Morawiecki ka th\u00ebn\u00eb se qeveria e tij ka d\u00ebrguar tanke n\u00eb Ukrain\u00eb. Gjat\u00eb nj\u00eb interviste me transmetuesin privat Polsat News, Morawiecki u pyet n\u00ebse Polonia ka d\u00ebrguar ose do t\u00eb d\u00ebrgoj\u00eb tanke n\u00eb Ukrain\u00eb. Ai u p\u00ebrgjigj \u201cpo\u201d, pa dh\u00ebn\u00eb m\u00eb shum\u00eb detaje. Morawiecki tha se do t\u00eb tregoj\u00eb m\u00eb shum\u00eb informacione [&hellip;]<\/p>\n","protected":false,"gt_translate_keys":[{"key":"rendered","format":"html"}]},"author":32,"featured_media":515149,"comment_status":"closed","ping_status":"closed","sticky":false,"template":"","format":"standard","meta":{"footnotes":""},"categories":[6,13],"tags":[],"class_list":["post-519943","post","type-post","status-publish","format-standard","has-post-thumbnail","hentry","category-nderkombetare","category-te-fundit"],"gt_translate_keys":[{"key":"link","format":"url"}],"_links":{"self":[{"href":"https:\/\/www.hashtag.al\/index.php\/wp-json\/wp\/v2\/posts\/519943","targetHints":{"allow":["GET"]}}],"collection":[{"href":"https:\/\/www.hashtag.al\/index.php\/wp-json\/wp\/v2\/posts"}],"about":[{"href":"https:\/\/www.hashtag.al\/index.php\/wp-json\/wp\/v2\/types\/post"}],"author":[{"embeddable":true,"href":"https:\/\/www.hashtag.al\/index.php\/wp-json\/wp\/v2\/users\/32"}],"replies":[{"embeddable":true,"href":"https:\/\/www.hashtag.al\/index.php\/wp-json\/wp\/v2\/comments?post=519943"}],"version-history":[{"count":0,"href":"https:\/\/www.hashtag.al\/index.php\/wp-json\/wp\/v2\/posts\/519943\/revisions"}],"wp:featuredmedia":[{"embeddable":true,"href":"https:\/\/www.hashtag.al\/index.php\/wp-json\/wp\/v2\/media\/515149"}],"wp:attachment":[{"href":"https:\/\/www.hashtag.al\/index.php\/wp-json\/wp\/v2\/media?parent=519943"}],"wp:term":[{"taxonomy":"category","embeddable":true,"href":"https:\/\/www.hashtag.al\/index.php\/wp-json\/wp\/v2\/categories?post=519943"},{"taxonomy":"post_tag","embeddable":true,"href":"https:\/\/www.hashtag.al\/index.php\/wp-json\/wp\/v2\/tags?post=519943"}],"curies":[{"name":"wp","href":"https:\/\/api.w.org\/{rel}","templated":true}]}}