{"id":519941,"date":"2022-04-25T22:39:33","date_gmt":"2022-04-25T20:39:33","guid":{"rendered":"https:\/\/www.hashtag.al\/?p=519941"},"modified":"2022-04-25T22:39:33","modified_gmt":"2022-04-25T20:39:33","slug":"komisioni-i-rithemelimit-ne-pd-publikon-fituesit-per-deget-ne-korce-lezhe-gramsh-e-degen-7-ne-tirane","status":"publish","type":"post","link":"https:\/\/www.hashtag.al\/index.php\/2022\/04\/25\/komisioni-i-rithemelimit-ne-pd-publikon-fituesit-per-deget-ne-korce-lezhe-gramsh-e-degen-7-ne-tirane\/","title":{"rendered":"Komisioni i Rithemelimit n\u00eb PD publikon fituesit p\u00ebr deg\u00ebt n\u00eb Kor\u00e7\u00eb, Lezh\u00eb, Gramsh e deg\u00ebn 7 n\u00eb Tiran\u00eb","gt_translate_keys":[{"key":"rendered","format":"text"}]},"content":{"rendered":"<p style=\"text-align: justify;\"><span style=\"color: #000000;\"><img loading=\"lazy\" decoding=\"async\" class=\"aligncenter size-full wp-image-519733\" src=\"https:\/\/www.hashtag.al\/wp-content\/uploads\/2022\/04\/pdzgjedhje.jpg\" alt=\"\" width=\"1200\" height=\"630\" srcset=\"https:\/\/www.hashtag.al\/wp-content\/uploads\/2022\/04\/pdzgjedhje.jpg 1200w, https:\/\/www.hashtag.al\/wp-content\/uploads\/2022\/04\/pdzgjedhje-300x158.jpg 300w, https:\/\/www.hashtag.al\/wp-content\/uploads\/2022\/04\/pdzgjedhje-1024x538.jpg 1024w, https:\/\/www.hashtag.al\/wp-content\/uploads\/2022\/04\/pdzgjedhje-768x403.jpg 768w\" sizes=\"auto, (max-width: 1200px) 100vw, 1200px\" \/><\/span><\/p>\n<p style=\"text-align: justify;\"><span style=\"color: #000000;\">Komisioni i Rithemelimit ka publikuar emrat e kryetar\u00ebve t\u00eb deg\u00ebve t\u00eb PD-s\u00eb t\u00eb zgjedhur n\u00eb disa qytete dit\u00ebn e sotme.<\/span><\/p>\n<p style=\"text-align: justify;\"><span style=\"color: #000000;\">K\u00ebshtu, Kryetar i PD Dega 7 Tiran\u00eb, nd\u00ebrmjet 4 kandidaturave, u zgjodh Avni Tobli me 46% t\u00eb votave.<\/span><\/p>\n<p style=\"text-align: justify;\"><span style=\"color: #000000;\">N\u00eb Kor\u00e7\u00eb u zgjodh Devis Osmani me 527 vota gjithsej.<\/span><\/p>\n<p style=\"text-align: justify;\"><span style=\"color: #000000;\">Nd\u00ebrsa n\u00eb Lezh\u00eb \u00ebsht\u00eb shpallur fitues me 578 vota, Arben Ndoj.<\/span><\/p>\n<p style=\"text-align: justify;\"><span style=\"color: #000000;\">N\u00eb Deg\u00ebn Gramsh, Kryetar, nd\u00ebrmjet 5 kandidaturave u zgjodh Kodhel Cala me 38.5% t\u00eb votave.<\/span><\/p>\n","protected":false,"gt_translate_keys":[{"key":"rendered","format":"html"}]},"excerpt":{"rendered":"<p>Komisioni i Rithemelimit ka publikuar emrat e kryetar\u00ebve t\u00eb deg\u00ebve t\u00eb PD-s\u00eb t\u00eb zgjedhur n\u00eb disa qytete dit\u00ebn e sotme. K\u00ebshtu, Kryetar i PD Dega 7 Tiran\u00eb, nd\u00ebrmjet 4 kandidaturave, u zgjodh Avni Tobli me 46% t\u00eb votave. N\u00eb Kor\u00e7\u00eb u zgjodh Devis Osmani me 527 vota gjithsej. Nd\u00ebrsa n\u00eb Lezh\u00eb \u00ebsht\u00eb shpallur fitues me [&hellip;]<\/p>\n","protected":false,"gt_translate_keys":[{"key":"rendered","format":"html"}]},"author":32,"featured_media":519733,"comment_status":"closed","ping_status":"closed","sticky":false,"template":"","format":"standard","meta":{"footnotes":""},"categories":[65,13],"tags":[],"class_list":["post-519941","post","type-post","status-publish","format-standard","has-post-thumbnail","hentry","category-lajme","category-te-fundit"],"gt_translate_keys":[{"key":"link","format":"url"}],"_links":{"self":[{"href":"https:\/\/www.hashtag.al\/index.php\/wp-json\/wp\/v2\/posts\/519941","targetHints":{"allow":["GET"]}}],"collection":[{"href":"https:\/\/www.hashtag.al\/index.php\/wp-json\/wp\/v2\/posts"}],"about":[{"href":"https:\/\/www.hashtag.al\/index.php\/wp-json\/wp\/v2\/types\/post"}],"author":[{"embeddable":true,"href":"https:\/\/www.hashtag.al\/index.php\/wp-json\/wp\/v2\/users\/32"}],"replies":[{"embeddable":true,"href":"https:\/\/www.hashtag.al\/index.php\/wp-json\/wp\/v2\/comments?post=519941"}],"version-history":[{"count":0,"href":"https:\/\/www.hashtag.al\/index.php\/wp-json\/wp\/v2\/posts\/519941\/revisions"}],"wp:featuredmedia":[{"embeddable":true,"href":"https:\/\/www.hashtag.al\/index.php\/wp-json\/wp\/v2\/media\/519733"}],"wp:attachment":[{"href":"https:\/\/www.hashtag.al\/index.php\/wp-json\/wp\/v2\/media?parent=519941"}],"wp:term":[{"taxonomy":"category","embeddable":true,"href":"https:\/\/www.hashtag.al\/index.php\/wp-json\/wp\/v2\/categories?post=519941"},{"taxonomy":"post_tag","embeddable":true,"href":"https:\/\/www.hashtag.al\/index.php\/wp-json\/wp\/v2\/tags?post=519941"}],"curies":[{"name":"wp","href":"https:\/\/api.w.org\/{rel}","templated":true}]}}