{"id":519908,"date":"2022-04-25T20:14:16","date_gmt":"2022-04-25T18:14:16","guid":{"rendered":"https:\/\/www.hashtag.al\/?p=519908"},"modified":"2022-04-25T20:14:16","modified_gmt":"2022-04-25T18:14:16","slug":"filantropisti-turk-denohet-me-burgim-te-perjetshem-nga-gjykata-e-stambollit","status":"publish","type":"post","link":"https:\/\/www.hashtag.al\/index.php\/2022\/04\/25\/filantropisti-turk-denohet-me-burgim-te-perjetshem-nga-gjykata-e-stambollit\/","title":{"rendered":"Filantropisti turk d\u00ebnohet me burgim t\u00eb p\u00ebrjetsh\u00ebm nga gjykata e Stambollit","gt_translate_keys":[{"key":"rendered","format":"text"}]},"content":{"rendered":"<p style=\"text-align: justify;\"><span style=\"color: #000000;\"><img loading=\"lazy\" decoding=\"async\" class=\"aligncenter size-full wp-image-519909\" src=\"https:\/\/www.hashtag.al\/wp-content\/uploads\/2022\/04\/kavala.jpg\" alt=\"\" width=\"773\" height=\"435\" srcset=\"https:\/\/www.hashtag.al\/wp-content\/uploads\/2022\/04\/kavala.jpg 773w, https:\/\/www.hashtag.al\/wp-content\/uploads\/2022\/04\/kavala-300x169.jpg 300w, https:\/\/www.hashtag.al\/wp-content\/uploads\/2022\/04\/kavala-768x432.jpg 768w\" sizes=\"auto, (max-width: 773px) 100vw, 773px\" \/><\/span><\/p>\n<p style=\"text-align: justify;\"><span style=\"color: #000000;\">Nj\u00eb gjykat\u00eb turke ka d\u00ebnuar aktivistin e t\u00eb drejtave civile dhe filantropistin Osman Kavala me burgim t\u00eb p\u00ebrjetsh\u00ebm pa lirim me kusht.<\/span><\/p>\n<p style=\"text-align: justify;\"><span style=\"color: #000000;\">Gjykata n\u00eb Stamboll e shpalli Kaval\u00ebn fajtor p\u00ebr p\u00ebrpjekje p\u00ebr t\u00eb p\u00ebrmbysur qeverin\u00eb mes protestave masive n\u00eb vitin 2013.<\/span><\/p>\n<p style=\"text-align: justify;\"><span style=\"color: #000000;\">Shtat\u00eb t\u00eb pandehur t\u00eb tjer\u00eb u d\u00ebnuan gjithashtu me 18 vjet burg t\u00eb h\u00ebn\u00ebn mes kritikave n\u00eb sall\u00ebn e gjyqit.<\/span><\/p>\n<p style=\"text-align: justify;\"><span style=\"color: #000000;\">Vendimi vjen pasi organi m\u00eb i lart\u00eb evropian p\u00ebr t\u00eb drejtat e njeriut, K\u00ebshilli i Evrop\u00ebs, nisi procedurat p\u00ebr shkelje kund\u00ebr Turqis\u00eb p\u00ebr k\u00ebt\u00eb rast, raporton Euronews.<\/span><\/p>\n<p style=\"text-align: justify;\"><span style=\"color: #000000;\">Ankaraja nuk ka respektuar nj\u00eb vendim t\u00eb Gjykat\u00ebs Evropiane t\u00eb t\u00eb Drejtave t\u00eb Njeriut n\u00eb vitin 2019, i cili ka k\u00ebrkuar lirimin e menj\u00ebhersh\u00ebm t\u00eb Kaval\u00ebs.<\/span><\/p>\n<p style=\"text-align: justify;\"><span style=\"color: #000000;\">Kavala, i cili tashm\u00eb ka kaluar m\u00eb shum\u00eb se kat\u00ebr vjet n\u00eb burg &#8211; mohon akuzat se ka financuar protestat antiqeveritare. N\u00eb deklaratat e tij t\u00eb fundit t\u00eb mbrojtjes t\u00eb premten, Kavala tha se pretendimet &#8220;nuk jan\u00eb t\u00eb besueshme&#8221;.<\/span><\/p>\n<p style=\"text-align: justify;\"><span style=\"color: #000000;\">\u201cFakti q\u00eb kalova kat\u00ebr vjet e gjysm\u00eb t\u00eb jet\u00ebs sime n\u00eb burg \u00ebsht\u00eb nj\u00eb humbje e pariparueshme p\u00ebr mua\u201d, tha ai n\u00eb gjykat\u00eb me videokonferenc\u00eb.<\/span><\/p>\n<p style=\"text-align: justify;\"><span style=\"color: #000000;\">\u201cNgush\u00ebllimi im i vet\u00ebm \u00ebsht\u00eb mund\u00ebsia q\u00eb p\u00ebrvoja ime t\u00eb kontribuoj\u00eb n\u00eb nj\u00eb kuptim m\u00eb t\u00eb mir\u00eb t\u00eb problemeve t\u00eb r\u00ebnda t\u00eb gjyq\u00ebsorit [turk]\u201d.<\/span><\/p>\n<p style=\"text-align: justify;\"><span style=\"color: #000000;\">64-vje\u00e7ari \u00ebsht\u00eb burgosur n\u00eb burgun e Silivrit &#8212; n\u00eb periferi t\u00eb Stambollit &#8212; q\u00eb kur u ndalua n\u00eb tetor 2017.<\/span><\/p>\n<p style=\"text-align: justify;\"><span style=\"color: #000000;\">Grupet e t\u00eb drejtave t\u00eb njeriut thon\u00eb se Kavala \u00ebsht\u00eb ndjekur penalisht me prova t\u00eb kufizuara dhe se t\u00eb drejtat e tij themelore jan\u00eb shkelur.<\/span><\/p>\n<p style=\"text-align: justify;\"><span style=\"color: #000000;\">Kavala u lirua fillimisht n\u00eb shkurt 2020 nga akuzat q\u00eb e lidhnin at\u00eb me protestat e parkut Gezi t\u00eb vitit 2013.<\/span><\/p>\n<p style=\"text-align: justify;\"><span style=\"color: #000000;\">Por, nd\u00ebrsa mb\u00ebshtet\u00ebsit prisnin lirimin e tij, Kavala u arrestua p\u00ebrs\u00ebri me akuza t\u00eb reja q\u00eb e lidhin at\u00eb me nj\u00eb p\u00ebrpjekje p\u00ebr grusht shteti t\u00eb vitit 2016, p\u00ebr t\u00eb cil\u00ebn qeveria turke ka faj\u00ebsuar nj\u00eb rrjet t\u00eb klerikut mysliman me baz\u00eb n\u00eb SHBA, Fethullah Gulen.<\/span><\/p>\n<p style=\"text-align: justify;\"><span style=\"color: #000000;\">Ky akt m\u00eb von\u00eb u rr\u00ebzua dhe rastet u bashkuan.<\/span><\/p>\n<p style=\"text-align: justify;\"><span style=\"color: #000000;\">Gjykata Evropiane e t\u00eb Drejtave t\u00eb Njeriut tha n\u00eb vitin 2019 se burgimi i Kaval\u00ebs synonte t&#8217;i mbyllte goj\u00ebn atij dhe mbrojt\u00ebsve t\u00eb tjer\u00eb t\u00eb t\u00eb drejtave t\u00eb njeriut.<\/span><\/p>\n<p style=\"text-align: justify;\"><span style=\"color: #000000;\">Nj\u00eb proces i vazhduesh\u00ebm shkeljesh p\u00ebr k\u00ebt\u00eb \u00e7\u00ebshtje mund t\u00eb \u00e7oj\u00eb n\u00eb pezullimin e t\u00eb drejt\u00ebs s\u00eb vot\u00ebs s\u00eb Turqis\u00eb ose an\u00ebtar\u00ebsimit n\u00eb K\u00ebshillin e Evrop\u00ebs.<\/span><\/p>\n<p style=\"text-align: justify;\"><span style=\"color: #000000;\">Erdogan ka hedhur posht\u00eb procesin e shkeljes, duke th\u00ebn\u00eb se Turqia &#8220;nuk do t&#8217;i njoh\u00eb ata q\u00eb nuk i njohin gjykatat tona&#8221;.<\/span><\/p>\n<p style=\"text-align: justify;\"><span style=\"color: #000000;\">N\u00eb tetor, ndalimi i vazhduesh\u00ebm i Kavala-s shkaktoi nj\u00eb kriz\u00eb diplomatike midis Turqis\u00eb dhe 10 vendeve per\u00ebndimore pasi ata b\u00ebn\u00eb thirrje p\u00ebr lirimin e tij.<\/span><\/p>\n<p style=\"text-align: justify;\"><span style=\"color: #000000;\">Presidenti turk Rexhep Tajip Erdogan ka akuzuar Kaval\u00ebn se \u00ebsht\u00eb \u201cdega turke\u201d e filantropit miliarder amerikan George Soros dhe k\u00ebrc\u00ebnoi se do t\u00eb d\u00ebboj\u00eb t\u00eb d\u00ebrguarit per\u00ebndimor\u00eb p\u00ebr nd\u00ebrhyrje n\u00eb pun\u00ebt e brendshme t\u00eb Turqis\u00eb.<\/span><\/p>\n","protected":false,"gt_translate_keys":[{"key":"rendered","format":"html"}]},"excerpt":{"rendered":"<p>Nj\u00eb gjykat\u00eb turke ka d\u00ebnuar aktivistin e t\u00eb drejtave civile dhe filantropistin Osman Kavala me burgim t\u00eb p\u00ebrjetsh\u00ebm pa lirim me kusht. Gjykata n\u00eb Stamboll e shpalli Kaval\u00ebn fajtor p\u00ebr p\u00ebrpjekje p\u00ebr t\u00eb p\u00ebrmbysur qeverin\u00eb mes protestave masive n\u00eb vitin 2013. Shtat\u00eb t\u00eb pandehur t\u00eb tjer\u00eb u d\u00ebnuan gjithashtu me 18 vjet burg t\u00eb h\u00ebn\u00ebn [&hellip;]<\/p>\n","protected":false,"gt_translate_keys":[{"key":"rendered","format":"html"}]},"author":32,"featured_media":519909,"comment_status":"closed","ping_status":"closed","sticky":false,"template":"","format":"standard","meta":{"footnotes":""},"categories":[6,13],"tags":[],"class_list":["post-519908","post","type-post","status-publish","format-standard","has-post-thumbnail","hentry","category-nderkombetare","category-te-fundit"],"gt_translate_keys":[{"key":"link","format":"url"}],"_links":{"self":[{"href":"https:\/\/www.hashtag.al\/index.php\/wp-json\/wp\/v2\/posts\/519908","targetHints":{"allow":["GET"]}}],"collection":[{"href":"https:\/\/www.hashtag.al\/index.php\/wp-json\/wp\/v2\/posts"}],"about":[{"href":"https:\/\/www.hashtag.al\/index.php\/wp-json\/wp\/v2\/types\/post"}],"author":[{"embeddable":true,"href":"https:\/\/www.hashtag.al\/index.php\/wp-json\/wp\/v2\/users\/32"}],"replies":[{"embeddable":true,"href":"https:\/\/www.hashtag.al\/index.php\/wp-json\/wp\/v2\/comments?post=519908"}],"version-history":[{"count":0,"href":"https:\/\/www.hashtag.al\/index.php\/wp-json\/wp\/v2\/posts\/519908\/revisions"}],"wp:featuredmedia":[{"embeddable":true,"href":"https:\/\/www.hashtag.al\/index.php\/wp-json\/wp\/v2\/media\/519909"}],"wp:attachment":[{"href":"https:\/\/www.hashtag.al\/index.php\/wp-json\/wp\/v2\/media?parent=519908"}],"wp:term":[{"taxonomy":"category","embeddable":true,"href":"https:\/\/www.hashtag.al\/index.php\/wp-json\/wp\/v2\/categories?post=519908"},{"taxonomy":"post_tag","embeddable":true,"href":"https:\/\/www.hashtag.al\/index.php\/wp-json\/wp\/v2\/tags?post=519908"}],"curies":[{"name":"wp","href":"https:\/\/api.w.org\/{rel}","templated":true}]}}