{"id":519892,"date":"2022-04-25T18:15:19","date_gmt":"2022-04-25T16:15:19","guid":{"rendered":"https:\/\/www.hashtag.al\/?p=519892"},"modified":"2022-04-25T18:15:19","modified_gmt":"2022-04-25T16:15:19","slug":"zgjedhjet-ne-degen-e-pd-ne-malesi-te-madhe-thyhet-kutia-e-votimit-nderpritet-procesi","status":"publish","type":"post","link":"https:\/\/www.hashtag.al\/index.php\/2022\/04\/25\/zgjedhjet-ne-degen-e-pd-ne-malesi-te-madhe-thyhet-kutia-e-votimit-nderpritet-procesi\/","title":{"rendered":"Zgjedhjet n\u00eb deg\u00ebn e PD n\u00eb Mal\u00ebsi t\u00eb Madhe, thyhet kutia e votimit, nd\u00ebrpritet procesi","gt_translate_keys":[{"key":"rendered","format":"text"}]},"content":{"rendered":"<p style=\"text-align: justify;\"><span style=\"color: #000000;\"><img loading=\"lazy\" decoding=\"async\" class=\"aligncenter size-full wp-image-519733\" src=\"https:\/\/www.hashtag.al\/wp-content\/uploads\/2022\/04\/pdzgjedhje.jpg\" alt=\"\" width=\"1200\" height=\"630\" srcset=\"https:\/\/www.hashtag.al\/wp-content\/uploads\/2022\/04\/pdzgjedhje.jpg 1200w, https:\/\/www.hashtag.al\/wp-content\/uploads\/2022\/04\/pdzgjedhje-300x158.jpg 300w, https:\/\/www.hashtag.al\/wp-content\/uploads\/2022\/04\/pdzgjedhje-1024x538.jpg 1024w, https:\/\/www.hashtag.al\/wp-content\/uploads\/2022\/04\/pdzgjedhje-768x403.jpg 768w\" sizes=\"auto, (max-width: 1200px) 100vw, 1200px\" \/><\/span><\/p>\n<p style=\"text-align: justify;\"><span style=\"color: #000000;\">N\u00eb Mal\u00ebsi t\u00eb Madhe \u00ebsht\u00eb nd\u00ebrprer\u00eb procesi i votimit p\u00ebr zgjedhjet q\u00eb po zhvillon Komisioni i Rithemelimit n\u00eb PD p\u00ebr kryetar t\u00eb deg\u00ebve.<\/span><\/p>\n<p style=\"text-align: justify;\"><span style=\"color: #000000;\">BalkanWeb raporton se \u00ebsht\u00eb thyer kutia e votimit dhe jan\u00eb djegur flet\u00ebt e votimit.<\/span><\/p>\n<p style=\"text-align: justify;\"><span style=\"color: #000000;\">N\u00eb gar\u00eb n\u00eb k\u00ebt\u00eb deg\u00eb kan\u00eb qen\u00eb tre kandidat\u00eb, Isa Ramaj, Fredi Sterkaj dhe Mimoza Rexhvelaj.<\/span><\/p>\n<p style=\"text-align: justify;\"><span style=\"color: #000000;\">Ka qen\u00eb pik\u00ebrisht kandidati Isa Rama q\u00eb ka patur pretendime p\u00ebr disa parregullsi, ndaj dhe \u00ebsht\u00eb sh\u00ebnuar incidenti n\u00eb fjal\u00eb.<\/span><\/p>\n<p><img loading=\"lazy\" decoding=\"async\" class=\"aligncenter size-full wp-image-519893\" src=\"https:\/\/www.hashtag.al\/wp-content\/uploads\/2022\/04\/kutia-e-votimit-malsi-e-madhe.png\" alt=\"\" width=\"583\" height=\"625\" srcset=\"https:\/\/www.hashtag.al\/wp-content\/uploads\/2022\/04\/kutia-e-votimit-malsi-e-madhe.png 583w, https:\/\/www.hashtag.al\/wp-content\/uploads\/2022\/04\/kutia-e-votimit-malsi-e-madhe-280x300.png 280w\" sizes=\"auto, (max-width: 583px) 100vw, 583px\" \/><\/p>\n","protected":false,"gt_translate_keys":[{"key":"rendered","format":"html"}]},"excerpt":{"rendered":"<p>N\u00eb Mal\u00ebsi t\u00eb Madhe \u00ebsht\u00eb nd\u00ebrprer\u00eb procesi i votimit p\u00ebr zgjedhjet q\u00eb po zhvillon Komisioni i Rithemelimit n\u00eb PD p\u00ebr kryetar t\u00eb deg\u00ebve. BalkanWeb raporton se \u00ebsht\u00eb thyer kutia e votimit dhe jan\u00eb djegur flet\u00ebt e votimit. N\u00eb gar\u00eb n\u00eb k\u00ebt\u00eb deg\u00eb kan\u00eb qen\u00eb tre kandidat\u00eb, Isa Ramaj, Fredi Sterkaj dhe Mimoza Rexhvelaj. Ka qen\u00eb [&hellip;]<\/p>\n","protected":false,"gt_translate_keys":[{"key":"rendered","format":"html"}]},"author":32,"featured_media":519733,"comment_status":"closed","ping_status":"closed","sticky":false,"template":"","format":"standard","meta":{"footnotes":""},"categories":[65,13],"tags":[],"class_list":["post-519892","post","type-post","status-publish","format-standard","has-post-thumbnail","hentry","category-lajme","category-te-fundit"],"gt_translate_keys":[{"key":"link","format":"url"}],"_links":{"self":[{"href":"https:\/\/www.hashtag.al\/index.php\/wp-json\/wp\/v2\/posts\/519892","targetHints":{"allow":["GET"]}}],"collection":[{"href":"https:\/\/www.hashtag.al\/index.php\/wp-json\/wp\/v2\/posts"}],"about":[{"href":"https:\/\/www.hashtag.al\/index.php\/wp-json\/wp\/v2\/types\/post"}],"author":[{"embeddable":true,"href":"https:\/\/www.hashtag.al\/index.php\/wp-json\/wp\/v2\/users\/32"}],"replies":[{"embeddable":true,"href":"https:\/\/www.hashtag.al\/index.php\/wp-json\/wp\/v2\/comments?post=519892"}],"version-history":[{"count":0,"href":"https:\/\/www.hashtag.al\/index.php\/wp-json\/wp\/v2\/posts\/519892\/revisions"}],"wp:featuredmedia":[{"embeddable":true,"href":"https:\/\/www.hashtag.al\/index.php\/wp-json\/wp\/v2\/media\/519733"}],"wp:attachment":[{"href":"https:\/\/www.hashtag.al\/index.php\/wp-json\/wp\/v2\/media?parent=519892"}],"wp:term":[{"taxonomy":"category","embeddable":true,"href":"https:\/\/www.hashtag.al\/index.php\/wp-json\/wp\/v2\/categories?post=519892"},{"taxonomy":"post_tag","embeddable":true,"href":"https:\/\/www.hashtag.al\/index.php\/wp-json\/wp\/v2\/tags?post=519892"}],"curies":[{"name":"wp","href":"https:\/\/api.w.org\/{rel}","templated":true}]}}