{"id":519879,"date":"2022-04-25T17:48:03","date_gmt":"2022-04-25T15:48:03","guid":{"rendered":"https:\/\/www.hashtag.al\/?p=519879"},"modified":"2022-04-25T17:49:04","modified_gmt":"2022-04-25T15:49:04","slug":"i-shpetoi-atentatit-te-trete-ky-eshte-djali-i-biznesmenit-ne-pogradec-qe-mbeti-sot-i-plagosur","status":"publish","type":"post","link":"https:\/\/www.hashtag.al\/index.php\/2022\/04\/25\/i-shpetoi-atentatit-te-trete-ky-eshte-djali-i-biznesmenit-ne-pogradec-qe-mbeti-sot-i-plagosur\/","title":{"rendered":"I shp\u00ebtoi atentatit t\u00eb tret\u00eb, ky \u00ebsht\u00eb djali i biznesmenit n\u00eb Pogradec q\u00eb mbeti sot i plagosur","gt_translate_keys":[{"key":"rendered","format":"text"}]},"content":{"rendered":"<div id=\"attachment_519881\" style=\"width: 2058px\" class=\"wp-caption aligncenter\"><a href=\"https:\/\/www.hashtag.al\/wp-content\/uploads\/2022\/04\/Joan-Mucllari.jpg\"><img loading=\"lazy\" decoding=\"async\" aria-describedby=\"caption-attachment-519881\" class=\"size-full wp-image-519881\" src=\"https:\/\/www.hashtag.al\/wp-content\/uploads\/2022\/04\/Joan-Mucllari.jpg\" alt=\"\" width=\"2048\" height=\"2047\" srcset=\"https:\/\/www.hashtag.al\/wp-content\/uploads\/2022\/04\/Joan-Mucllari.jpg 2048w, https:\/\/www.hashtag.al\/wp-content\/uploads\/2022\/04\/Joan-Mucllari-300x300.jpg 300w, https:\/\/www.hashtag.al\/wp-content\/uploads\/2022\/04\/Joan-Mucllari-1024x1024.jpg 1024w, https:\/\/www.hashtag.al\/wp-content\/uploads\/2022\/04\/Joan-Mucllari-150x150.jpg 150w, https:\/\/www.hashtag.al\/wp-content\/uploads\/2022\/04\/Joan-Mucllari-768x768.jpg 768w, https:\/\/www.hashtag.al\/wp-content\/uploads\/2022\/04\/Joan-Mucllari-1536x1536.jpg 1536w, https:\/\/www.hashtag.al\/wp-content\/uploads\/2022\/04\/Joan-Mucllari-600x600.jpg 600w, https:\/\/www.hashtag.al\/wp-content\/uploads\/2022\/04\/Joan-Mucllari-180x180.jpg 180w, https:\/\/www.hashtag.al\/wp-content\/uploads\/2022\/04\/Joan-Mucllari-80x80.jpg 80w\" sizes=\"auto, (max-width: 2048px) 100vw, 2048px\" \/><\/a><p id=\"caption-attachment-519881\" class=\"wp-caption-text\"><span style=\"color: #000000;\"><strong><em>Joan Mu\u00e7llari<\/em><\/strong><\/span><\/p><\/div>\n<p><span style=\"color: #000000;\">Joan Mu\u00e7llari \u00ebsht\u00eb i riu i cili mbeti i plagosur pas nj\u00eb atentati t\u00eb ndodhur mesdit\u00ebn e sotme n\u00eb qytetin e Pogradecit.<\/span><\/p>\n<p><span style=\"color: #000000;\">Ai \u00ebsht\u00eb djali i pronarit t\u00eb Hotel Voloreka, Jetmir Mu\u00e7llari.<\/span><\/p>\n<p><span style=\"color: #000000;\">I plagosuri ka shkuar vet\u00eb n\u00eb spital p\u00ebr t\u00eb marr\u00eb ndihm\u00ebn mjek\u00ebsore, nd\u00ebrsa kan\u00eb qen\u00eb mjek\u00ebt ata t\u00eb cil\u00ebt kan\u00eb njoftuar policin\u00eb.<\/span><\/p>\n<p><span style=\"color: #000000;\">Mu\u00e7llari ka treguar para uniformave blu se \u00ebsht\u00eb q\u00eblluar nga dy persona q\u00eb l\u00ebviznin me makin\u00eb. Autor\u00ebt e dyshuar jan\u00eb identifikuar nga Policia si Firdeus Berberi, djali i njohurit si \u201c i forti\u201d i Pogradecit Ilir Berberi si dhe shoku i tij, Greisi Maxhari. Nj\u00ebri prej tyre dyshohet se ka lidhje me nj\u00eb prej atentateve q\u00eb i jan\u00eb b\u00ebr\u00eb t\u00eb riut n\u00eb vitin 2020.<\/span><\/p>\n<p><span style=\"color: #000000;\">Kujtojm\u00eb se familja Mu\u00e7llari i shp\u00ebtoi dy atentateve brenda jav\u00ebs n\u00eb vitin 2020.<\/span><\/p>\n<p><span style=\"color: #000000;\">M\u00eb 8 gusht t\u00eb atij viti, hoteli i Jetmir Mu\u00e7llarit u q\u00ebllua me bresh\u00ebri automatiku n\u00eb nj\u00eb koh\u00eb kur brenda ishin turist\u00eb.<\/span><\/p>\n<div id=\"attachment_519880\" style=\"width: 780px\" class=\"wp-caption aligncenter\"><a href=\"https:\/\/www.hashtag.al\/wp-content\/uploads\/2022\/04\/Jetmir-Mucllari-1.png\"><img loading=\"lazy\" decoding=\"async\" aria-describedby=\"caption-attachment-519880\" class=\"size-full wp-image-519880\" src=\"https:\/\/www.hashtag.al\/wp-content\/uploads\/2022\/04\/Jetmir-Mucllari-1.png\" alt=\"\" width=\"770\" height=\"435\" srcset=\"https:\/\/www.hashtag.al\/wp-content\/uploads\/2022\/04\/Jetmir-Mucllari-1.png 770w, https:\/\/www.hashtag.al\/wp-content\/uploads\/2022\/04\/Jetmir-Mucllari-1-300x169.png 300w, https:\/\/www.hashtag.al\/wp-content\/uploads\/2022\/04\/Jetmir-Mucllari-1-768x434.png 768w\" sizes=\"auto, (max-width: 770px) 100vw, 770px\" \/><\/a><p id=\"caption-attachment-519880\" class=\"wp-caption-text\"><span style=\"color: #000000;\"><strong><em>Jetmir Mu\u00e7llari<\/em><\/strong><\/span><\/p><\/div>\n<p><span style=\"color: #000000;\">Asokohe pronari i hotelit tha se dy persona kishin q\u00eblluar disa her\u00eb me kallashnikov n\u00eb drejtim t\u00eb dhom\u00ebs ku flinte djali dhe dy dhomave ku ishin turist\u00eb.<\/span><\/p>\n<p><span style=\"color: #000000;\">Jetmir Mu\u00e7llari deklaronte para kamerave se djemve t\u00eb tij u rrezikohej jeta dhe k\u00ebrkonte mbrojtje nga Policia.<\/span><\/p>\n<p><span style=\"color: #000000;\"><em>\u201cJemi t\u00eb k\u00ebrcenuar si familje. K\u00ebrkojm\u00eb mbrojtje nga policia. Dyshoj se objektiv i atentatit t\u00eb sot\u00ebm dhe atij q\u00eb ndodhi para nj\u00eb jave ka qene djali im. I kam denoncuar me emra autor\u00ebt, por policia nuk po vepron. K\u00ebrkoj azil p\u00ebr dy djemt\u00eb, pasi k\u00ebtu ju rrezikohet jeta.\u201d<\/em>\u2013 deklaroi asokohe Mu\u00e7llari. Paralajm\u00ebrimi i tij duket se nuk ka qen\u00eb m\u00eb kot, pasi i biri i shp\u00ebtoi sot nj\u00eb tjet\u00ebr atentati. Dhe nj\u00eb nga autor\u00ebt e dyshuar q\u00eb \u00ebsht\u00eb shpallur n\u00eb k\u00ebrkim, besohet se ka patur lidhje me atentatin e m\u00ebparsh\u00ebm.<\/span><\/p>\n<p><a href=\"https:\/\/www.hashtag.al\/wp-content\/uploads\/2022\/04\/joan.jpg\"><img loading=\"lazy\" decoding=\"async\" class=\"aligncenter size-full wp-image-519882\" src=\"https:\/\/www.hashtag.al\/wp-content\/uploads\/2022\/04\/joan.jpg\" alt=\"\" width=\"2048\" height=\"1536\" srcset=\"https:\/\/www.hashtag.al\/wp-content\/uploads\/2022\/04\/joan.jpg 2048w, https:\/\/www.hashtag.al\/wp-content\/uploads\/2022\/04\/joan-300x225.jpg 300w, https:\/\/www.hashtag.al\/wp-content\/uploads\/2022\/04\/joan-1024x768.jpg 1024w, https:\/\/www.hashtag.al\/wp-content\/uploads\/2022\/04\/joan-768x576.jpg 768w, https:\/\/www.hashtag.al\/wp-content\/uploads\/2022\/04\/joan-1536x1152.jpg 1536w\" sizes=\"auto, (max-width: 2048px) 100vw, 2048px\" \/><\/a><a href=\"https:\/\/www.hashtag.al\/wp-content\/uploads\/2022\/04\/Joan-Mucllari.jpg\"><img loading=\"lazy\" decoding=\"async\" class=\"aligncenter size-full wp-image-519881\" src=\"https:\/\/www.hashtag.al\/wp-content\/uploads\/2022\/04\/Joan-Mucllari.jpg\" alt=\"\" width=\"2048\" height=\"2047\" srcset=\"https:\/\/www.hashtag.al\/wp-content\/uploads\/2022\/04\/Joan-Mucllari.jpg 2048w, https:\/\/www.hashtag.al\/wp-content\/uploads\/2022\/04\/Joan-Mucllari-300x300.jpg 300w, https:\/\/www.hashtag.al\/wp-content\/uploads\/2022\/04\/Joan-Mucllari-1024x1024.jpg 1024w, https:\/\/www.hashtag.al\/wp-content\/uploads\/2022\/04\/Joan-Mucllari-150x150.jpg 150w, https:\/\/www.hashtag.al\/wp-content\/uploads\/2022\/04\/Joan-Mucllari-768x768.jpg 768w, https:\/\/www.hashtag.al\/wp-content\/uploads\/2022\/04\/Joan-Mucllari-1536x1536.jpg 1536w, https:\/\/www.hashtag.al\/wp-content\/uploads\/2022\/04\/Joan-Mucllari-600x600.jpg 600w, https:\/\/www.hashtag.al\/wp-content\/uploads\/2022\/04\/Joan-Mucllari-180x180.jpg 180w, https:\/\/www.hashtag.al\/wp-content\/uploads\/2022\/04\/Joan-Mucllari-80x80.jpg 80w\" sizes=\"auto, (max-width: 2048px) 100vw, 2048px\" \/><\/a><a href=\"https:\/\/www.hashtag.al\/wp-content\/uploads\/2022\/04\/Mucllari.jpg\"><img loading=\"lazy\" decoding=\"async\" class=\"aligncenter size-full wp-image-519883\" src=\"https:\/\/www.hashtag.al\/wp-content\/uploads\/2022\/04\/Mucllari.jpg\" alt=\"\" width=\"960\" height=\"960\" srcset=\"https:\/\/www.hashtag.al\/wp-content\/uploads\/2022\/04\/Mucllari.jpg 960w, https:\/\/www.hashtag.al\/wp-content\/uploads\/2022\/04\/Mucllari-300x300.jpg 300w, https:\/\/www.hashtag.al\/wp-content\/uploads\/2022\/04\/Mucllari-150x150.jpg 150w, https:\/\/www.hashtag.al\/wp-content\/uploads\/2022\/04\/Mucllari-768x768.jpg 768w, https:\/\/www.hashtag.al\/wp-content\/uploads\/2022\/04\/Mucllari-600x600.jpg 600w, https:\/\/www.hashtag.al\/wp-content\/uploads\/2022\/04\/Mucllari-180x180.jpg 180w, https:\/\/www.hashtag.al\/wp-content\/uploads\/2022\/04\/Mucllari-80x80.jpg 80w\" sizes=\"auto, (max-width: 960px) 100vw, 960px\" \/><\/a><\/p>\n","protected":false,"gt_translate_keys":[{"key":"rendered","format":"html"}]},"excerpt":{"rendered":"<p>Joan Mu\u00e7llari \u00ebsht\u00eb i riu i cili mbeti i plagosur pas nj\u00eb atentati t\u00eb ndodhur mesdit\u00ebn e sotme n\u00eb qytetin e Pogradecit. Ai \u00ebsht\u00eb djali i pronarit t\u00eb Hotel Voloreka, Jetmir Mu\u00e7llari. I plagosuri ka shkuar vet\u00eb n\u00eb spital p\u00ebr t\u00eb marr\u00eb ndihm\u00ebn mjek\u00ebsore, nd\u00ebrsa kan\u00eb qen\u00eb mjek\u00ebt ata t\u00eb cil\u00ebt kan\u00eb njoftuar policin\u00eb. Mu\u00e7llari [&hellip;]<\/p>\n","protected":false,"gt_translate_keys":[{"key":"rendered","format":"html"}]},"author":30,"featured_media":519883,"comment_status":"closed","ping_status":"closed","sticky":false,"template":"","format":"standard","meta":{"footnotes":""},"categories":[22,65,13],"tags":[],"class_list":["post-519879","post","type-post","status-publish","format-standard","has-post-thumbnail","hentry","category-ballina","category-lajme","category-te-fundit"],"gt_translate_keys":[{"key":"link","format":"url"}],"_links":{"self":[{"href":"https:\/\/www.hashtag.al\/index.php\/wp-json\/wp\/v2\/posts\/519879","targetHints":{"allow":["GET"]}}],"collection":[{"href":"https:\/\/www.hashtag.al\/index.php\/wp-json\/wp\/v2\/posts"}],"about":[{"href":"https:\/\/www.hashtag.al\/index.php\/wp-json\/wp\/v2\/types\/post"}],"author":[{"embeddable":true,"href":"https:\/\/www.hashtag.al\/index.php\/wp-json\/wp\/v2\/users\/30"}],"replies":[{"embeddable":true,"href":"https:\/\/www.hashtag.al\/index.php\/wp-json\/wp\/v2\/comments?post=519879"}],"version-history":[{"count":0,"href":"https:\/\/www.hashtag.al\/index.php\/wp-json\/wp\/v2\/posts\/519879\/revisions"}],"wp:featuredmedia":[{"embeddable":true,"href":"https:\/\/www.hashtag.al\/index.php\/wp-json\/wp\/v2\/media\/519883"}],"wp:attachment":[{"href":"https:\/\/www.hashtag.al\/index.php\/wp-json\/wp\/v2\/media?parent=519879"}],"wp:term":[{"taxonomy":"category","embeddable":true,"href":"https:\/\/www.hashtag.al\/index.php\/wp-json\/wp\/v2\/categories?post=519879"},{"taxonomy":"post_tag","embeddable":true,"href":"https:\/\/www.hashtag.al\/index.php\/wp-json\/wp\/v2\/tags?post=519879"}],"curies":[{"name":"wp","href":"https:\/\/api.w.org\/{rel}","templated":true}]}}