{"id":519871,"date":"2022-04-25T17:17:48","date_gmt":"2022-04-25T15:17:48","guid":{"rendered":"https:\/\/www.hashtag.al\/?p=519871"},"modified":"2022-04-25T18:00:56","modified_gmt":"2022-04-25T16:00:56","slug":"me-rrezikohet-jeta-e-djemve-cfare-deklaronte-ne-2020-en-pronari-i-hotelit-ne-pogradec-te-cilit-iu-plagos-sot-djali","status":"publish","type":"post","link":"https:\/\/www.hashtag.al\/index.php\/2022\/04\/25\/me-rrezikohet-jeta-e-djemve-cfare-deklaronte-ne-2020-en-pronari-i-hotelit-ne-pogradec-te-cilit-iu-plagos-sot-djali\/","title":{"rendered":"\u201cM\u00eb rrezikohet jeta e djemve\u201d &#8211; \u00c7far\u00eb deklaronte n\u00eb 2020-\u00ebn pronari i hotelit n\u00eb Pogradec t\u00eb cilit iu plagos sot djali","gt_translate_keys":[{"key":"rendered","format":"text"}]},"content":{"rendered":"<p><span style=\"color: #000000;\"><a href=\"https:\/\/www.hashtag.al\/wp-content\/uploads\/2022\/04\/Jetmir-Mucllari.png\"><img loading=\"lazy\" decoding=\"async\" class=\"aligncenter size-full wp-image-519872\" src=\"https:\/\/www.hashtag.al\/wp-content\/uploads\/2022\/04\/Jetmir-Mucllari.png\" alt=\"\" width=\"770\" height=\"435\" srcset=\"https:\/\/www.hashtag.al\/wp-content\/uploads\/2022\/04\/Jetmir-Mucllari.png 770w, https:\/\/www.hashtag.al\/wp-content\/uploads\/2022\/04\/Jetmir-Mucllari-300x169.png 300w, https:\/\/www.hashtag.al\/wp-content\/uploads\/2022\/04\/Jetmir-Mucllari-768x434.png 768w\" sizes=\"auto, (max-width: 770px) 100vw, 770px\" \/><\/a><\/span><\/p>\n<p><span style=\"color: #000000;\">T\u00eb tjera detaje dalin n\u00eb drit\u00eb nga plagosja e t\u00eb riut Johan Mu\u00e7llari n\u00eb Pogradec. I plagosuri \u00ebsht\u00eb djali i pronarit t\u00eb Hotel Voloreka n\u00eb Pogradec.<\/span><\/p>\n<p><span style=\"color: #000000;\">Mu\u00e7llari ka shkuar vet\u00eb n\u00eb spital, ku mjek\u00ebt q\u00eb kan\u00eb njoftuar policin\u00eb. I plagosuri ka treguar para uniformave blu se \u00ebsht\u00eb q\u00eblluar nga dy persona q\u00eb l\u00ebviznin me makin\u00eb. Autor\u00ebt e dyshuar jan\u00eb identifikuar nga Policia si Firdeus Berberi dhe Greisi Maxhari.<\/span><\/p>\n<p><span style=\"color: #000000;\">Kujtojm\u00eb se familja Mu\u00e7llari i shp\u00ebtoi dy atentateve brenda jav\u00ebs n\u00eb vitin 2020.<\/span><\/p>\n<p><span style=\"color: #000000;\">M\u00eb 8 gusht t\u00eb atij viti, hoteli i Jetmir Mu\u00e7llarit u q\u00ebllua me bresh\u00ebri automatiku n\u00eb nj\u00eb koh\u00eb kur brenda ishin turist\u00eb.<\/span><\/p>\n<p><span style=\"color: #000000;\">Asokohe pronari i hotelit tha se dy persona kishin q\u00eblluar disa her\u00eb me kallashnikov n\u00eb drejtim t\u00eb dhom\u00ebs ku flinte djali dhe dy dhomave ku ishin turist\u00eb.<\/span><\/p>\n<p><span style=\"color: #000000;\">Jetmir Mu\u00e7llari deklaronte para kamerave se djemve t\u00eb tij u rrezikohej jeta dhe k\u00ebrkonte mbrojtje nga Policia.<\/span><\/p>\n<p><span style=\"color: #000000;\"><em>\u201cJemi t\u00eb k\u00ebrcenuar si familje. K\u00ebrkojm\u00eb mbrojtje nga policia. Dyshoj se objektiv i atentatit t\u00eb sot\u00ebm dhe atij q\u00eb ndodhi para nj\u00eb jave ka qene djali im. I kam denoncuar me emra autor\u00ebt, por policia nuk po vepron. K\u00ebrkoj azil p\u00ebr dy djemt\u00eb, pasi k\u00ebtu ju rrezikohet jeta.\u201d<\/em>&#8211; deklaroi asokohe Mu\u00e7llari.<\/span><\/p>\n<p><strong><span style=\"color: #000000;\">NJOFTIMI I POLICIS\u00cb<\/span><\/strong><br \/>\n<span style=\"color: #000000;\">Plagos\u00ebn me arm\u00eb zjarri gjat\u00eb nj\u00eb konflikti t\u00eb \u00e7astit nj\u00eb shtetas, identifikohen dhe shpallen n\u00eb k\u00ebrkim dy autor\u00ebt e dyshuar t\u00eb ngjarjes.<\/span><\/p>\n<p><span style=\"color: #000000;\">M\u00eb dat\u00eb 25.04.2022, rreth or\u00ebs 16:00, n\u00eb Spitalin e Pogradecit \u00ebsht\u00eb paraqitur p\u00ebr mjekim, jasht\u00eb rrezikut p\u00ebr jet\u00ebn, i d\u00ebmtuar n\u00eb k\u00ebmb\u00eb shtetasi J. M., i cili dyshohet t\u00eb jet\u00eb plagosur n\u00eb lagjen \u201cVoloreka\u201d, me arm\u00eb zjarri tip pistolet\u00eb, gjat\u00eb nj\u00eb konflikti t\u00eb \u00e7astit, nga dy shtetas t\u00eb tjer\u00eb.<\/span><\/p>\n<p><span style=\"color: #000000;\">Menj\u00ebher\u00eb n\u00eb vendngjarje, kan\u00eb shkuar sh\u00ebrbimet e policis\u00eb dhe nga veprimet e para u b\u00eb e mundur identifikimi i dy autor\u00ebve t\u00eb dyshuar konkretisht shtetasit F. B. dhe G. M.<\/span><\/p>\n<p><span style=\"color: #000000;\">Nga ana e Policis\u00eb jan\u00eb ngritur pika kontrolli dhe po punohet p\u00ebr kapjen e tyre dhe sqarimin e rrethanave t\u00eb ngjarjes.<\/span><\/p>\n","protected":false,"gt_translate_keys":[{"key":"rendered","format":"html"}]},"excerpt":{"rendered":"<p>T\u00eb tjera detaje dalin n\u00eb drit\u00eb nga plagosja e t\u00eb riut Johan Mu\u00e7llari n\u00eb Pogradec. I plagosuri \u00ebsht\u00eb djali i pronarit t\u00eb Hotel Voloreka n\u00eb Pogradec. Mu\u00e7llari ka shkuar vet\u00eb n\u00eb spital, ku mjek\u00ebt q\u00eb kan\u00eb njoftuar policin\u00eb. I plagosuri ka treguar para uniformave blu se \u00ebsht\u00eb q\u00eblluar nga dy persona q\u00eb l\u00ebviznin me makin\u00eb. [&hellip;]<\/p>\n","protected":false,"gt_translate_keys":[{"key":"rendered","format":"html"}]},"author":30,"featured_media":519872,"comment_status":"closed","ping_status":"closed","sticky":false,"template":"","format":"standard","meta":{"footnotes":""},"categories":[65,13],"tags":[],"class_list":["post-519871","post","type-post","status-publish","format-standard","has-post-thumbnail","hentry","category-lajme","category-te-fundit"],"gt_translate_keys":[{"key":"link","format":"url"}],"_links":{"self":[{"href":"https:\/\/www.hashtag.al\/index.php\/wp-json\/wp\/v2\/posts\/519871","targetHints":{"allow":["GET"]}}],"collection":[{"href":"https:\/\/www.hashtag.al\/index.php\/wp-json\/wp\/v2\/posts"}],"about":[{"href":"https:\/\/www.hashtag.al\/index.php\/wp-json\/wp\/v2\/types\/post"}],"author":[{"embeddable":true,"href":"https:\/\/www.hashtag.al\/index.php\/wp-json\/wp\/v2\/users\/30"}],"replies":[{"embeddable":true,"href":"https:\/\/www.hashtag.al\/index.php\/wp-json\/wp\/v2\/comments?post=519871"}],"version-history":[{"count":0,"href":"https:\/\/www.hashtag.al\/index.php\/wp-json\/wp\/v2\/posts\/519871\/revisions"}],"wp:featuredmedia":[{"embeddable":true,"href":"https:\/\/www.hashtag.al\/index.php\/wp-json\/wp\/v2\/media\/519872"}],"wp:attachment":[{"href":"https:\/\/www.hashtag.al\/index.php\/wp-json\/wp\/v2\/media?parent=519871"}],"wp:term":[{"taxonomy":"category","embeddable":true,"href":"https:\/\/www.hashtag.al\/index.php\/wp-json\/wp\/v2\/categories?post=519871"},{"taxonomy":"post_tag","embeddable":true,"href":"https:\/\/www.hashtag.al\/index.php\/wp-json\/wp\/v2\/tags?post=519871"}],"curies":[{"name":"wp","href":"https:\/\/api.w.org\/{rel}","templated":true}]}}