{"id":519807,"date":"2022-04-25T14:22:14","date_gmt":"2022-04-25T12:22:14","guid":{"rendered":"https:\/\/www.hashtag.al\/?p=519807"},"modified":"2022-04-25T17:35:46","modified_gmt":"2022-04-25T15:35:46","slug":"zbardhet-vendimi-i-gjykates-kushtuese-arsyetimet-mbi-rrezimin-e-pd-se-per-komisionin-hetimor-per-ceshtjen-becchetti","status":"publish","type":"post","link":"https:\/\/www.hashtag.al\/index.php\/2022\/04\/25\/zbardhet-vendimi-i-gjykates-kushtuese-arsyetimet-mbi-rrezimin-e-pd-se-per-komisionin-hetimor-per-ceshtjen-becchetti\/","title":{"rendered":"Zbardhet vendimi i Gjykat\u00ebs Kushtuese: Arsyetimet mbi rr\u00ebzimin e PD-s\u00eb p\u00ebr Komisionin Hetimor p\u00ebr \u00e7\u00ebshtjen \u201cBecchetti\u201d","gt_translate_keys":[{"key":"rendered","format":"text"}]},"content":{"rendered":"<p><span style=\"color: #000000;\"><a href=\"https:\/\/www.hashtag.al\/wp-content\/uploads\/2022\/04\/Bechetti.jpg\"><img loading=\"lazy\" decoding=\"async\" class=\"aligncenter size-full wp-image-519810\" src=\"https:\/\/www.hashtag.al\/wp-content\/uploads\/2022\/04\/Bechetti.jpg\" alt=\"\" width=\"1536\" height=\"803\" srcset=\"https:\/\/www.hashtag.al\/wp-content\/uploads\/2022\/04\/Bechetti.jpg 1536w, https:\/\/www.hashtag.al\/wp-content\/uploads\/2022\/04\/Bechetti-300x157.jpg 300w, https:\/\/www.hashtag.al\/wp-content\/uploads\/2022\/04\/Bechetti-1024x535.jpg 1024w, https:\/\/www.hashtag.al\/wp-content\/uploads\/2022\/04\/Bechetti-768x402.jpg 768w\" sizes=\"auto, (max-width: 1536px) 100vw, 1536px\" \/><\/a><\/span><\/p>\n<p><span style=\"color: #000000;\">Zbardhet vendimi i Gjykat\u00ebs Kushtetuese e cila rr\u00ebzoi k\u00ebrkes\u00ebn e PD-s\u00eb p\u00ebr ngritjen e komisionit hetimor p\u00ebr \u2018\u00c7\u00ebshtjen Beccheti\u2019.<\/span><\/p>\n<p><span style=\"color: #000000;\">Sipas Gjykat\u00ebs Kushtetuese, lidhur me vendimin n\u00eb fjal\u00eb nuk \u00ebsht\u00eb arritur numri i nevojsh\u00ebm i votave t\u00eb k\u00ebrkuara p\u00ebr vendimmarrje.<\/span><\/p>\n<p><span style=\"color: #000000;\">N\u00eb \u00e7\u00ebshtjen konkrete, Gjykata v\u00ebren se k\u00ebrkesa p\u00ebr ngritjen e komisionit hetimor e depozituar n\u00eb Kuvend \u00ebsht\u00eb n\u00ebnshkruar nga 39 deputet\u00eb. K\u00ebrkesa p\u00ebr zgjidhjen e mosmarr\u00ebveshjes s\u00eb kompetencave drejtuar Gjykat\u00ebs \u00ebsht\u00eb n\u00ebnshkruar nga 36 deputet\u00eb, 5 nga t\u00eb cil\u00ebt nuk rezultojn\u00eb t\u00eb ken\u00eb n\u00ebnshkruar k\u00ebrkes\u00ebn p\u00ebr ngritjen e komisionit hetimor.<\/span><\/p>\n<p><span style=\"color: #000000;\"><em>\u00a0\u201cPra, vet\u00ebm 31 nga 36 deputet\u00eb q\u00eb i jan\u00eb drejtuar Gjykat\u00ebs rezultojn\u00eb t\u00eb ken\u00eb n\u00ebnshkruar edhe k\u00ebrkes\u00ebn p\u00ebr ngritjen e komisionit hetimor. N\u00eb k\u00ebt\u00eb situat\u00eb, edhe pse k\u00ebrkesa drejtuar Gjykat\u00ebs formalisht plot\u00ebson numrin e k\u00ebrkuar nga neni 77, pika 2, i Kushtetut\u00ebs (35 deputet\u00eb), lista nominale e deputet\u00ebve n\u00eb t\u00eb dyja k\u00ebrkesat nuk p\u00ebrputhet.\u201d-<\/em> thot\u00eb Kushtetuesja.<\/span><\/p>\n<p><span style=\"color: #000000;\">Gjykata thot\u00eb m\u00eb tutje se pasi mori n\u00eb shqyrtim legjitimimin e nj\u00eb t\u00eb kat\u00ebrt\u00ebs s\u00eb deputet\u00ebve q\u00eb kan\u00eb v\u00ebn\u00eb n\u00eb l\u00ebvizje gjykimin kushtetues n\u00eb raport me nj\u00eb t\u00eb kat\u00ebrt\u00ebn e deputet\u00ebve q\u00eb kan\u00eb k\u00ebrkuar ngritjen e komisionit hetimor n\u00eb Kuvend,<em> \u201cnuk arriti numrin e k\u00ebrkuar t\u00eb votave p\u00ebr vendimmarrje, sipas nenit 133, pika 2, t\u00eb Kushtetut\u00ebs, t\u00eb detajuar edhe n\u00eb nenin 72, pika 2, t\u00eb ligjit nr. 8577\/2000<a style=\"color: #000000;\" name=\"_ftnref1\"><\/a>. P\u00ebr rrjedhoj\u00eb, duke qen\u00eb se nuk u formua shumica prej 5 gjyqtar\u00ebsh, n\u00eb kuptim t\u00eb nenit73, pika 4, t\u00eb ligjit nr.8577\/2000, k\u00ebrkesa e nj\u00eb t\u00eb kat\u00ebrt\u00ebs s\u00eb deputet\u00ebve konsiderohet e rr\u00ebzuar.\u201d<\/em><\/span><\/p>\n<p><strong><span style=\"color: #000000;\">Lexo <a href=\"https:\/\/www.hashtag.al\/wp-content\/uploads\/2022\/04\/vend_09_22.docx\">k\u00ebtu<\/a> vendimin e plot\u00eb.<\/span><\/strong><\/p>\n","protected":false,"gt_translate_keys":[{"key":"rendered","format":"html"}]},"excerpt":{"rendered":"<p>Zbardhet vendimi i Gjykat\u00ebs Kushtetuese e cila rr\u00ebzoi k\u00ebrkes\u00ebn e PD-s\u00eb p\u00ebr ngritjen e komisionit hetimor p\u00ebr \u2018\u00c7\u00ebshtjen Beccheti\u2019. Sipas Gjykat\u00ebs Kushtetuese, lidhur me vendimin n\u00eb fjal\u00eb nuk \u00ebsht\u00eb arritur numri i nevojsh\u00ebm i votave t\u00eb k\u00ebrkuara p\u00ebr vendimmarrje. N\u00eb \u00e7\u00ebshtjen konkrete, Gjykata v\u00ebren se k\u00ebrkesa p\u00ebr ngritjen e komisionit hetimor e depozituar n\u00eb Kuvend [&hellip;]<\/p>\n","protected":false,"gt_translate_keys":[{"key":"rendered","format":"html"}]},"author":30,"featured_media":519810,"comment_status":"closed","ping_status":"closed","sticky":false,"template":"","format":"standard","meta":{"footnotes":""},"categories":[65,13],"tags":[],"class_list":["post-519807","post","type-post","status-publish","format-standard","has-post-thumbnail","hentry","category-lajme","category-te-fundit"],"gt_translate_keys":[{"key":"link","format":"url"}],"_links":{"self":[{"href":"https:\/\/www.hashtag.al\/index.php\/wp-json\/wp\/v2\/posts\/519807","targetHints":{"allow":["GET"]}}],"collection":[{"href":"https:\/\/www.hashtag.al\/index.php\/wp-json\/wp\/v2\/posts"}],"about":[{"href":"https:\/\/www.hashtag.al\/index.php\/wp-json\/wp\/v2\/types\/post"}],"author":[{"embeddable":true,"href":"https:\/\/www.hashtag.al\/index.php\/wp-json\/wp\/v2\/users\/30"}],"replies":[{"embeddable":true,"href":"https:\/\/www.hashtag.al\/index.php\/wp-json\/wp\/v2\/comments?post=519807"}],"version-history":[{"count":0,"href":"https:\/\/www.hashtag.al\/index.php\/wp-json\/wp\/v2\/posts\/519807\/revisions"}],"wp:featuredmedia":[{"embeddable":true,"href":"https:\/\/www.hashtag.al\/index.php\/wp-json\/wp\/v2\/media\/519810"}],"wp:attachment":[{"href":"https:\/\/www.hashtag.al\/index.php\/wp-json\/wp\/v2\/media?parent=519807"}],"wp:term":[{"taxonomy":"category","embeddable":true,"href":"https:\/\/www.hashtag.al\/index.php\/wp-json\/wp\/v2\/categories?post=519807"},{"taxonomy":"post_tag","embeddable":true,"href":"https:\/\/www.hashtag.al\/index.php\/wp-json\/wp\/v2\/tags?post=519807"}],"curies":[{"name":"wp","href":"https:\/\/api.w.org\/{rel}","templated":true}]}}