{"id":519570,"date":"2022-04-24T10:15:28","date_gmt":"2022-04-24T08:15:28","guid":{"rendered":"https:\/\/www.hashtag.al\/?p=519570"},"modified":"2022-04-24T10:15:28","modified_gmt":"2022-04-24T08:15:28","slug":"sot-e-diela-pa-makina-ne-tirane-rruget-ku-do-bllokohet-qarkullimi","status":"publish","type":"post","link":"https:\/\/www.hashtag.al\/index.php\/2022\/04\/24\/sot-e-diela-pa-makina-ne-tirane-rruget-ku-do-bllokohet-qarkullimi\/","title":{"rendered":"Sot e diela pa makina n\u00eb Tiran\u00eb, rrug\u00ebt ku do bllokohet qarkullimi","gt_translate_keys":[{"key":"rendered","format":"text"}]},"content":{"rendered":"<p style=\"text-align: justify;\"><span style=\"color: #000000;\"><img loading=\"lazy\" decoding=\"async\" class=\"aligncenter size-full wp-image-512437\" src=\"https:\/\/www.hashtag.al\/wp-content\/uploads\/2022\/03\/pa-makina.jpg\" alt=\"\" width=\"594\" height=\"381\" srcset=\"https:\/\/www.hashtag.al\/wp-content\/uploads\/2022\/03\/pa-makina.jpg 594w, https:\/\/www.hashtag.al\/wp-content\/uploads\/2022\/03\/pa-makina-300x192.jpg 300w\" sizes=\"auto, (max-width: 594px) 100vw, 594px\" \/><\/span><\/p>\n<p style=\"text-align: justify;\"><span style=\"color: #000000;\">E diela do t\u00eb jet\u00eb pa makina sot n\u00eb Tiran\u00eb.<\/span><\/p>\n<p style=\"text-align: justify;\"><span style=\"color: #000000;\">Kufizimi i qarkullimit t\u00eb automjeteve, n\u00eb kuad\u00ebr t\u00eb Dit\u00ebs pa Makina, sot nga ora 09:00 deri n\u00eb or\u00ebn 15:00, do t\u00eb jet\u00eb n\u00eb segmentet e m\u00ebposhtme:<\/span><\/p>\n<p style=\"text-align: justify;\"><span style=\"color: #000000;\">&#8211; Bulevardi \u2018D\u00ebshmor\u00ebt e Kombit\u2019- nga Ministria e Brendshme deri n\u00eb fillim te \u2018Ish- Hotel Dajti\u2019.<\/span><\/p>\n<p style=\"text-align: justify;\"><span style=\"color: #000000;\">&#8211; Bulevardi \u2018D\u00ebshmor\u00ebt e Kombit\u2019 nga Ura e \u2018ish Hotel Dajtit\u2019 deri n\u00eb kryq\u00ebzimin me rrug\u00ebn \u2018Ismail Qemali\u2019.<\/span><\/p>\n<p style=\"text-align: justify;\"><span style=\"color: #000000;\">&#8211; Segmenti i rrug\u00ebs -Myslym Shyri- nga kryq\u00ebzimi i Gjykat\u00ebs s\u00eb Lart\u00eb me drejtim dalje n\u00eb Bulevardin \u2018D\u00ebshmor\u00ebt e Kombit\u2019.<\/span><\/p>\n<p style=\"text-align: justify;\"><span style=\"color: #000000;\">-Qarkullimi i automjeteve, mjeteve t\u00eb emergjenc\u00ebs dhe Policis\u00eb s\u00eb Shtetit do t\u00eb b\u00ebhet sipas planit t\u00eb l\u00ebvizjes m\u00eb posht\u00eb:<\/span><\/p>\n<p style=\"text-align: justify;\"><span style=\"color: #000000;\">&#8211; Mjetet e emergjenc\u00ebs, Policis\u00eb s\u00eb Shtetit, Sh\u00ebrbimit Publik Urban Qytetas dhe Taxi 4+1 do t\u00eb jet\u00eb i mundur p\u00ebr gjat\u00eb gjith\u00eb koh\u00ebs n\u00eb segmentet e p\u00ebrcaktuara n\u00eb pik\u00ebn I t\u00eb k\u00ebsaj urdh\u00ebrese.<\/span><\/p>\n<p style=\"text-align: justify;\"><span style=\"color: #000000;\">&#8211; P\u00ebr t\u00eb gjith\u00eb automjetet e tjera aksesi do t\u00eb jet\u00eb n\u00eb rrug\u00ebt \u2018Ibrahim Rugova\u2019, Blv. \u2018Zhan D&#8217;Ark\u2019, Blv. \u2018Bajram Curri\u2019 dhe \u2018George.W.Bush\u2019. Qarkullimi n\u00eb kryq\u00ebzimin e rrug\u00ebs \u2018Myslym Shyri\u2019 me rrug\u00ebn \u2018Ibrahim Rugova\u2019 do t\u00eb jet\u00eb i detyruar djathtas.<\/span><\/p>\n<p style=\"text-align: justify;\">\n","protected":false,"gt_translate_keys":[{"key":"rendered","format":"html"}]},"excerpt":{"rendered":"<p>E diela do t\u00eb jet\u00eb pa makina sot n\u00eb Tiran\u00eb. Kufizimi i qarkullimit t\u00eb automjeteve, n\u00eb kuad\u00ebr t\u00eb Dit\u00ebs pa Makina, sot nga ora 09:00 deri n\u00eb or\u00ebn 15:00, do t\u00eb jet\u00eb n\u00eb segmentet e m\u00ebposhtme: &#8211; Bulevardi \u2018D\u00ebshmor\u00ebt e Kombit\u2019- nga Ministria e Brendshme deri n\u00eb fillim te \u2018Ish- Hotel Dajti\u2019. &#8211; Bulevardi \u2018D\u00ebshmor\u00ebt [&hellip;]<\/p>\n","protected":false,"gt_translate_keys":[{"key":"rendered","format":"html"}]},"author":32,"featured_media":512437,"comment_status":"closed","ping_status":"closed","sticky":false,"template":"","format":"standard","meta":{"footnotes":""},"categories":[65,13],"tags":[],"class_list":["post-519570","post","type-post","status-publish","format-standard","has-post-thumbnail","hentry","category-lajme","category-te-fundit"],"gt_translate_keys":[{"key":"link","format":"url"}],"_links":{"self":[{"href":"https:\/\/www.hashtag.al\/index.php\/wp-json\/wp\/v2\/posts\/519570","targetHints":{"allow":["GET"]}}],"collection":[{"href":"https:\/\/www.hashtag.al\/index.php\/wp-json\/wp\/v2\/posts"}],"about":[{"href":"https:\/\/www.hashtag.al\/index.php\/wp-json\/wp\/v2\/types\/post"}],"author":[{"embeddable":true,"href":"https:\/\/www.hashtag.al\/index.php\/wp-json\/wp\/v2\/users\/32"}],"replies":[{"embeddable":true,"href":"https:\/\/www.hashtag.al\/index.php\/wp-json\/wp\/v2\/comments?post=519570"}],"version-history":[{"count":0,"href":"https:\/\/www.hashtag.al\/index.php\/wp-json\/wp\/v2\/posts\/519570\/revisions"}],"wp:featuredmedia":[{"embeddable":true,"href":"https:\/\/www.hashtag.al\/index.php\/wp-json\/wp\/v2\/media\/512437"}],"wp:attachment":[{"href":"https:\/\/www.hashtag.al\/index.php\/wp-json\/wp\/v2\/media?parent=519570"}],"wp:term":[{"taxonomy":"category","embeddable":true,"href":"https:\/\/www.hashtag.al\/index.php\/wp-json\/wp\/v2\/categories?post=519570"},{"taxonomy":"post_tag","embeddable":true,"href":"https:\/\/www.hashtag.al\/index.php\/wp-json\/wp\/v2\/tags?post=519570"}],"curies":[{"name":"wp","href":"https:\/\/api.w.org\/{rel}","templated":true}]}}