{"id":519568,"date":"2022-04-24T09:49:30","date_gmt":"2022-04-24T07:49:30","guid":{"rendered":"https:\/\/www.hashtag.al\/?p=519568"},"modified":"2022-04-24T09:49:30","modified_gmt":"2022-04-24T07:49:30","slug":"francezet-zgjedhin-presidentin-sot-macron-kerkon-konfirmimin-le-pen-ndryshimet-radikale","status":"publish","type":"post","link":"https:\/\/www.hashtag.al\/index.php\/2022\/04\/24\/francezet-zgjedhin-presidentin-sot-macron-kerkon-konfirmimin-le-pen-ndryshimet-radikale\/","title":{"rendered":"Francez\u00ebt zgjedhin Presidentin sot, Macron k\u00ebrkon konfirmimin, Le Pen ndryshimet radikale","gt_translate_keys":[{"key":"rendered","format":"text"}]},"content":{"rendered":"<p style=\"text-align: justify;\"><span style=\"color: #000000;\"><img loading=\"lazy\" decoding=\"async\" class=\"aligncenter size-full wp-image-459109\" src=\"https:\/\/www.hashtag.al\/wp-content\/uploads\/2021\/06\/macron-le-pen.jpg\" alt=\"\" width=\"1600\" height=\"900\" srcset=\"https:\/\/www.hashtag.al\/wp-content\/uploads\/2021\/06\/macron-le-pen.jpg 1600w, https:\/\/www.hashtag.al\/wp-content\/uploads\/2021\/06\/macron-le-pen-300x169.jpg 300w, https:\/\/www.hashtag.al\/wp-content\/uploads\/2021\/06\/macron-le-pen-768x432.jpg 768w, https:\/\/www.hashtag.al\/wp-content\/uploads\/2021\/06\/macron-le-pen-1024x576.jpg 1024w\" sizes=\"auto, (max-width: 1600px) 100vw, 1600px\" \/><\/span><\/p>\n<p style=\"text-align: justify;\"><span style=\"color: #000000;\">Francez\u00ebt kan\u00eb nisur t\u00eb votojn\u00eb t\u00eb diel\u00ebn, 24 prill, n\u00eb zgjedhjet q\u00eb do t\u00eb vendosin n\u00ebse presidenti aktual pro-Bashkimit Evropian, Emmanual Macron, do t\u00eb vazhdoj\u00eb pun\u00ebn edhe p\u00ebr nj\u00eb mandat apo do t\u00eb mundet nga Marine Le Pen, euroskeptike.<\/span><\/p>\n<p style=\"text-align: justify;\"><span style=\"color: #000000;\">Sondazhet e dit\u00ebve t\u00eb fundit i kan\u00eb dh\u00ebn\u00eb Macronit nj\u00eb rritje t\u00eb leht\u00eb dhe analist\u00ebt kan\u00eb th\u00ebn\u00eb se Le Pen \u2013 pavar\u00ebsisht p\u00ebrpjekjeve t\u00eb saj p\u00ebr t\u00eb zbutur tonet dhe imazhin \u2013 ka mbetur jo shum\u00eb popullore p\u00ebr nj\u00eb pjes\u00eb t\u00eb konsiderueshme t\u00eb votuesve.<\/span><\/p>\n<p style=\"text-align: justify;\"><span style=\"color: #000000;\">Mir\u00ebpo nj\u00eb fitore e befasishme e Le Penit nuk mund t\u00eb p\u00ebrjashtohet, duke marr\u00eb parasysh numrin e madh t\u00eb votuesve t\u00eb pavendosur.<\/span><\/p>\n<p style=\"text-align: justify;\"><span style=\"color: #000000;\">Ndon\u00ebse sondazhet nuk i japin shumic\u00ebn asnj\u00ebrit kandidat, zgjedhjet do t\u00eb varen nga votuesit q\u00eb jan\u00eb duke peshuar n\u00eb ankth situat\u00ebn e nj\u00eb presidence t\u00eb ekstremit t\u00eb djatht\u00eb ndaj zem\u00ebrimit q\u00eb ekziston p\u00ebr presidenc\u00ebn aktuale t\u00eb Macronit.<\/span><\/p>\n<p style=\"text-align: justify;\"><span style=\"color: #000000;\">N\u00ebse Le Pen fiton, kjo gj\u00eb do t\u00eb shkaktonte t\u00eb nj\u00ebjt\u00ebn ndjesi shoku sikurse ai kur britanik\u00ebt pat\u00ebn vendosur p\u00ebr t\u2019u larguar nga Bashkimi Evropian.<\/span><\/p>\n<p style=\"text-align: justify;\"><span style=\"color: #000000;\">Kutit\u00eb e votimit jan\u00eb hapur n\u00eb or\u00ebn 08:00 dhe do t\u00eb mbyllen n\u00eb or\u00ebn 20:00.<\/span><\/p>\n<p style=\"text-align: justify;\"><span style=\"color: #000000;\">Sondazhet e para pritet t\u00eb dalin menj\u00ebher\u00eb pas mbylljes s\u00eb vendvotimeve.<\/span><\/p>\n<p style=\"text-align: justify;\"><span style=\"color: #000000;\">\u201cSecili prej tyre ka mang\u00ebsi t\u00eb m\u00ebdha\u201d, ka th\u00ebn\u00eb Bernard Sananes n\u00eb nj\u00ebrin prej sondazheve, transmeton agjencia e lajmeve, Reuters.<\/span><\/p>\n<p style=\"text-align: justify;\"><span style=\"color: #000000;\">\u201cEmmanuel Macron konsiderohet arrogant nga m\u00eb shum\u00eb se nj\u00eb n\u00eb dy votues dhe Marine Le Pen vazhdon t\u00eb jet\u00eb e frikshme p\u00ebr gjysm\u00ebn prej tyre\u201d.<\/span><\/p>\n<p style=\"text-align: justify;\"><span style=\"color: #000000;\">Macron, 44-vje\u00e7ar, fitues i nj\u00eb gare me rivalen e nj\u00ebjt\u00eb pes\u00eb vjet m\u00eb par\u00eb, ka paralajm\u00ebruar p\u00ebr \u201cluft\u00eb civile\u201d n\u00ebse fiton Le Pen.<\/span><\/p>\n<p style=\"text-align: justify;\"><span style=\"color: #000000;\">N\u00eb politikat e Le Pen \u2013 53-vje\u00e7are &#8211; p\u00ebrfshihet ndalesa e vendosjes s\u00eb mbules\u00ebs p\u00ebr grat\u00eb myslimane n\u00eb publik.<\/span><\/p>\n<p style=\"text-align: justify;\"><span style=\"color: #000000;\">Ajo ka fokusuar fushat\u00ebn e saj n\u00eb rritjen e fundit t\u00eb kostove t\u00eb jetes\u00ebs n\u00eb Franc\u00eb, gj\u00eb q\u00eb sipas francez\u00ebve \u00ebsht\u00eb p\u00ebrkeq\u00ebsuar me rritjen e fundit t\u00eb \u00e7mimeve t\u00eb energjis\u00eb n\u00eb gjith\u00eb bot\u00ebn.<\/span><\/p>\n<p style=\"text-align: justify;\"><span style=\"color: #000000;\">Ajo po ashtu ka kritikuar Macronin duke th\u00ebn\u00eb se ai tregon p\u00ebrbuzje elitare p\u00ebr njer\u00ebzit e zakonsh\u00ebm.<\/span><\/p>\n<p style=\"text-align: justify;\"><span style=\"color: #000000;\">\u201cPyetja e s\u00eb diel\u00ebs \u00ebsht\u00eb e thjesht\u00eb: Macroni apo Franca\u201d, ka th\u00ebn\u00eb ajo n\u00eb nj\u00eb takim me mb\u00ebshtet\u00ebsit e saj n\u00eb qytetin francez Arras t\u00eb enjten.<\/span><\/p>\n<p style=\"text-align: justify;\"><span style=\"color: #000000;\">K\u00ebto mesazhe t\u00eb saj kan\u00eb b\u00ebr\u00eb jehon\u00eb te shum\u00eb njer\u00ebz.<\/span><\/p>\n<p style=\"text-align: justify;\"><span style=\"color: #000000;\">\u201cAjo \u00ebsht\u00eb e af\u00ebrt me njer\u00ebzit. Ajo mund t\u00eb transmetoj\u00eb fuqin\u00eb e saj te njer\u00ebzit, t\u2019i b\u00ebj\u00eb t\u00eb qeshin, t\u2019u jap\u00eb njer\u00ebzve oksigjen\u201d, ka th\u00ebn\u00eb nj\u00eb roje e burgjeve, Erika Herbin, 43-vje\u00e7are, pas takimit.<\/span><\/p>\n<p style=\"text-align: justify;\"><span style=\"color: #000000;\">T\u00eb tjer\u00eb, sikurse Ghislaine Madalie, floktare n\u00eb qend\u00ebr t\u00eb Franc\u00ebs, nuk pajtohen aspak.<\/span><\/p>\n<p style=\"text-align: justify;\"><span style=\"color: #000000;\">N\u00ebse Le Pen z\u00eb karrigen e presidentit, ajo do t\u00eb m\u00ebtoj\u00eb t\u00eb b\u00ebj\u00eb ndryshime radikale n\u00eb politikat e brendshme dhe t\u00eb jashtme t\u00eb shtetit dhe protestat n\u00eb rrug\u00eb mund t\u00eb nisnin menj\u00ebher\u00eb. Ndikimi do t\u00eb v\u00ebrehej n\u00eb gjith\u00eb Evrop\u00ebn dhe m\u00eb tej.<\/span><\/p>\n<p style=\"text-align: justify;\">\n","protected":false,"gt_translate_keys":[{"key":"rendered","format":"html"}]},"excerpt":{"rendered":"<p>Francez\u00ebt kan\u00eb nisur t\u00eb votojn\u00eb t\u00eb diel\u00ebn, 24 prill, n\u00eb zgjedhjet q\u00eb do t\u00eb vendosin n\u00ebse presidenti aktual pro-Bashkimit Evropian, Emmanual Macron, do t\u00eb vazhdoj\u00eb pun\u00ebn edhe p\u00ebr nj\u00eb mandat apo do t\u00eb mundet nga Marine Le Pen, euroskeptike. Sondazhet e dit\u00ebve t\u00eb fundit i kan\u00eb dh\u00ebn\u00eb Macronit nj\u00eb rritje t\u00eb leht\u00eb dhe analist\u00ebt kan\u00eb [&hellip;]<\/p>\n","protected":false,"gt_translate_keys":[{"key":"rendered","format":"html"}]},"author":32,"featured_media":459109,"comment_status":"closed","ping_status":"closed","sticky":false,"template":"","format":"standard","meta":{"footnotes":""},"categories":[6,13],"tags":[],"class_list":["post-519568","post","type-post","status-publish","format-standard","has-post-thumbnail","hentry","category-nderkombetare","category-te-fundit"],"gt_translate_keys":[{"key":"link","format":"url"}],"_links":{"self":[{"href":"https:\/\/www.hashtag.al\/index.php\/wp-json\/wp\/v2\/posts\/519568","targetHints":{"allow":["GET"]}}],"collection":[{"href":"https:\/\/www.hashtag.al\/index.php\/wp-json\/wp\/v2\/posts"}],"about":[{"href":"https:\/\/www.hashtag.al\/index.php\/wp-json\/wp\/v2\/types\/post"}],"author":[{"embeddable":true,"href":"https:\/\/www.hashtag.al\/index.php\/wp-json\/wp\/v2\/users\/32"}],"replies":[{"embeddable":true,"href":"https:\/\/www.hashtag.al\/index.php\/wp-json\/wp\/v2\/comments?post=519568"}],"version-history":[{"count":0,"href":"https:\/\/www.hashtag.al\/index.php\/wp-json\/wp\/v2\/posts\/519568\/revisions"}],"wp:featuredmedia":[{"embeddable":true,"href":"https:\/\/www.hashtag.al\/index.php\/wp-json\/wp\/v2\/media\/459109"}],"wp:attachment":[{"href":"https:\/\/www.hashtag.al\/index.php\/wp-json\/wp\/v2\/media?parent=519568"}],"wp:term":[{"taxonomy":"category","embeddable":true,"href":"https:\/\/www.hashtag.al\/index.php\/wp-json\/wp\/v2\/categories?post=519568"},{"taxonomy":"post_tag","embeddable":true,"href":"https:\/\/www.hashtag.al\/index.php\/wp-json\/wp\/v2\/tags?post=519568"}],"curies":[{"name":"wp","href":"https:\/\/api.w.org\/{rel}","templated":true}]}}