{"id":519558,"date":"2022-04-24T08:03:21","date_gmt":"2022-04-24T06:03:21","guid":{"rendered":"https:\/\/www.hashtag.al\/?p=519558"},"modified":"2022-04-24T08:03:21","modified_gmt":"2022-04-24T06:03:21","slug":"ukraina-kercenon-te-terhiqet-nga-bisedimet-e-paqes-me-rusine","status":"publish","type":"post","link":"https:\/\/www.hashtag.al\/index.php\/2022\/04\/24\/ukraina-kercenon-te-terhiqet-nga-bisedimet-e-paqes-me-rusine\/","title":{"rendered":"Ukraina k\u00ebrc\u00ebnon t\u00eb t\u00ebrhiqet nga bisedimet e paqes me Rusin\u00eb","gt_translate_keys":[{"key":"rendered","format":"text"}]},"content":{"rendered":"<p><span style=\"color: #000000;\"><a href=\"https:\/\/www.hashtag.al\/wp-content\/uploads\/2022\/04\/zelensky-1.jpeg\"><img loading=\"lazy\" decoding=\"async\" class=\"aligncenter size-full wp-image-519559\" src=\"https:\/\/www.hashtag.al\/wp-content\/uploads\/2022\/04\/zelensky-1.jpeg\" alt=\"\" width=\"540\" height=\"304\" srcset=\"https:\/\/www.hashtag.al\/wp-content\/uploads\/2022\/04\/zelensky-1.jpeg 540w, https:\/\/www.hashtag.al\/wp-content\/uploads\/2022\/04\/zelensky-1-300x169.jpeg 300w\" sizes=\"auto, (max-width: 540px) 100vw, 540px\" \/><\/a><\/span><\/p>\n<p><span style=\"color: #000000;\">Presidenti ukrainas Volodymyr Zelensky zbuloi t\u00eb shtun\u00ebn se \u00e7far\u00eb lloj ngjarjesh mund ta detyrojn\u00eb vendin e tij t\u00eb t\u00ebrhiqet nga negociatat e paqes me Mosk\u00ebn.<\/span><\/p>\n<p><span style=\"color: #000000;\">Gjat\u00eb nj\u00eb konference p\u00ebr shtyp, Zelensky u pyet se si do t&#8217;i p\u00ebrgjigjej Kievi referendumeve t\u00eb mundshme t\u00eb pavar\u00ebsis\u00eb n\u00eb territoret e kontrolluara nga forcat ruse. Presidenti pranoi se kjo do ta detyronte t\u00eb ndalonte \u00e7do bised\u00eb me Mosk\u00ebn.<\/span><\/p>\n<p><span style=\"color: #000000;\"><em>\u201cN\u00ebse populli yn\u00eb shkat\u00ebrrohet n\u00eb Mariupol, n\u00ebse shpallet nj\u00eb referendum, nj\u00eb pseudo-referendum n\u00eb \u00e7do pseudo-republik\u00eb t\u00eb re t\u00eb Ukrain\u00ebs, Ukraina do t\u00eb t\u00ebrhiqet nga \u00e7do proces negociatash.\u201d<\/em>&#8211; tha Zelensky sipas <span style=\"color: #0000ff;\"><a style=\"color: #0000ff;\" href=\"https:\/\/www.rt.com\/russia\/554412-zelensky-negotiations-mariupol-referendum\/\">RT<\/a><\/span>.<\/span><\/p>\n<p><span style=\"color: #000000;\">Dy dit\u00eb m\u00eb par\u00eb, Moska njoftoi kapjen e Mariupolit. Megjithat\u00eb, presidenti rus Vladimir Putin anuloi sulmin ndaj fabrik\u00ebs Azovstal, e cila mbetet streha e fundit e forcave ukrainase, duke p\u00ebrfshir\u00eb luft\u00ebtar\u00ebt e regjimentit Azov, n\u00eb qytetin port strategjik. Trupat ruse duhet t\u00eb<em> &#8220;vulosin zon\u00ebn n\u00eb m\u00ebnyr\u00eb q\u00eb nj\u00eb miz\u00eb t\u00eb mos mund t\u00eb kaloj\u00eb&#8221;<\/em>, urdh\u00ebroi Putin. Nd\u00ebrkoh\u00eb, Zelensky pranoi se p\u00ebr momentin Ukraina nuk \u00ebsht\u00eb n\u00eb gjendje t\u00eb rimarr\u00eb Mariupolin ushtarakisht dhe se luft\u00ebtar\u00ebt e izoluar atje jan\u00eb t\u00eb vet\u00ebdijsh\u00ebm p\u00ebr k\u00ebt\u00eb.<\/span><\/p>\n<p><span style=\"color: #000000;\">Zelensky p\u00ebrs\u00ebriti d\u00ebshir\u00ebn e tij p\u00ebr t\u00eb zhvilluar bisedime t\u00eb drejtp\u00ebrdrejta me Vladimir Putinin, pasi <em>&#8220;lufta mund t\u00eb ndalet nga personi q\u00eb e filloi at\u00eb&#8221;.<\/em> Ai shpjegoi se, si\u00e7 mendon ai, negociatat e drejtp\u00ebrdrejta mund t\u00eb jen\u00eb nj\u00eb m\u00ebnyr\u00eb m\u00eb efektive p\u00ebr t\u00eb arritur paqen sesa t\u00eb folurit n\u00ebp\u00ebrmjet nd\u00ebrmjet\u00ebsve.<\/span><\/p>\n<p><span style=\"color: #000000;\"><em>\u201cDua t\u00eb ndaloj luft\u00ebn dhe t&#8217;i jap fund. Ka rrug\u00eb diplomatike dhe ushtarake. \u00c7do person i sh\u00ebndetsh\u00ebm zgjedh rrug\u00ebn diplomatike sepse e di se edhe n\u00ebse \u00ebsht\u00eb e v\u00ebshtir\u00eb, mund t\u00eb parandaloj\u00eb humbjen e miliona njer\u00ebzve.\u201d-<\/em> tha Zelensky.<\/span><\/p>\n<p><span style=\"color: #000000;\">Nd\u00ebrkoh\u00eb, Putini nuk e ka p\u00ebrjashtuar mund\u00ebsin\u00eb e nj\u00eb takimi personal me Zelensky, por theksoi se kjo do t\u00eb varet nga ecuria e bisedimeve mes ekipeve negociatore.<\/span><\/p>\n","protected":false,"gt_translate_keys":[{"key":"rendered","format":"html"}]},"excerpt":{"rendered":"<p>Presidenti ukrainas Volodymyr Zelensky zbuloi t\u00eb shtun\u00ebn se \u00e7far\u00eb lloj ngjarjesh mund ta detyrojn\u00eb vendin e tij t\u00eb t\u00ebrhiqet nga negociatat e paqes me Mosk\u00ebn. Gjat\u00eb nj\u00eb konference p\u00ebr shtyp, Zelensky u pyet se si do t&#8217;i p\u00ebrgjigjej Kievi referendumeve t\u00eb mundshme t\u00eb pavar\u00ebsis\u00eb n\u00eb territoret e kontrolluara nga forcat ruse. Presidenti pranoi se kjo [&hellip;]<\/p>\n","protected":false,"gt_translate_keys":[{"key":"rendered","format":"html"}]},"author":30,"featured_media":519559,"comment_status":"closed","ping_status":"closed","sticky":false,"template":"","format":"standard","meta":{"footnotes":""},"categories":[6,13],"tags":[],"class_list":["post-519558","post","type-post","status-publish","format-standard","has-post-thumbnail","hentry","category-nderkombetare","category-te-fundit"],"gt_translate_keys":[{"key":"link","format":"url"}],"_links":{"self":[{"href":"https:\/\/www.hashtag.al\/index.php\/wp-json\/wp\/v2\/posts\/519558","targetHints":{"allow":["GET"]}}],"collection":[{"href":"https:\/\/www.hashtag.al\/index.php\/wp-json\/wp\/v2\/posts"}],"about":[{"href":"https:\/\/www.hashtag.al\/index.php\/wp-json\/wp\/v2\/types\/post"}],"author":[{"embeddable":true,"href":"https:\/\/www.hashtag.al\/index.php\/wp-json\/wp\/v2\/users\/30"}],"replies":[{"embeddable":true,"href":"https:\/\/www.hashtag.al\/index.php\/wp-json\/wp\/v2\/comments?post=519558"}],"version-history":[{"count":0,"href":"https:\/\/www.hashtag.al\/index.php\/wp-json\/wp\/v2\/posts\/519558\/revisions"}],"wp:featuredmedia":[{"embeddable":true,"href":"https:\/\/www.hashtag.al\/index.php\/wp-json\/wp\/v2\/media\/519559"}],"wp:attachment":[{"href":"https:\/\/www.hashtag.al\/index.php\/wp-json\/wp\/v2\/media?parent=519558"}],"wp:term":[{"taxonomy":"category","embeddable":true,"href":"https:\/\/www.hashtag.al\/index.php\/wp-json\/wp\/v2\/categories?post=519558"},{"taxonomy":"post_tag","embeddable":true,"href":"https:\/\/www.hashtag.al\/index.php\/wp-json\/wp\/v2\/tags?post=519558"}],"curies":[{"name":"wp","href":"https:\/\/api.w.org\/{rel}","templated":true}]}}