{"id":519467,"date":"2022-04-23T14:16:02","date_gmt":"2022-04-23T12:16:02","guid":{"rendered":"https:\/\/www.hashtag.al\/?p=519467"},"modified":"2022-04-23T14:16:02","modified_gmt":"2022-04-23T12:16:02","slug":"harta-me-termetet-me-te-fuqishme-qe-kane-goditur-ballkanin-ne-62-vitet-e-fundit","status":"publish","type":"post","link":"https:\/\/www.hashtag.al\/index.php\/2022\/04\/23\/harta-me-termetet-me-te-fuqishme-qe-kane-goditur-ballkanin-ne-62-vitet-e-fundit\/","title":{"rendered":"Harta me t\u00ebrmetet m\u00eb t\u00eb fuqishme q\u00eb kan\u00eb goditur Ballkanin n\u00eb 62 vitet e fundit","gt_translate_keys":[{"key":"rendered","format":"text"}]},"content":{"rendered":"<p><span style=\"color: #000000;\"><a href=\"https:\/\/www.hashtag.al\/wp-content\/uploads\/2022\/04\/termet.jpg\"><img loading=\"lazy\" decoding=\"async\" class=\"aligncenter size-full wp-image-519468\" src=\"https:\/\/www.hashtag.al\/wp-content\/uploads\/2022\/04\/termet.jpg\" alt=\"\" width=\"612\" height=\"615\" srcset=\"https:\/\/www.hashtag.al\/wp-content\/uploads\/2022\/04\/termet.jpg 612w, https:\/\/www.hashtag.al\/wp-content\/uploads\/2022\/04\/termet-300x300.jpg 300w, https:\/\/www.hashtag.al\/wp-content\/uploads\/2022\/04\/termet-150x150.jpg 150w, https:\/\/www.hashtag.al\/wp-content\/uploads\/2022\/04\/termet-180x180.jpg 180w, https:\/\/www.hashtag.al\/wp-content\/uploads\/2022\/04\/termet-80x80.jpg 80w\" sizes=\"auto, (max-width: 612px) 100vw, 612px\" \/><\/a><\/span><\/p>\n<p><span style=\"color: #000000;\">Qendra Sizmologjike Euromesdhetare ka publikuar nj\u00eb hart\u00eb t\u00eb t\u00ebrmeteve t\u00eb regjistruara n\u00eb pjes\u00eb t\u00eb Evrop\u00ebs Juglindore gjat\u00eb 62 viteve t\u00eb fundit.<\/span><\/p>\n<p><span style=\"color: #000000;\">Kjo hart\u00eb publikohet pas t\u00ebrmetit t\u00eb fuqish\u00ebm q\u00eb goditi nj\u00eb nat\u00eb m\u00eb par\u00eb Bosnj\u00eb Hercegovin\u00ebn dhe u ndie n\u00eb pjes\u00ebn m\u00eb t\u00eb madhe t\u00eb Ballkanit.<\/span><\/p>\n<p><span style=\"color: #000000;\">N\u00eb hart\u00ebn e publikuar nga EMSC, pikat me ngjyr\u00eb m\u00eb t\u00eb ndezur p\u00ebrfaq\u00ebsojn\u00eb t\u00ebrmetet m\u00eb t\u00eb fuqishme q\u00eb kan\u00eb goditur vendet e Ballkanit q\u00eb nga viti 1960 e deri m\u00eb sot.<\/span><\/p>\n<p><span style=\"color: #000000;\"><em>\u201cPikat me ngjyra p\u00ebrfaq\u00ebsojn\u00eb t\u00ebrmetet q\u00eb kan\u00eb goditur rajonin nga viti 1960 e deri m\u00eb tani\u201d-<\/em> thuhet n\u00eb postim.<\/span><\/p>\n<p><span style=\"color: #000000;\">E sikurse vihet re, dy prej t\u00ebrmeteve m\u00eb t\u00eb fuqishme gjat\u00eb k\u00ebtyre viteve jan\u00eb sh\u00ebnuar n\u00eb vendin ton\u00eb.<\/span><\/p>\n<p><span style=\"color: #000000;\">Nj\u00ebri \u00ebsht\u00eb t\u00ebrmeti q\u00eb goditi Shkodr\u00ebn m\u00eb 15 Prill t\u00eb 1976 ku humb\u00ebn jet\u00ebn 40 persona. I dyti \u00ebsht\u00eb t\u00ebrmeti shkat\u00ebrrimtar i 26 n\u00ebntorit t\u00eb vitit 2019 ku humb\u00ebn jet\u00ebn 51 persona.<\/span><\/p>\n<blockquote class=\"twitter-tweet\">\n<p dir=\"ltr\" lang=\"en\">\ud83d\udd0e Regional instrumental seismicity in <a href=\"https:\/\/twitter.com\/hashtag\/Metkovi%C4%87?src=hash&amp;ref_src=twsrc%5Etfw\">#Metkovi\u0107<\/a>. The colored dots represent the <a href=\"https:\/\/twitter.com\/hashtag\/earthquakes?src=hash&amp;ref_src=twsrc%5Etfw\">#earthquakes<\/a> that have stroke the region from 1960 to present [historical data from <a href=\"https:\/\/twitter.com\/ISCseism?ref_src=twsrc%5Etfw\">@ISCseism<\/a>]: <a href=\"https:\/\/t.co\/DVqq2qdBuN\">pic.twitter.com\/DVqq2qdBuN<\/a><\/p>\n<p>\u2014 EMSC (@LastQuake) <a href=\"https:\/\/twitter.com\/LastQuake\/status\/1517675453045264385?ref_src=twsrc%5Etfw\">April 23, 2022<\/a><\/p><\/blockquote>\n<p><script async src=\"https:\/\/platform.twitter.com\/widgets.js\" charset=\"utf-8\"><\/script><\/p>\n","protected":false,"gt_translate_keys":[{"key":"rendered","format":"html"}]},"excerpt":{"rendered":"<p>Qendra Sizmologjike Euromesdhetare ka publikuar nj\u00eb hart\u00eb t\u00eb t\u00ebrmeteve t\u00eb regjistruara n\u00eb pjes\u00eb t\u00eb Evrop\u00ebs Juglindore gjat\u00eb 62 viteve t\u00eb fundit. Kjo hart\u00eb publikohet pas t\u00ebrmetit t\u00eb fuqish\u00ebm q\u00eb goditi nj\u00eb nat\u00eb m\u00eb par\u00eb Bosnj\u00eb Hercegovin\u00ebn dhe u ndie n\u00eb pjes\u00ebn m\u00eb t\u00eb madhe t\u00eb Ballkanit. N\u00eb hart\u00ebn e publikuar nga EMSC, pikat me ngjyr\u00eb [&hellip;]<\/p>\n","protected":false,"gt_translate_keys":[{"key":"rendered","format":"html"}]},"author":30,"featured_media":0,"comment_status":"closed","ping_status":"closed","sticky":false,"template":"","format":"standard","meta":{"footnotes":""},"categories":[65,13],"tags":[],"class_list":["post-519467","post","type-post","status-publish","format-standard","hentry","category-lajme","category-te-fundit"],"gt_translate_keys":[{"key":"link","format":"url"}],"_links":{"self":[{"href":"https:\/\/www.hashtag.al\/index.php\/wp-json\/wp\/v2\/posts\/519467","targetHints":{"allow":["GET"]}}],"collection":[{"href":"https:\/\/www.hashtag.al\/index.php\/wp-json\/wp\/v2\/posts"}],"about":[{"href":"https:\/\/www.hashtag.al\/index.php\/wp-json\/wp\/v2\/types\/post"}],"author":[{"embeddable":true,"href":"https:\/\/www.hashtag.al\/index.php\/wp-json\/wp\/v2\/users\/30"}],"replies":[{"embeddable":true,"href":"https:\/\/www.hashtag.al\/index.php\/wp-json\/wp\/v2\/comments?post=519467"}],"version-history":[{"count":0,"href":"https:\/\/www.hashtag.al\/index.php\/wp-json\/wp\/v2\/posts\/519467\/revisions"}],"wp:attachment":[{"href":"https:\/\/www.hashtag.al\/index.php\/wp-json\/wp\/v2\/media?parent=519467"}],"wp:term":[{"taxonomy":"category","embeddable":true,"href":"https:\/\/www.hashtag.al\/index.php\/wp-json\/wp\/v2\/categories?post=519467"},{"taxonomy":"post_tag","embeddable":true,"href":"https:\/\/www.hashtag.al\/index.php\/wp-json\/wp\/v2\/tags?post=519467"}],"curies":[{"name":"wp","href":"https:\/\/api.w.org\/{rel}","templated":true}]}}