{"id":519186,"date":"2022-04-22T10:38:44","date_gmt":"2022-04-22T08:38:44","guid":{"rendered":"https:\/\/www.hashtag.al\/?p=519186"},"modified":"2022-04-22T10:38:44","modified_gmt":"2022-04-22T08:38:44","slug":"meta-publikon-foto-nga-kalabria-ne-fshatin-e-kambanave-qe-kumbojne-ne-arberisht-me-veshtrimin-nga-memedheu","status":"publish","type":"post","link":"https:\/\/www.hashtag.al\/index.php\/2022\/04\/22\/meta-publikon-foto-nga-kalabria-ne-fshatin-e-kambanave-qe-kumbojne-ne-arberisht-me-veshtrimin-nga-memedheu\/","title":{"rendered":"Meta publikon foto nga Kalabria: N\u00eb fshatin e kambanave q\u00eb kumbojn\u00eb n\u00eb arb\u00ebrisht me v\u00ebshtrimin nga M\u00ebm\u00ebdheu","gt_translate_keys":[{"key":"rendered","format":"text"}]},"content":{"rendered":"<p><span style=\"color: #000000;\"><a href=\"https:\/\/www.hashtag.al\/wp-content\/uploads\/2022\/04\/Ilir-Mea.jpg\"><img loading=\"lazy\" decoding=\"async\" class=\"aligncenter size-full wp-image-519187\" src=\"https:\/\/www.hashtag.al\/wp-content\/uploads\/2022\/04\/Ilir-Mea.jpg\" alt=\"\" width=\"1024\" height=\"768\" srcset=\"https:\/\/www.hashtag.al\/wp-content\/uploads\/2022\/04\/Ilir-Mea.jpg 1024w, https:\/\/www.hashtag.al\/wp-content\/uploads\/2022\/04\/Ilir-Mea-300x225.jpg 300w, https:\/\/www.hashtag.al\/wp-content\/uploads\/2022\/04\/Ilir-Mea-768x576.jpg 768w\" sizes=\"auto, (max-width: 1024px) 100vw, 1024px\" \/><\/a><\/span><\/p>\n<p><span style=\"color: #000000;\">Gjat\u00ebs vizit\u00ebs s\u00eb tij n\u00eb Kalabri, Presidenti i Republik\u00ebs Ilir Meta ka vizituar nj\u00eb tjet\u00ebr fshat arb\u00ebresh. K\u00ebt\u00eb radh\u00eb, ai \u00ebsht\u00eb ndalur n\u00eb Pallagorio, fshatin e k\u00ebmbanave.<\/span><\/p>\n<p><span style=\"color: #000000;\">Meta shprehet se ato kumbojn\u00eb n\u00eb arb\u00ebrisht dhe v\u00ebshtrimin e kan\u00eb gjithmon\u00eb te m\u00ebm\u00ebdheu i tyre Shqip\u00ebria.<\/span><\/p>\n<p><span style=\"color: #000000;\"><em>\u201cN\u00eb Pallagorio, fshatin e k\u00ebmbanave q\u00eb kumbojn\u00eb n\u00eb arb\u00ebrisht dhe q\u00eb v\u00ebshtrimin e ka gjithmon\u00eb nga M\u00ebm\u00ebdheu, Shqip\u00ebria.\u201d-<\/em> shkruan Meta. Ai ka ndar\u00eb me ndjer\u00ebsit e tij dhe vargjet e nj\u00eb k\u00ebnge arb\u00ebreshe.<\/span><\/p>\n<p><strong><span style=\"color: #000000;\">Vargjet:<\/span><\/strong><\/p>\n<p><span style=\"color: #000000;\">Kumbor\u2019e sheite<\/span><\/p>\n<p><span style=\"color: #000000;\">K\u00ebnd\u00f2 p\u00ebr ghith jet\u00ebn<\/span><\/p>\n<p><span style=\"color: #000000;\">Lavdat\u2019e Sh\u00ebn M\u00ebris\u00eb<\/span><\/p>\n<p><span style=\"color: #000000;\">E lark e lark nka aj\u00f2 an\u2019e detit<\/span><\/p>\n<p><span style=\"color: #000000;\">Me ghuhen\u2019e ton\u00eb t\u00eb bukur\u00eb<\/span><\/p>\n<p><span style=\"color: #000000;\">Falna Arb\u00ebrin\u00eb<\/span><\/p>\n<p><span style=\"color: #000000;\">Thuaji<\/span><\/p>\n<p><span style=\"color: #000000;\">Se Puherizve i ka hj\u00e8 t\u2019e duan<\/span><\/p>\n<p><span style=\"color: #000000;\">Si drita e sivet<\/span><\/p>\n<p><span style=\"color: #000000;\">At\u00eb m\u00ebm\u00eb t\u00eb vietr\u00eb<\/span><\/p>\n","protected":false,"gt_translate_keys":[{"key":"rendered","format":"html"}]},"excerpt":{"rendered":"<p>Gjat\u00ebs vizit\u00ebs s\u00eb tij n\u00eb Kalabri, Presidenti i Republik\u00ebs Ilir Meta ka vizituar nj\u00eb tjet\u00ebr fshat arb\u00ebresh. K\u00ebt\u00eb radh\u00eb, ai \u00ebsht\u00eb ndalur n\u00eb Pallagorio, fshatin e k\u00ebmbanave. Meta shprehet se ato kumbojn\u00eb n\u00eb arb\u00ebrisht dhe v\u00ebshtrimin e kan\u00eb gjithmon\u00eb te m\u00ebm\u00ebdheu i tyre Shqip\u00ebria. \u201cN\u00eb Pallagorio, fshatin e k\u00ebmbanave q\u00eb kumbojn\u00eb n\u00eb arb\u00ebrisht dhe q\u00eb [&hellip;]<\/p>\n","protected":false,"gt_translate_keys":[{"key":"rendered","format":"html"}]},"author":30,"featured_media":519187,"comment_status":"closed","ping_status":"closed","sticky":false,"template":"","format":"standard","meta":{"footnotes":""},"categories":[65],"tags":[],"class_list":["post-519186","post","type-post","status-publish","format-standard","has-post-thumbnail","hentry","category-lajme"],"gt_translate_keys":[{"key":"link","format":"url"}],"_links":{"self":[{"href":"https:\/\/www.hashtag.al\/index.php\/wp-json\/wp\/v2\/posts\/519186","targetHints":{"allow":["GET"]}}],"collection":[{"href":"https:\/\/www.hashtag.al\/index.php\/wp-json\/wp\/v2\/posts"}],"about":[{"href":"https:\/\/www.hashtag.al\/index.php\/wp-json\/wp\/v2\/types\/post"}],"author":[{"embeddable":true,"href":"https:\/\/www.hashtag.al\/index.php\/wp-json\/wp\/v2\/users\/30"}],"replies":[{"embeddable":true,"href":"https:\/\/www.hashtag.al\/index.php\/wp-json\/wp\/v2\/comments?post=519186"}],"version-history":[{"count":0,"href":"https:\/\/www.hashtag.al\/index.php\/wp-json\/wp\/v2\/posts\/519186\/revisions"}],"wp:featuredmedia":[{"embeddable":true,"href":"https:\/\/www.hashtag.al\/index.php\/wp-json\/wp\/v2\/media\/519187"}],"wp:attachment":[{"href":"https:\/\/www.hashtag.al\/index.php\/wp-json\/wp\/v2\/media?parent=519186"}],"wp:term":[{"taxonomy":"category","embeddable":true,"href":"https:\/\/www.hashtag.al\/index.php\/wp-json\/wp\/v2\/categories?post=519186"},{"taxonomy":"post_tag","embeddable":true,"href":"https:\/\/www.hashtag.al\/index.php\/wp-json\/wp\/v2\/tags?post=519186"}],"curies":[{"name":"wp","href":"https:\/\/api.w.org\/{rel}","templated":true}]}}