{"id":519135,"date":"2022-04-21T22:02:33","date_gmt":"2022-04-21T20:02:33","guid":{"rendered":"https:\/\/www.hashtag.al\/?p=519135"},"modified":"2022-04-21T22:02:33","modified_gmt":"2022-04-21T20:02:33","slug":"berisha-basha-po-ben-perpjekje-per-te-krijuar-parti-te-re-i-uroj-te-rikthehet-ne-pd","status":"publish","type":"post","link":"https:\/\/www.hashtag.al\/index.php\/2022\/04\/21\/berisha-basha-po-ben-perpjekje-per-te-krijuar-parti-te-re-i-uroj-te-rikthehet-ne-pd\/","title":{"rendered":"Berisha: Basha po b\u00ebn p\u00ebrpjekje p\u00ebr t\u00eb krijuar parti t\u00eb re, i uroj t\u00eb rikthehet n\u00eb PD","gt_translate_keys":[{"key":"rendered","format":"text"}]},"content":{"rendered":"<p style=\"text-align: justify;\"><span style=\"color: #000000;\"><img loading=\"lazy\" decoding=\"async\" class=\"aligncenter size-full wp-image-519136\" src=\"https:\/\/www.hashtag.al\/wp-content\/uploads\/2022\/04\/berisha-2.png\" alt=\"\" width=\"1156\" height=\"692\" srcset=\"https:\/\/www.hashtag.al\/wp-content\/uploads\/2022\/04\/berisha-2.png 1156w, https:\/\/www.hashtag.al\/wp-content\/uploads\/2022\/04\/berisha-2-300x180.png 300w, https:\/\/www.hashtag.al\/wp-content\/uploads\/2022\/04\/berisha-2-1024x613.png 1024w, https:\/\/www.hashtag.al\/wp-content\/uploads\/2022\/04\/berisha-2-768x460.png 768w\" sizes=\"auto, (max-width: 1156px) 100vw, 1156px\" \/><\/span><\/p>\n<p style=\"text-align: justify;\"><span style=\"color: #000000;\">Ish-kryeministri Sali Berisha deklaroi n\u00eb emisionin \u201cT\u00eb Paekspozuarit\u201d se ish-kryetari i PD-s\u00eb Lulzim Basha po b\u00ebn p\u00ebrpjekje p\u00ebr t\u00eb krijuar nj\u00eb parti t\u00eb re.<\/span><\/p>\n<p style=\"text-align: justify;\"><span style=\"color: #000000;\">Berisha tha se i uron Bash\u00ebs t\u00eb ndryshoj\u00eb mendje dhe t\u00eb kthehet n\u00eb PD.<\/span><\/p>\n<p style=\"text-align: justify;\"><span style=\"color: #000000;\">\u201c<em>6 marsi tregoi se jan\u00eb dy, nj\u00eb grupi me 31% t\u00eb votave dhe nj\u00eb\u00a0 me 11% t\u00eb votave. Pakica n\u00eb nj\u00eb parti \u00ebsht\u00eb e p\u00ebrjetshme sepse ke njer\u00ebz q\u00eb mendojn\u00eb ndryshe por ata jan\u00eb t\u00eb k\u00ebnaqur dhe nuk largohen. P\u00ebrpjekja p\u00ebr t\u00eb kapitalizuar at\u00eb \u00e7arje \u00ebsht\u00eb p\u00ebrpjekje p\u00ebr t\u00eb krijuar nj\u00eb parti t\u00eb re dhe Basha kalon nga qyteti n\u00eb qytet duke u deklaruar se do krijoj\u00eb parti, nuk them gj\u00eb, nuk them se nuk e b\u00ebn dot por ka nj\u00eb gj\u00eb, ekziston nj\u00eb grup q\u00eb p\u00ebrpiqet t\u00eb krijoj\u00eb nj\u00eb parti, uroj t\u00eb ndryshojn\u00eb mendje dhe t\u00eb kthehen n\u00eb parti, Basha aktualisht \u00ebsht\u00eb an\u00ebtar i k\u00ebshillit dhe deputet, se ca rruge do ndjek\u00eb ai nuk e di, \u00ebsht\u00eb pun\u00eb e tij<\/em>\u201d, tha Berisha.<\/span><\/p>\n","protected":false,"gt_translate_keys":[{"key":"rendered","format":"html"}]},"excerpt":{"rendered":"<p>Ish-kryeministri Sali Berisha deklaroi n\u00eb emisionin \u201cT\u00eb Paekspozuarit\u201d se ish-kryetari i PD-s\u00eb Lulzim Basha po b\u00ebn p\u00ebrpjekje p\u00ebr t\u00eb krijuar nj\u00eb parti t\u00eb re. Berisha tha se i uron Bash\u00ebs t\u00eb ndryshoj\u00eb mendje dhe t\u00eb kthehet n\u00eb PD. \u201c6 marsi tregoi se jan\u00eb dy, nj\u00eb grupi me 31% t\u00eb votave dhe nj\u00eb\u00a0 me 11% t\u00eb [&hellip;]<\/p>\n","protected":false,"gt_translate_keys":[{"key":"rendered","format":"html"}]},"author":32,"featured_media":519136,"comment_status":"closed","ping_status":"closed","sticky":false,"template":"","format":"standard","meta":{"footnotes":""},"categories":[65,13],"tags":[],"class_list":["post-519135","post","type-post","status-publish","format-standard","has-post-thumbnail","hentry","category-lajme","category-te-fundit"],"gt_translate_keys":[{"key":"link","format":"url"}],"_links":{"self":[{"href":"https:\/\/www.hashtag.al\/index.php\/wp-json\/wp\/v2\/posts\/519135","targetHints":{"allow":["GET"]}}],"collection":[{"href":"https:\/\/www.hashtag.al\/index.php\/wp-json\/wp\/v2\/posts"}],"about":[{"href":"https:\/\/www.hashtag.al\/index.php\/wp-json\/wp\/v2\/types\/post"}],"author":[{"embeddable":true,"href":"https:\/\/www.hashtag.al\/index.php\/wp-json\/wp\/v2\/users\/32"}],"replies":[{"embeddable":true,"href":"https:\/\/www.hashtag.al\/index.php\/wp-json\/wp\/v2\/comments?post=519135"}],"version-history":[{"count":0,"href":"https:\/\/www.hashtag.al\/index.php\/wp-json\/wp\/v2\/posts\/519135\/revisions"}],"wp:featuredmedia":[{"embeddable":true,"href":"https:\/\/www.hashtag.al\/index.php\/wp-json\/wp\/v2\/media\/519136"}],"wp:attachment":[{"href":"https:\/\/www.hashtag.al\/index.php\/wp-json\/wp\/v2\/media?parent=519135"}],"wp:term":[{"taxonomy":"category","embeddable":true,"href":"https:\/\/www.hashtag.al\/index.php\/wp-json\/wp\/v2\/categories?post=519135"},{"taxonomy":"post_tag","embeddable":true,"href":"https:\/\/www.hashtag.al\/index.php\/wp-json\/wp\/v2\/tags?post=519135"}],"curies":[{"name":"wp","href":"https:\/\/api.w.org\/{rel}","templated":true}]}}