{"id":519086,"date":"2022-04-21T17:23:38","date_gmt":"2022-04-21T15:23:38","guid":{"rendered":"https:\/\/www.hashtag.al\/?p=519086"},"modified":"2022-04-21T17:23:38","modified_gmt":"2022-04-21T15:23:38","slug":"maks-haxhia-rizgjidhet-ne-krye-te-dhomes-kombetare-te-avokatise","status":"publish","type":"post","link":"https:\/\/www.hashtag.al\/index.php\/2022\/04\/21\/maks-haxhia-rizgjidhet-ne-krye-te-dhomes-kombetare-te-avokatise\/","title":{"rendered":"Maks Haxhia rizgjidhet n\u00eb krye t\u00eb Dhom\u00ebs Komb\u00ebtare t\u00eb Avokatis\u00eb","gt_translate_keys":[{"key":"rendered","format":"text"}]},"content":{"rendered":"<p><span style=\"color: #000000;\"><a href=\"https:\/\/www.hashtag.al\/wp-content\/uploads\/2022\/04\/Maks-Haxhia.jpg\"><img loading=\"lazy\" decoding=\"async\" class=\"aligncenter size-full wp-image-519087\" src=\"https:\/\/www.hashtag.al\/wp-content\/uploads\/2022\/04\/Maks-Haxhia.jpg\" alt=\"\" width=\"533\" height=\"400\" srcset=\"https:\/\/www.hashtag.al\/wp-content\/uploads\/2022\/04\/Maks-Haxhia.jpg 533w, https:\/\/www.hashtag.al\/wp-content\/uploads\/2022\/04\/Maks-Haxhia-300x225.jpg 300w\" sizes=\"auto, (max-width: 533px) 100vw, 533px\" \/><\/a><\/span><\/p>\n<p><span style=\"color: #000000;\">Avokati i njohur Maks Haxhia \u00ebsht\u00eb rizgjedhur n\u00eb krye t\u00eb Dhom\u00ebs Komb\u00ebtare t\u00eb Avokatis\u00eb n\u00eb Shqip\u00ebri.<\/span><\/p>\n<p><span style=\"color: #000000;\">Sipas \u201c<span style=\"color: #0000ff;\"><a style=\"color: #0000ff;\" href=\"https:\/\/shqiptarja.com\/lajm\/maks-haxhia-zgjidhet-ne-krye-te-dhomes-kombetare-te-avokatise-ne-shqiperi?fbclid=IwAR2M7E8pFhg3266Km51SQMHklBsmYKa5gnNklBp6WZX6eXJsliKTEigXbvM\">Shqiptarja.com\u201d<\/a><\/span>, Haxhia ka marr\u00eb 76 vota pro.<\/span><\/p>\n<p><span style=\"color: #000000;\">Kund\u00ebr tij garonte p\u00ebr k\u00ebt\u00eb post edhe Saimir Vishaj, i cili ka marr\u00eb vet\u00ebm 9 vota pro.<\/span><\/p>\n<p><span style=\"color: #000000;\">Maks Haxhia iu bashkua Dhom\u00ebs Komb\u00ebtare t\u00eb Avokatis\u00eb q\u00eb n\u00eb vitin1992 dhe \u00ebsht\u00eb kryetar i saj prej vitit 2000. Gjithashtu, ai \u00ebsht\u00eb an\u00ebtar i bordit t\u00eb Shkoll\u00ebs s\u00eb Magjistratur\u00ebs prej vitit 2000.<\/span><\/p>\n<p><span style=\"color: #000000;\">Avokati \u00ebsht\u00eb shum\u00eb i njohur p\u00ebr shkak t\u00eb profilit t\u00eb lart\u00eb t\u00eb klient\u00ebve t\u00eb tij q\u00eb ka mbrojtur n\u00ebp\u00ebr salla gjyqi, mes t\u00eb cil\u00ebve p\u00ebrmendim edhe ish-ministrin e Brendsh\u00ebm Saimir Tahiri.<\/span><\/p>\n","protected":false,"gt_translate_keys":[{"key":"rendered","format":"html"}]},"excerpt":{"rendered":"<p>Avokati i njohur Maks Haxhia \u00ebsht\u00eb rizgjedhur n\u00eb krye t\u00eb Dhom\u00ebs Komb\u00ebtare t\u00eb Avokatis\u00eb n\u00eb Shqip\u00ebri. Sipas \u201cShqiptarja.com\u201d, Haxhia ka marr\u00eb 76 vota pro. Kund\u00ebr tij garonte p\u00ebr k\u00ebt\u00eb post edhe Saimir Vishaj, i cili ka marr\u00eb vet\u00ebm 9 vota pro. Maks Haxhia iu bashkua Dhom\u00ebs Komb\u00ebtare t\u00eb Avokatis\u00eb q\u00eb n\u00eb vitin1992 dhe \u00ebsht\u00eb kryetar [&hellip;]<\/p>\n","protected":false,"gt_translate_keys":[{"key":"rendered","format":"html"}]},"author":30,"featured_media":519087,"comment_status":"closed","ping_status":"closed","sticky":false,"template":"","format":"standard","meta":{"footnotes":""},"categories":[65,13],"tags":[],"class_list":["post-519086","post","type-post","status-publish","format-standard","has-post-thumbnail","hentry","category-lajme","category-te-fundit"],"gt_translate_keys":[{"key":"link","format":"url"}],"_links":{"self":[{"href":"https:\/\/www.hashtag.al\/index.php\/wp-json\/wp\/v2\/posts\/519086","targetHints":{"allow":["GET"]}}],"collection":[{"href":"https:\/\/www.hashtag.al\/index.php\/wp-json\/wp\/v2\/posts"}],"about":[{"href":"https:\/\/www.hashtag.al\/index.php\/wp-json\/wp\/v2\/types\/post"}],"author":[{"embeddable":true,"href":"https:\/\/www.hashtag.al\/index.php\/wp-json\/wp\/v2\/users\/30"}],"replies":[{"embeddable":true,"href":"https:\/\/www.hashtag.al\/index.php\/wp-json\/wp\/v2\/comments?post=519086"}],"version-history":[{"count":0,"href":"https:\/\/www.hashtag.al\/index.php\/wp-json\/wp\/v2\/posts\/519086\/revisions"}],"wp:featuredmedia":[{"embeddable":true,"href":"https:\/\/www.hashtag.al\/index.php\/wp-json\/wp\/v2\/media\/519087"}],"wp:attachment":[{"href":"https:\/\/www.hashtag.al\/index.php\/wp-json\/wp\/v2\/media?parent=519086"}],"wp:term":[{"taxonomy":"category","embeddable":true,"href":"https:\/\/www.hashtag.al\/index.php\/wp-json\/wp\/v2\/categories?post=519086"},{"taxonomy":"post_tag","embeddable":true,"href":"https:\/\/www.hashtag.al\/index.php\/wp-json\/wp\/v2\/tags?post=519086"}],"curies":[{"name":"wp","href":"https:\/\/api.w.org\/{rel}","templated":true}]}}