{"id":519018,"date":"2022-04-21T12:48:34","date_gmt":"2022-04-21T10:48:34","guid":{"rendered":"https:\/\/www.hashtag.al\/?p=519018"},"modified":"2022-04-21T12:48:34","modified_gmt":"2022-04-21T10:48:34","slug":"rama-per-incidentin-berisha-alibeaj-mori-nje-rrjedhe-xhudiste","status":"publish","type":"post","link":"https:\/\/www.hashtag.al\/index.php\/2022\/04\/21\/rama-per-incidentin-berisha-alibeaj-mori-nje-rrjedhe-xhudiste\/","title":{"rendered":"Rama p\u00ebr incidentin Berisha-Alibeaj: Mori nj\u00eb rrjedh\u00eb xhudiste","gt_translate_keys":[{"key":"rendered","format":"text"}]},"content":{"rendered":"<p><span style=\"color: #000000;\"><a href=\"https:\/\/www.hashtag.al\/wp-content\/uploads\/2022\/04\/1650537110_rama2.jpeg\"><img loading=\"lazy\" decoding=\"async\" class=\"aligncenter size-full wp-image-519019\" src=\"https:\/\/www.hashtag.al\/wp-content\/uploads\/2022\/04\/1650537110_rama2.jpeg\" alt=\"\" width=\"780\" height=\"440\" srcset=\"https:\/\/www.hashtag.al\/wp-content\/uploads\/2022\/04\/1650537110_rama2.jpeg 780w, https:\/\/www.hashtag.al\/wp-content\/uploads\/2022\/04\/1650537110_rama2-300x169.jpeg 300w, https:\/\/www.hashtag.al\/wp-content\/uploads\/2022\/04\/1650537110_rama2-768x433.jpeg 768w\" sizes=\"auto, (max-width: 780px) 100vw, 780px\" \/><\/a><\/span><\/p>\n<p><span style=\"color: #000000;\">Kryeministri Edi Rama komentoi gjat\u00eb fjal\u00ebs s\u00eb tij n\u00eb Kuvend incidentin mes kreut Enkelejd Alibeajt dhe ish-kryeministrit Sali Berisha. Ai tha se Parlamenti mori nj\u00eb rrjedh\u00eb xhudiste.<\/span><\/p>\n<p><em><span style=\"color: #000000;\">\u201cNj\u00eb fragment nga zhvillimet n\u00eb godin\u00eb k\u00ebtu af\u00ebr, mori nj\u00eb rrjedh\u00eb xhudiste Parlamenti. M\u00eb vjen mir\u00eb q\u00eb n\u00eb gjith\u00eb k\u00ebta z\u00ebra ca nga bota tjet\u00ebr, u d\u00ebgjua nj\u00eb z\u00eb nga kjo bot\u00eb dhe nj\u00eb z\u00eb q\u00eb b\u00ebri sens n\u00eb diskutim. I referohem zotit Mediu p\u00ebr t\u00eb pasur parasysh se \u00e7far\u00eb \u00ebsht\u00eb procesi q\u00eb duam. Nd\u00ebrsa me shpirtrat e vdekur, ata m\u00eb t\u00eb lir\u00ebt nuk jan\u00eb fusha ime.<\/span><\/em><\/p>\n<p><span style=\"color: #000000;\"><em>Zoti Mediu faleminderit q\u00eb e kujtuat k\u00ebtu q\u00eb presidenti u zgjodh me konsensus. Zgjedhjet me konsensus t\u00eb presidentit ishin merit\u00eb e PS-s\u00eb.\u201d-<\/em> ishin fjal\u00ebt e Ram\u00ebs.<\/span><\/p>\n","protected":false,"gt_translate_keys":[{"key":"rendered","format":"html"}]},"excerpt":{"rendered":"<p>Kryeministri Edi Rama komentoi gjat\u00eb fjal\u00ebs s\u00eb tij n\u00eb Kuvend incidentin mes kreut Enkelejd Alibeajt dhe ish-kryeministrit Sali Berisha. Ai tha se Parlamenti mori nj\u00eb rrjedh\u00eb xhudiste. \u201cNj\u00eb fragment nga zhvillimet n\u00eb godin\u00eb k\u00ebtu af\u00ebr, mori nj\u00eb rrjedh\u00eb xhudiste Parlamenti. M\u00eb vjen mir\u00eb q\u00eb n\u00eb gjith\u00eb k\u00ebta z\u00ebra ca nga bota tjet\u00ebr, u d\u00ebgjua nj\u00eb [&hellip;]<\/p>\n","protected":false,"gt_translate_keys":[{"key":"rendered","format":"html"}]},"author":30,"featured_media":519019,"comment_status":"closed","ping_status":"closed","sticky":false,"template":"","format":"standard","meta":{"footnotes":""},"categories":[65,13],"tags":[],"class_list":["post-519018","post","type-post","status-publish","format-standard","has-post-thumbnail","hentry","category-lajme","category-te-fundit"],"gt_translate_keys":[{"key":"link","format":"url"}],"_links":{"self":[{"href":"https:\/\/www.hashtag.al\/index.php\/wp-json\/wp\/v2\/posts\/519018","targetHints":{"allow":["GET"]}}],"collection":[{"href":"https:\/\/www.hashtag.al\/index.php\/wp-json\/wp\/v2\/posts"}],"about":[{"href":"https:\/\/www.hashtag.al\/index.php\/wp-json\/wp\/v2\/types\/post"}],"author":[{"embeddable":true,"href":"https:\/\/www.hashtag.al\/index.php\/wp-json\/wp\/v2\/users\/30"}],"replies":[{"embeddable":true,"href":"https:\/\/www.hashtag.al\/index.php\/wp-json\/wp\/v2\/comments?post=519018"}],"version-history":[{"count":0,"href":"https:\/\/www.hashtag.al\/index.php\/wp-json\/wp\/v2\/posts\/519018\/revisions"}],"wp:featuredmedia":[{"embeddable":true,"href":"https:\/\/www.hashtag.al\/index.php\/wp-json\/wp\/v2\/media\/519019"}],"wp:attachment":[{"href":"https:\/\/www.hashtag.al\/index.php\/wp-json\/wp\/v2\/media?parent=519018"}],"wp:term":[{"taxonomy":"category","embeddable":true,"href":"https:\/\/www.hashtag.al\/index.php\/wp-json\/wp\/v2\/categories?post=519018"},{"taxonomy":"post_tag","embeddable":true,"href":"https:\/\/www.hashtag.al\/index.php\/wp-json\/wp\/v2\/tags?post=519018"}],"curies":[{"name":"wp","href":"https:\/\/api.w.org\/{rel}","templated":true}]}}