{"id":518730,"date":"2022-04-20T07:52:17","date_gmt":"2022-04-20T05:52:17","guid":{"rendered":"https:\/\/www.hashtag.al\/?p=518730"},"modified":"2022-04-20T07:52:17","modified_gmt":"2022-04-20T05:52:17","slug":"e-furnizuam-ukrainen-me-arme-nga-stoqet-tona-kemi-arritur-limitin-kancelari-gjerman-e-gjen-perseri-menyren-per-te-ndihmuar-me-arme","status":"publish","type":"post","link":"https:\/\/www.hashtag.al\/index.php\/2022\/04\/20\/e-furnizuam-ukrainen-me-arme-nga-stoqet-tona-kemi-arritur-limitin-kancelari-gjerman-e-gjen-perseri-menyren-per-te-ndihmuar-me-arme\/","title":{"rendered":"&#8220;E furnizuam Ukrain\u00ebn me arm\u00eb nga stoqet tona, kemi arritur limitin&#8221;- Kancelari gjerman e gjen p\u00ebrs\u00ebri m\u00ebnyr\u00ebn p\u00ebr t\u00eb ndihmuar me arm\u00eb","gt_translate_keys":[{"key":"rendered","format":"text"}]},"content":{"rendered":"<p><a href=\"https:\/\/www.hashtag.al\/wp-content\/uploads\/2022\/04\/scholz.jpg\"><img loading=\"lazy\" decoding=\"async\" class=\"size-full wp-image-518731\" src=\"https:\/\/www.hashtag.al\/wp-content\/uploads\/2022\/04\/scholz.jpg\" alt=\"\" width=\"1020\" height=\"649\" srcset=\"https:\/\/www.hashtag.al\/wp-content\/uploads\/2022\/04\/scholz.jpg 1020w, https:\/\/www.hashtag.al\/wp-content\/uploads\/2022\/04\/scholz-300x191.jpg 300w, https:\/\/www.hashtag.al\/wp-content\/uploads\/2022\/04\/scholz-768x489.jpg 768w\" sizes=\"auto, (max-width: 1020px) 100vw, 1020px\" \/><\/a><\/p>\n<p><span style=\"color: #000000;\">Qeveria n\u00eb Berlin do t\u00eb paguaj\u00eb kompleksin ushtarako-industrial gjerman p\u00ebr t\u00eb prodhuar arm\u00eb p\u00ebr Ukrain\u00ebn. K\u00ebshtu tha t\u00eb mart\u00ebn kancelari Olaf Scholz pas bisedimeve me an\u00ebtar\u00ebt e G7. Ai shtoi se Bundeswehr-it nuk i ka mbetur asnj\u00eb arm\u00eb p\u00ebr t\u00eb kursyer p\u00ebr Kievin nga rezervat e veta dhe se do t\u00eb ket\u00eb nevoj\u00eb p\u00ebr nj\u00eb program riarmatimi n\u00eb shkall\u00eb t\u00eb gjer\u00eb.<\/span><\/p>\n<p><span style=\"color: #000000;\"><em>\u201cFillimisht e furnizuam Ukrain\u00ebn me arm\u00eb nga stoqet tona. Tani duhet t\u00eb pranojm\u00eb se aft\u00ebsit\u00eb tona kan\u00eb arritur limitin e tyre.\u201d<\/em>&#8211; tha Scholz, citon <span style=\"color: #0000ff;\"><a style=\"color: #0000ff;\" href=\"https:\/\/www.rt.com\/news\/554182-germany-ukraine-weapons-scholz\/\">RT<\/a><\/span>.<em> \u201cPrandaj, ne po krijojm\u00eb nj\u00eb fond t\u00eb posa\u00e7\u00ebm q\u00eb ushtria jon\u00eb, pas shum\u00eb vitesh kursime, m\u00eb n\u00eb fund t\u00eb jet\u00eb e armatosur mir\u00eb dhe ne po investojm\u00eb n\u00eb nj\u00eb shkall\u00eb t\u00eb madhe n\u00eb aft\u00ebsit\u00eb e Bundeswehr-it.\u201d<\/em><\/span><\/p>\n<p><span style=\"color: #000000;\">Gjermania \u00ebsht\u00eb n\u00eb dakord\u00ebsi t\u00eb plot\u00eb me aleat\u00ebt e BE-s\u00eb dhe NATO-s q\u00eb Rusia nuk duhet t\u00eb fitoj\u00eb luft\u00ebn, tha Scholz pas nj\u00eb bisede telefonike me presidentin amerikan Joe Biden dhe lider\u00ebt e BE-s\u00eb dhe G7. Ai tha se p\u00ebr t\u00eb vazhduar armatosjen e Kievit, Berlini do t&#8217;i lejoj\u00eb Ukrain\u00ebs t\u00eb blej\u00eb arm\u00ebt q\u00eb i nevojiten nga prodhuesit ushtarak\u00eb gjerman\u00eb dhe per\u00ebndimor\u00eb, p\u00ebr shembull artileri dhe armatime t\u00eb tjera t\u00eb r\u00ebnda.<\/span><\/p>\n<p><span style=\"color: #000000;\"><em>&#8220;Ne do t\u00eb ofrojm\u00eb parat\u00eb e nevojshme p\u00ebr blerjen.&#8221;<\/em>&#8211; tha Scholz, citon <span style=\"color: #0000ff;\"><a style=\"color: #0000ff;\" href=\"https:\/\/www.rt.com\/news\/554182-germany-ukraine-weapons-scholz\/\">RT<\/a><\/span>. \u201c<em>Q\u00ebllimi yn\u00eb i p\u00ebrbashk\u00ebt \u00ebsht\u00eb t\u00eb vazhdojm\u00eb t\u00eb armatosim ushtrin\u00eb ukrainase n\u00eb m\u00ebnyr\u00eb q\u00eb ajo t\u00eb vazhdoj\u00eb t\u00eb mbrohet kund\u00ebr sulmit rus\u201d.<\/em><\/span><\/p>\n<p><span style=\"color: #000000;\">Shtetet e Bashkuara njoftuan s\u00eb fundmi nj\u00eb paket\u00eb arm\u00ebsh prej 800 milion\u00eb dollar\u00ebsh p\u00ebr Kievin. Qeveria e presidentit Volodymyr Zelensky ka k\u00ebrkuar arm\u00eb dhe automjete t\u00eb r\u00ebnda.<\/span><\/p>\n<p><span style=\"color: #000000;\">Berlini po p\u00ebrpiqet t\u00eb ndjek\u00eb shembullin e Uashingtonit, mes frik\u00ebs se do t\u00eb shihet si pal\u00eb n\u00eb konflikt. Ministri i Ekonomis\u00eb, Robert Habeck, ka th\u00ebn\u00eb se Gjermania ka p\u00ebrgjegj\u00ebsin\u00eb <em>\u201ct\u00eb mos b\u00ebhet vet\u00eb objektivi\u201d<\/em> i Rusis\u00eb, gj\u00eb q\u00eb mund t\u00eb ndodh\u00eb n\u00ebse ajo d\u00ebrgon tanke ose avion\u00eb luftarak\u00eb n\u00eb Ukrain\u00eb.<\/span><\/p>\n","protected":false,"gt_translate_keys":[{"key":"rendered","format":"html"}]},"excerpt":{"rendered":"<p>Qeveria n\u00eb Berlin do t\u00eb paguaj\u00eb kompleksin ushtarako-industrial gjerman p\u00ebr t\u00eb prodhuar arm\u00eb p\u00ebr Ukrain\u00ebn. K\u00ebshtu tha t\u00eb mart\u00ebn kancelari Olaf Scholz pas bisedimeve me an\u00ebtar\u00ebt e G7. Ai shtoi se Bundeswehr-it nuk i ka mbetur asnj\u00eb arm\u00eb p\u00ebr t\u00eb kursyer p\u00ebr Kievin nga rezervat e veta dhe se do t\u00eb ket\u00eb nevoj\u00eb p\u00ebr nj\u00eb [&hellip;]<\/p>\n","protected":false,"gt_translate_keys":[{"key":"rendered","format":"html"}]},"author":30,"featured_media":518731,"comment_status":"closed","ping_status":"closed","sticky":false,"template":"","format":"standard","meta":{"footnotes":""},"categories":[6,13],"tags":[],"class_list":["post-518730","post","type-post","status-publish","format-standard","has-post-thumbnail","hentry","category-nderkombetare","category-te-fundit"],"gt_translate_keys":[{"key":"link","format":"url"}],"_links":{"self":[{"href":"https:\/\/www.hashtag.al\/index.php\/wp-json\/wp\/v2\/posts\/518730","targetHints":{"allow":["GET"]}}],"collection":[{"href":"https:\/\/www.hashtag.al\/index.php\/wp-json\/wp\/v2\/posts"}],"about":[{"href":"https:\/\/www.hashtag.al\/index.php\/wp-json\/wp\/v2\/types\/post"}],"author":[{"embeddable":true,"href":"https:\/\/www.hashtag.al\/index.php\/wp-json\/wp\/v2\/users\/30"}],"replies":[{"embeddable":true,"href":"https:\/\/www.hashtag.al\/index.php\/wp-json\/wp\/v2\/comments?post=518730"}],"version-history":[{"count":0,"href":"https:\/\/www.hashtag.al\/index.php\/wp-json\/wp\/v2\/posts\/518730\/revisions"}],"wp:featuredmedia":[{"embeddable":true,"href":"https:\/\/www.hashtag.al\/index.php\/wp-json\/wp\/v2\/media\/518731"}],"wp:attachment":[{"href":"https:\/\/www.hashtag.al\/index.php\/wp-json\/wp\/v2\/media?parent=518730"}],"wp:term":[{"taxonomy":"category","embeddable":true,"href":"https:\/\/www.hashtag.al\/index.php\/wp-json\/wp\/v2\/categories?post=518730"},{"taxonomy":"post_tag","embeddable":true,"href":"https:\/\/www.hashtag.al\/index.php\/wp-json\/wp\/v2\/tags?post=518730"}],"curies":[{"name":"wp","href":"https:\/\/api.w.org\/{rel}","templated":true}]}}