{"id":518243,"date":"2022-04-17T16:34:08","date_gmt":"2022-04-17T14:34:08","guid":{"rendered":"https:\/\/www.hashtag.al\/?p=518243"},"modified":"2022-04-17T16:34:08","modified_gmt":"2022-04-17T14:34:08","slug":"trazira-ne-suedi-mes-planeve-te-ekstremit-te-djathte-per-te-djegur-kuranin-video","status":"publish","type":"post","link":"https:\/\/www.hashtag.al\/index.php\/2022\/04\/17\/trazira-ne-suedi-mes-planeve-te-ekstremit-te-djathte-per-te-djegur-kuranin-video\/","title":{"rendered":"Trazira n\u00eb Suedi mes planeve t\u00eb ekstremit t\u00eb djatht\u00eb p\u00ebr t\u00eb djegur Kuranin (Video)","gt_translate_keys":[{"key":"rendered","format":"text"}]},"content":{"rendered":"<p><span style=\"color: #000000;\"><img loading=\"lazy\" decoding=\"async\" class=\"aligncenter size-full wp-image-518244\" src=\"https:\/\/www.hashtag.al\/wp-content\/uploads\/2022\/04\/suedi.jpg\" alt=\"\" width=\"768\" height=\"432\" srcset=\"https:\/\/www.hashtag.al\/wp-content\/uploads\/2022\/04\/suedi.jpg 768w, https:\/\/www.hashtag.al\/wp-content\/uploads\/2022\/04\/suedi-300x169.jpg 300w\" sizes=\"auto, (max-width: 768px) 100vw, 768px\" \/><\/span><\/p>\n<p><span style=\"color: #000000;\">Thirrjet \u2018Allahu Akbar&#8217;, makinat e policis\u00eb t\u00eb djegura dhe oficer\u00ebt e plagosur, kjo ishte pamja si dukej festa e Pashk\u00ebve n\u00eb shum\u00eb qytete anemban\u00eb Suedis\u00eb k\u00ebt\u00eb jav\u00eb, pasi autoritetet lejuan nj\u00eb grup t\u00eb ekstremit t\u00eb djatht\u00eb kund\u00ebr imigracionit t\u00eb organizonte mitingje, t\u00eb cilat p\u00ebrfshinin planet p\u00ebr djegien e Kuranit.<\/span><\/p>\n<p><span style=\"color: #000000;\">Trazirat shp\u00ebrthyen t\u00eb enjten n\u00eb qytetin e Linkoping, ku bandat e t\u00eb rinjve u p\u00ebrlesh\u00ebn me policin\u00eb, duke plagosur tre oficer\u00eb. T\u00eb pakt\u00ebn dy persona u arrestuan.<\/span><\/p>\n<p><span style=\"color: #000000;\">Dhuna u ndez nga vendimi i autoriteteve suedeze p\u00ebr t\u00eb dh\u00ebn\u00eb leje p\u00ebr nj\u00eb seri mitingjesh antiislame. Organizuar nga Rasmus Paludan &#8211; nj\u00eb politikan danez i krahut t\u00eb djatht\u00eb, i cili ka kaluar koh\u00eb n\u00eb burg p\u00ebr akuza t\u00eb lidhura me racizmin &#8211; ngjarjet n\u00eb vende t\u00eb ndryshme anemban\u00eb Suedis\u00eb kishin p\u00ebr q\u00ebllim t\u00eb shfaqnin djegien e librit t\u00eb shenjt\u00eb t\u00eb Islamit, Kuranit.<\/span><\/p>\n<div style=\"width: 320px;\" class=\"wp-video\"><video class=\"wp-video-shortcode\" id=\"video-518243-1\" width=\"320\" height=\"690\" preload=\"metadata\" controls=\"controls\"><source type=\"video\/mp4\" src=\"https:\/\/www.hashtag.al\/wp-content\/uploads\/2022\/04\/suedi.mp4?_=1\" \/><a href=\"https:\/\/www.hashtag.al\/wp-content\/uploads\/2022\/04\/suedi.mp4\">https:\/\/www.hashtag.al\/wp-content\/uploads\/2022\/04\/suedi.mp4<\/a><\/video><\/div>\n<p>&nbsp;<\/p>\n<p><span style=\"color: #000000;\">Tensionet arrit\u00ebn n\u00eb krye t\u00eb premten kur protesta zbriti n\u00eb qytetin e Orebro.<\/span><\/p>\n<p><span style=\"color: #000000;\">Nd\u00ebrsa Paludan dhe mb\u00ebshtet\u00ebsit e tij fillimisht u lejuan t\u00eb mbanin tubimin e tyre, ai p\u00ebrfundimisht duhej t\u00eb shp\u00ebrndahej p\u00ebr shkak t\u00eb shqet\u00ebsimeve t\u00eb siguris\u00eb. Turmat e rebel\u00ebve q\u00eb protestonin kund\u00ebr grupit t\u00eb ekstremit t\u00eb djatht\u00eb q\u00eblluan me gur\u00eb policin\u00eb dhe dogj\u00ebn kat\u00ebr automjete t\u00eb policis\u00eb.<\/span><\/p>\n<p><span style=\"color: #000000;\">Nd\u00ebrsa departamenti i policis\u00eb lokale fillimisht foli p\u00ebr kat\u00ebr oficer\u00eb t\u00eb plagosur dhe nj\u00eb kalimtar t\u00eb rastit, m\u00eb von\u00eb e p\u00ebrdit\u00ebsoi at\u00eb num\u00ebr, duke th\u00ebn\u00eb se \u2018rreth dhjet\u00eb polic\u00eb\u2019 kishin p\u00ebsuar l\u00ebndime.<\/span><\/p>\n<p><span style=\"color: #000000;\">Skena t\u00eb ngjashme u pan\u00eb n\u00eb kryeqytetin e Suedis\u00eb, Stokholm, si dhe n\u00eb Malmo dhe Norrkoping.<\/span><\/p>\n<p><span style=\"color: #000000;\">Sipas gazet\u00ebs Expressen, Paludan arriti t\u00eb digjte t\u00eb pakt\u00ebn nj\u00eb kopje t\u00eb Kuranit n\u00eb lagjen Rinkeby t\u00eb Stokholmit t\u00eb premten. Nj\u00eb video \u00ebsht\u00eb postuar edhe n\u00eb T\u00ebitter, e cila duket se e tregon at\u00eb duke kryer veprimin.<\/span><\/p>\n<p><span style=\"color: #000000;\">Shfaqjet antiislame t\u00eb Paludanit dhe trazirat pasuese erdh\u00ebn p\u00ebrpara Pashk\u00ebve dhe gjat\u00eb muajit t\u00eb Ramazanit.<\/span><\/p>\n<div style=\"width: 480px;\" class=\"wp-video\"><video class=\"wp-video-shortcode\" id=\"video-518243-2\" width=\"480\" height=\"852\" preload=\"metadata\" controls=\"controls\"><source type=\"video\/mp4\" src=\"https:\/\/www.hashtag.al\/wp-content\/uploads\/2022\/04\/suedi2.mp4?_=2\" \/><a href=\"https:\/\/www.hashtag.al\/wp-content\/uploads\/2022\/04\/suedi2.mp4\">https:\/\/www.hashtag.al\/wp-content\/uploads\/2022\/04\/suedi2.mp4<\/a><\/video><\/div>\n","protected":false,"gt_translate_keys":[{"key":"rendered","format":"html"}]},"excerpt":{"rendered":"<p>Thirrjet \u2018Allahu Akbar&#8217;, makinat e policis\u00eb t\u00eb djegura dhe oficer\u00ebt e plagosur, kjo ishte pamja si dukej festa e Pashk\u00ebve n\u00eb shum\u00eb qytete anemban\u00eb Suedis\u00eb k\u00ebt\u00eb jav\u00eb, pasi autoritetet lejuan nj\u00eb grup t\u00eb ekstremit t\u00eb djatht\u00eb kund\u00ebr imigracionit t\u00eb organizonte mitingje, t\u00eb cilat p\u00ebrfshinin planet p\u00ebr djegien e Kuranit. Trazirat shp\u00ebrthyen t\u00eb enjten n\u00eb qytetin [&hellip;]<\/p>\n","protected":false,"gt_translate_keys":[{"key":"rendered","format":"html"}]},"author":51,"featured_media":518244,"comment_status":"closed","ping_status":"closed","sticky":false,"template":"","format":"standard","meta":{"footnotes":""},"categories":[53],"tags":[],"class_list":["post-518243","post","type-post","status-publish","format-standard","has-post-thumbnail","hentry","category-fast-foodi"],"gt_translate_keys":[{"key":"link","format":"url"}],"_links":{"self":[{"href":"https:\/\/www.hashtag.al\/index.php\/wp-json\/wp\/v2\/posts\/518243","targetHints":{"allow":["GET"]}}],"collection":[{"href":"https:\/\/www.hashtag.al\/index.php\/wp-json\/wp\/v2\/posts"}],"about":[{"href":"https:\/\/www.hashtag.al\/index.php\/wp-json\/wp\/v2\/types\/post"}],"author":[{"embeddable":true,"href":"https:\/\/www.hashtag.al\/index.php\/wp-json\/wp\/v2\/users\/51"}],"replies":[{"embeddable":true,"href":"https:\/\/www.hashtag.al\/index.php\/wp-json\/wp\/v2\/comments?post=518243"}],"version-history":[{"count":0,"href":"https:\/\/www.hashtag.al\/index.php\/wp-json\/wp\/v2\/posts\/518243\/revisions"}],"wp:featuredmedia":[{"embeddable":true,"href":"https:\/\/www.hashtag.al\/index.php\/wp-json\/wp\/v2\/media\/518244"}],"wp:attachment":[{"href":"https:\/\/www.hashtag.al\/index.php\/wp-json\/wp\/v2\/media?parent=518243"}],"wp:term":[{"taxonomy":"category","embeddable":true,"href":"https:\/\/www.hashtag.al\/index.php\/wp-json\/wp\/v2\/categories?post=518243"},{"taxonomy":"post_tag","embeddable":true,"href":"https:\/\/www.hashtag.al\/index.php\/wp-json\/wp\/v2\/tags?post=518243"}],"curies":[{"name":"wp","href":"https:\/\/api.w.org\/{rel}","templated":true}]}}