{"id":518056,"date":"2022-04-16T11:25:46","date_gmt":"2022-04-16T09:25:46","guid":{"rendered":"https:\/\/www.hashtag.al\/?p=518056"},"modified":"2022-04-16T11:31:09","modified_gmt":"2022-04-16T09:31:09","slug":"emri-i-bashes-mes-firmetareve-qe-mbeshtesin-platformen-e-alibeajt-por-mungojne-salianji-dhe-duma","status":"publish","type":"post","link":"https:\/\/www.hashtag.al\/index.php\/2022\/04\/16\/emri-i-bashes-mes-firmetareve-qe-mbeshtesin-platformen-e-alibeajt-por-mungojne-salianji-dhe-duma\/","title":{"rendered":"Emri i Bash\u00ebs mes firm\u00ebtar\u00ebve q\u00eb mb\u00ebshtesin platform\u00ebn e Alibeajt, por mungojn\u00eb Salianji dhe Duma","gt_translate_keys":[{"key":"rendered","format":"text"}]},"content":{"rendered":"<p><a href=\"https:\/\/www.hashtag.al\/wp-content\/uploads\/2022\/04\/a.jpg\"><img loading=\"lazy\" decoding=\"async\" class=\"aligncenter size-full wp-image-518057\" src=\"https:\/\/www.hashtag.al\/wp-content\/uploads\/2022\/04\/a.jpg\" alt=\"\" width=\"770\" height=\"359\" srcset=\"https:\/\/www.hashtag.al\/wp-content\/uploads\/2022\/04\/a.jpg 770w, https:\/\/www.hashtag.al\/wp-content\/uploads\/2022\/04\/a-300x140.jpg 300w, https:\/\/www.hashtag.al\/wp-content\/uploads\/2022\/04\/a-768x358.jpg 768w\" sizes=\"auto, (max-width: 770px) 100vw, 770px\" \/><\/a><\/p>\n<p><span style=\"color: #000000;\">Gjat\u00eb konferenc\u00ebs p\u00ebr mediet ku prezantoi platform\u00ebn p\u00ebr bashkimin e PD-s\u00eb, Enkelejd lexoi emrat e deputet\u00ebve q\u00eb e kan\u00eb mb\u00ebshtetur k\u00ebt\u00eb platform\u00eb.<\/span><\/p>\n<p><span style=\"color: #000000;\">Mir\u00ebpo n\u00eb k\u00ebt\u00eb list\u00eb bie n\u00eb sy mungesa e deputet\u00ebve si Ervin Salianji e Grida Duma, t\u00eb cil\u00ebt pas humbjes s\u00eb thell\u00eb n\u00eb zgjedhjet lokale hoq\u00ebn dor\u00eb nga detyrat e tyre n\u00eb strukturat e PS-s\u00eb.<\/span><\/p>\n<p><span style=\"color: #000000;\">Nd\u00ebrkoh\u00eb n\u00eb list\u00eb nuk mungon emri i ish-kryedemokratit Lulzim Basha. Alibeaj u shpreh se platforma p\u00ebr bashkimin e PD-s\u00eb \u00ebsht\u00eb nj\u00eb platform\u00eb parimesh e konstultuar dhe konkluduar nga shumica d\u00ebrrmuese e deputet\u00ebve e cila iu drejtohet baz\u00ebs s\u00eb demokrat\u00ebve.<\/span><\/p>\n<p><strong><span style=\"color: #000000;\">Deputet\u00ebt q\u00eb mb\u00ebshtet\u00ebn platform\u00ebn e Alibeajt:<\/span><\/strong><\/p>\n<ol>\n<li><span style=\"color: #000000;\">AGRON GJEKMARKAJ<\/span><\/li>\n<li><span style=\"color: #000000;\">ALFRED RUSHAJ<\/span><\/li>\n<li><span style=\"color: #000000;\">ANDIA ULLIRI<\/span><\/li>\n<li><span style=\"color: #000000;\">ARBI AGALLIU<\/span><\/li>\n<li><span style=\"color: #000000;\">BLEDJON NALLBATI<\/span><\/li>\n<li><span style=\"color: #000000;\">DASHNOR SULA<\/span><\/li>\n<li><span style=\"color: #000000;\">DHURATA TYLI (\u00c7UPI)<\/span><\/li>\n<li><span style=\"color: #000000;\">EMILJA KOLIQI<\/span><\/li>\n<li><span style=\"color: #000000;\">ENKELEJD ALIBEAJ<\/span><\/li>\n<li><span style=\"color: #000000;\">ERALDA BANO (TASE)<\/span><\/li>\n<li><span style=\"color: #000000;\">FATJON VEIZAJ<\/span><\/li>\n<li><span style=\"color: #000000;\">FERDINANT XHAFERRAJ<\/span><\/li>\n<li><span style=\"color: #000000;\">FLAMUR HOXHA<\/span><\/li>\n<li><span style=\"color: #000000;\">FLUTURA A\u00c7KA<\/span><\/li>\n<li><span style=\"color: #000000;\">GAZMENT BARDHI<\/span><\/li>\n<li><span style=\"color: #000000;\">GRETA BARDELI<\/span><\/li>\n<li><span style=\"color: #000000;\">HELIDON BUSHATI<\/span><\/li>\n<li><span style=\"color: #000000;\">ILDA DHORI<\/span><\/li>\n<li><span style=\"color: #000000;\">JORIDA TABAKU<\/span><\/li>\n<li><span style=\"color: #000000;\">KASTRIOT PIROLI<\/span><\/li>\n<li><span style=\"color: #000000;\">KRESHNIK \u00c7OLLAKU<\/span><\/li>\n<li><span style=\"color: #000000;\">LEFTER G\u00cbSHTENJA<\/span><\/li>\n<li><span style=\"color: #000000;\">LINDITA METALIAJ<\/span><\/li>\n<li><span style=\"color: #000000;\">LULZIM BASHA<\/span><\/li>\n<li><span style=\"color: #000000;\">MERITA BAKIU<\/span><\/li>\n<li><span style=\"color: #000000;\">ORJOLA PAMPURI<\/span><\/li>\n<li><span style=\"color: #000000;\">RAMADAN LIKAJ<\/span><\/li>\n<li><span style=\"color: #000000;\">SAIMIR KORRESHI<\/span><\/li>\n<li><span style=\"color: #000000;\">SELADIN JAKUPLLARI<\/span><\/li>\n<li><span style=\"color: #000000;\">ZEF HILA<\/span><\/li>\n<li><span style=\"color: #000000;\">ZHENI GJERGJI<\/span><\/li>\n<\/ol>\n<p>&nbsp;<\/p>\n<p>&nbsp;<\/p>\n","protected":false,"gt_translate_keys":[{"key":"rendered","format":"html"}]},"excerpt":{"rendered":"<p>Gjat\u00eb konferenc\u00ebs p\u00ebr mediet ku prezantoi platform\u00ebn p\u00ebr bashkimin e PD-s\u00eb, Enkelejd lexoi emrat e deputet\u00ebve q\u00eb e kan\u00eb mb\u00ebshtetur k\u00ebt\u00eb platform\u00eb. Mir\u00ebpo n\u00eb k\u00ebt\u00eb list\u00eb bie n\u00eb sy mungesa e deputet\u00ebve si Ervin Salianji e Grida Duma, t\u00eb cil\u00ebt pas humbjes s\u00eb thell\u00eb n\u00eb zgjedhjet lokale hoq\u00ebn dor\u00eb nga detyrat e tyre n\u00eb strukturat [&hellip;]<\/p>\n","protected":false,"gt_translate_keys":[{"key":"rendered","format":"html"}]},"author":30,"featured_media":518057,"comment_status":"closed","ping_status":"closed","sticky":false,"template":"","format":"standard","meta":{"footnotes":""},"categories":[65,13],"tags":[],"class_list":["post-518056","post","type-post","status-publish","format-standard","has-post-thumbnail","hentry","category-lajme","category-te-fundit"],"gt_translate_keys":[{"key":"link","format":"url"}],"_links":{"self":[{"href":"https:\/\/www.hashtag.al\/index.php\/wp-json\/wp\/v2\/posts\/518056","targetHints":{"allow":["GET"]}}],"collection":[{"href":"https:\/\/www.hashtag.al\/index.php\/wp-json\/wp\/v2\/posts"}],"about":[{"href":"https:\/\/www.hashtag.al\/index.php\/wp-json\/wp\/v2\/types\/post"}],"author":[{"embeddable":true,"href":"https:\/\/www.hashtag.al\/index.php\/wp-json\/wp\/v2\/users\/30"}],"replies":[{"embeddable":true,"href":"https:\/\/www.hashtag.al\/index.php\/wp-json\/wp\/v2\/comments?post=518056"}],"version-history":[{"count":0,"href":"https:\/\/www.hashtag.al\/index.php\/wp-json\/wp\/v2\/posts\/518056\/revisions"}],"wp:featuredmedia":[{"embeddable":true,"href":"https:\/\/www.hashtag.al\/index.php\/wp-json\/wp\/v2\/media\/518057"}],"wp:attachment":[{"href":"https:\/\/www.hashtag.al\/index.php\/wp-json\/wp\/v2\/media?parent=518056"}],"wp:term":[{"taxonomy":"category","embeddable":true,"href":"https:\/\/www.hashtag.al\/index.php\/wp-json\/wp\/v2\/categories?post=518056"},{"taxonomy":"post_tag","embeddable":true,"href":"https:\/\/www.hashtag.al\/index.php\/wp-json\/wp\/v2\/tags?post=518056"}],"curies":[{"name":"wp","href":"https:\/\/api.w.org\/{rel}","templated":true}]}}