{"id":518053,"date":"2022-04-16T11:14:58","date_gmt":"2022-04-16T09:14:58","guid":{"rendered":"https:\/\/www.hashtag.al\/?p=518053"},"modified":"2022-04-16T11:14:58","modified_gmt":"2022-04-16T09:14:58","slug":"zgjedhjet-per-kreret-e-degeve-alibeaj-proces-i-njeanshem-qe-nuk-do-bashkimin","status":"publish","type":"post","link":"https:\/\/www.hashtag.al\/index.php\/2022\/04\/16\/zgjedhjet-per-kreret-e-degeve-alibeaj-proces-i-njeanshem-qe-nuk-do-bashkimin\/","title":{"rendered":"Zgjedhjet p\u00ebr krer\u00ebt e deg\u00ebve, Alibeaj: Proces i nj\u00ebansh\u00ebm q\u00eb nuk do bashkimin","gt_translate_keys":[{"key":"rendered","format":"text"}]},"content":{"rendered":"<p><span style=\"color: #000000;\"><a href=\"https:\/\/www.hashtag.al\/wp-content\/uploads\/2022\/04\/alibeaj-enkelejd.jpeg\"><img loading=\"lazy\" decoding=\"async\" class=\"aligncenter size-full wp-image-518054\" src=\"https:\/\/www.hashtag.al\/wp-content\/uploads\/2022\/04\/alibeaj-enkelejd.jpeg\" alt=\"\" width=\"770\" height=\"433\" srcset=\"https:\/\/www.hashtag.al\/wp-content\/uploads\/2022\/04\/alibeaj-enkelejd.jpeg 770w, https:\/\/www.hashtag.al\/wp-content\/uploads\/2022\/04\/alibeaj-enkelejd-300x169.jpeg 300w, https:\/\/www.hashtag.al\/wp-content\/uploads\/2022\/04\/alibeaj-enkelejd-768x432.jpeg 768w\" sizes=\"auto, (max-width: 770px) 100vw, 770px\" \/><\/a><\/span><\/p>\n<p><span style=\"color: #000000;\">N\u00eb nj\u00eb konferenc\u00eb p\u00ebr mediet ku prezantoi platform\u00ebn e tij p\u00ebr bashkimin, Enkelejd Alibeaj ka komentuar zgjedhjet q\u00eb po zhvillon grupi i Rithemelimit p\u00ebr krer\u00ebt e deg\u00ebve t\u00eb PD.<\/span><\/p>\n<p><span style=\"color: #000000;\">Alibeaj tha se \u00ebsht\u00eb proces i nj\u00ebansh\u00ebm q\u00eb nuk do bashkimin e demokrat\u00ebve<\/span><\/p>\n<p><span style=\"color: #000000;\"><em>\u201cKa shum\u00eb deputet\u00eb dhe demokrat\u00eb q\u00eb jan\u00eb p\u00ebrjashtuar nga zgjedhjet q\u00eb Berisha po b\u00ebn p\u00ebr kryetar t\u00eb deg\u00ebve. Ky \u00ebsht\u00eb nj\u00eb proces i nj\u00ebansh\u00ebm q\u00eb vet\u00ebm bashkimin e PD nuk duan.\u201d<\/em>&#8211; tha Alibeaj<\/span><\/p>\n<p><span style=\"color: #000000;\">Lidhur me akuzat ndaj tij t\u00eb ish-kryeministrit Sali Berisha i cili nuk e njeh m\u00eb at\u00eb si kryetar i grupit\u00a0t\u00eb PD-s\u00eb, Alibeaj tha se q\u00ebndrimi i tij ndaj Berish\u00ebs \u00ebsht\u00eb i qart\u00eb.<\/span><\/p>\n<p><span style=\"color: #000000;\"><em>\u201c\u00cbsht\u00eb i tep\u00ebrt apo jo, \u00ebsht\u00eb e ditur p\u00ebr k\u00ebdo se Berisha nuk ka qen\u00eb pjes\u00eb e grupit parlamentar sipas rregullores s\u00eb Kuvendit n\u00eb momentin kur legjislatura ka filluar dhe grupet parlamentare jan\u00eb konstituuar. Un\u00eb e thash p\u00ebr \u00e7do propozim tjet\u00ebr \u00ebsht\u00eb p\u00ebr t\u2019u diskutuar me frym\u00eb bashk\u00ebpunimi dhe gjith\u00ebp\u00ebrfshirje. Un\u00eb e kam b\u00ebr\u00eb t\u00eb qart\u00eb q\u00ebndrimi tim ndaj Berish\u00ebs, q\u00ebndrimi i tij ndaj meje \u00ebsht\u00eb i qart\u00eb gjithashtu por kjo nuk \u00ebsht\u00eb kjo \u00e7\u00ebshtja, por bashkimi i demokrat\u00ebve q\u00eb jan\u00eb posht\u00eb dhe p\u00ebrballja me regjimin e Ram\u00ebs\u201d<\/em>&#8211; tha Alibeaj.<\/span><\/p>\n","protected":false,"gt_translate_keys":[{"key":"rendered","format":"html"}]},"excerpt":{"rendered":"<p>N\u00eb nj\u00eb konferenc\u00eb p\u00ebr mediet ku prezantoi platform\u00ebn e tij p\u00ebr bashkimin, Enkelejd Alibeaj ka komentuar zgjedhjet q\u00eb po zhvillon grupi i Rithemelimit p\u00ebr krer\u00ebt e deg\u00ebve t\u00eb PD. Alibeaj tha se \u00ebsht\u00eb proces i nj\u00ebansh\u00ebm q\u00eb nuk do bashkimin e demokrat\u00ebve \u201cKa shum\u00eb deputet\u00eb dhe demokrat\u00eb q\u00eb jan\u00eb p\u00ebrjashtuar nga zgjedhjet q\u00eb Berisha po [&hellip;]<\/p>\n","protected":false,"gt_translate_keys":[{"key":"rendered","format":"html"}]},"author":30,"featured_media":518054,"comment_status":"closed","ping_status":"closed","sticky":false,"template":"","format":"standard","meta":{"footnotes":""},"categories":[65,13],"tags":[],"class_list":["post-518053","post","type-post","status-publish","format-standard","has-post-thumbnail","hentry","category-lajme","category-te-fundit"],"gt_translate_keys":[{"key":"link","format":"url"}],"_links":{"self":[{"href":"https:\/\/www.hashtag.al\/index.php\/wp-json\/wp\/v2\/posts\/518053","targetHints":{"allow":["GET"]}}],"collection":[{"href":"https:\/\/www.hashtag.al\/index.php\/wp-json\/wp\/v2\/posts"}],"about":[{"href":"https:\/\/www.hashtag.al\/index.php\/wp-json\/wp\/v2\/types\/post"}],"author":[{"embeddable":true,"href":"https:\/\/www.hashtag.al\/index.php\/wp-json\/wp\/v2\/users\/30"}],"replies":[{"embeddable":true,"href":"https:\/\/www.hashtag.al\/index.php\/wp-json\/wp\/v2\/comments?post=518053"}],"version-history":[{"count":0,"href":"https:\/\/www.hashtag.al\/index.php\/wp-json\/wp\/v2\/posts\/518053\/revisions"}],"wp:featuredmedia":[{"embeddable":true,"href":"https:\/\/www.hashtag.al\/index.php\/wp-json\/wp\/v2\/media\/518054"}],"wp:attachment":[{"href":"https:\/\/www.hashtag.al\/index.php\/wp-json\/wp\/v2\/media?parent=518053"}],"wp:term":[{"taxonomy":"category","embeddable":true,"href":"https:\/\/www.hashtag.al\/index.php\/wp-json\/wp\/v2\/categories?post=518053"},{"taxonomy":"post_tag","embeddable":true,"href":"https:\/\/www.hashtag.al\/index.php\/wp-json\/wp\/v2\/tags?post=518053"}],"curies":[{"name":"wp","href":"https:\/\/api.w.org\/{rel}","templated":true}]}}