{"id":518043,"date":"2022-04-16T10:27:57","date_gmt":"2022-04-16T08:27:57","guid":{"rendered":"https:\/\/www.hashtag.al\/?p=518043"},"modified":"2022-04-16T10:27:57","modified_gmt":"2022-04-16T08:27:57","slug":"sulmohet-perseri-policia-e-kosoves-ne-veri","status":"publish","type":"post","link":"https:\/\/www.hashtag.al\/index.php\/2022\/04\/16\/sulmohet-perseri-policia-e-kosoves-ne-veri\/","title":{"rendered":"Sulmohet p\u00ebrs\u00ebri Policia e Kosov\u00ebs n\u00eb Veri","gt_translate_keys":[{"key":"rendered","format":"text"}]},"content":{"rendered":"<p><span style=\"color: #000000;\"><a href=\"https:\/\/www.hashtag.al\/wp-content\/uploads\/2022\/04\/1-1-1-600x360-1.jpg\"><img loading=\"lazy\" decoding=\"async\" class=\"aligncenter size-full wp-image-518044\" src=\"https:\/\/www.hashtag.al\/wp-content\/uploads\/2022\/04\/1-1-1-600x360-1.jpg\" alt=\"\" width=\"600\" height=\"360\" srcset=\"https:\/\/www.hashtag.al\/wp-content\/uploads\/2022\/04\/1-1-1-600x360-1.jpg 600w, https:\/\/www.hashtag.al\/wp-content\/uploads\/2022\/04\/1-1-1-600x360-1-300x180.jpg 300w\" sizes=\"auto, (max-width: 600px) 100vw, 600px\" \/><\/a><\/span><\/p>\n<p><span style=\"color: #000000;\">Sulmohet p\u00ebrs\u00ebri policia n\u00eb Kosov\u00eb n\u00eb zonat kufitare me Serbin\u00eb. Policia e Kosov\u00ebs ka njoftuar se sot n\u00eb or\u00ebt e para t\u00eb m\u00ebngjesit kan\u00eb ndodhur dy shp\u00ebrthime n\u00eb Sharpej t\u00eb Jarinj\u00ebs.<\/span><\/p>\n<p><span style=\"color: #000000;\">Shp\u00ebrthimet kan\u00eb ndodhur af\u00ebr nj\u00eb mjeti t\u00eb policis\u00eb q\u00eb ishte i ndaluar, nd\u00ebrsa efektiv\u00ebt ishin e p\u00ebrqendruar n\u00eb parandalim t\u00eb kontraband\u00ebs n\u00eb at\u00eb zon\u00eb.<\/span><\/p>\n<p><span style=\"color: #000000;\">Dyshimet jan\u00eb se mjetet piroteknike jan\u00eb hedhur nga territori i Serbis\u00eb. P\u00ebr fat t\u00eb mir\u00eb, nuk ka t\u00eb l\u00ebnduar nga ky incident.<\/span><\/p>\n<p><em><span style=\"color: #000000;\">\u201cSot, m\u00eb 16.04.2022, rreth or\u00ebs 03:10, n\u00eb Sharpej t\u00eb Jarinj\u00ebs, kan\u00eb ndodhur dy shp\u00ebrthime (dyshohet nga mjete piroteknike). Shp\u00ebrthimet kan\u00eb ndodhur af\u00ebr vetur\u00ebs s\u00eb policis\u00eb e cila ishte n\u00eb nj\u00eb pik\u00eb statike ku policia ishte e p\u00ebrqendruar n\u00eb parandalim t\u00eb kontraband\u00ebs n\u00eb at\u00eb zon\u00eb.<\/span><\/em><\/p>\n<p><em><span style=\"color: #000000;\">Nga shikimi i vendit t\u00eb ngjarjes \u00ebsht\u00eb v\u00ebrejtur se n\u00eb xhamin e vetur\u00ebs policore ka mbetur nj\u00eb cop\u00eb letre (dyshohet mb\u00ebshtjell\u00ebs i mjeteve piroteknike). Ngjarja ka ndodhur n\u00eb nj\u00eb pjes\u00eb q\u00eb \u00ebsht\u00eb af\u00ebr territorit t\u00eb Serbis\u00eb dhe dyshimi i bazuar \u00ebsht\u00eb se k\u00ebto mjete jan\u00eb hedhur nga territori i Serbis\u00eb. Policia ka qen\u00eb duke monitoruar nj\u00eb rrug\u00eb ilegale t\u00eb mbyllur koh\u00eb m\u00eb par\u00eb dhe e cila p\u00ebrdorej p\u00ebr kontraband\u00eb t\u00eb mallrave.<\/span><\/em><\/p>\n<p><span style=\"color: #000000;\"><em>Nga ky rast, nuk ka persona t\u00eb l\u00ebnduar as d\u00ebme materiale. Policia \u00ebsht\u00eb duke e trajtuar rastin dhe do t\u00eb vazhdoj\u00eb aktivitete operative p\u00ebr t\u00eb parandaluar aktet kriminale trans-kufitare n\u00eb at\u00eb zon\u00eb dhe ofrimin e siguris\u00eb p\u00ebr t\u00eb gjith\u00eb.\u201d-<\/em> thuhet n\u00eb njoftimin e Policis\u00eb.<\/span><\/p>\n<p><span style=\"color: #000000;\">Ky \u00ebsht\u00eb sulmi i pest\u00eb ndaj policis\u00eb s\u00eb Kosov\u00ebs brenda kat\u00ebr dit\u00ebsh.<\/span><\/p>\n<p><a href=\"https:\/\/www.hashtag.al\/wp-content\/uploads\/2022\/04\/2-1-1-800x600-1.jpg\"><img loading=\"lazy\" decoding=\"async\" class=\"aligncenter size-full wp-image-518045\" src=\"https:\/\/www.hashtag.al\/wp-content\/uploads\/2022\/04\/2-1-1-800x600-1.jpg\" alt=\"\" width=\"800\" height=\"600\" srcset=\"https:\/\/www.hashtag.al\/wp-content\/uploads\/2022\/04\/2-1-1-800x600-1.jpg 800w, https:\/\/www.hashtag.al\/wp-content\/uploads\/2022\/04\/2-1-1-800x600-1-300x225.jpg 300w, https:\/\/www.hashtag.al\/wp-content\/uploads\/2022\/04\/2-1-1-800x600-1-768x576.jpg 768w\" sizes=\"auto, (max-width: 800px) 100vw, 800px\" \/><\/a><\/p>\n","protected":false,"gt_translate_keys":[{"key":"rendered","format":"html"}]},"excerpt":{"rendered":"<p>Sulmohet p\u00ebrs\u00ebri policia n\u00eb Kosov\u00eb n\u00eb zonat kufitare me Serbin\u00eb. Policia e Kosov\u00ebs ka njoftuar se sot n\u00eb or\u00ebt e para t\u00eb m\u00ebngjesit kan\u00eb ndodhur dy shp\u00ebrthime n\u00eb Sharpej t\u00eb Jarinj\u00ebs. Shp\u00ebrthimet kan\u00eb ndodhur af\u00ebr nj\u00eb mjeti t\u00eb policis\u00eb q\u00eb ishte i ndaluar, nd\u00ebrsa efektiv\u00ebt ishin e p\u00ebrqendruar n\u00eb parandalim t\u00eb kontraband\u00ebs n\u00eb at\u00eb zon\u00eb. [&hellip;]<\/p>\n","protected":false,"gt_translate_keys":[{"key":"rendered","format":"html"}]},"author":30,"featured_media":518044,"comment_status":"closed","ping_status":"closed","sticky":false,"template":"","format":"standard","meta":{"footnotes":""},"categories":[149,13],"tags":[],"class_list":["post-518043","post","type-post","status-publish","format-standard","has-post-thumbnail","hentry","category-kosoverajon","category-te-fundit"],"gt_translate_keys":[{"key":"link","format":"url"}],"_links":{"self":[{"href":"https:\/\/www.hashtag.al\/index.php\/wp-json\/wp\/v2\/posts\/518043","targetHints":{"allow":["GET"]}}],"collection":[{"href":"https:\/\/www.hashtag.al\/index.php\/wp-json\/wp\/v2\/posts"}],"about":[{"href":"https:\/\/www.hashtag.al\/index.php\/wp-json\/wp\/v2\/types\/post"}],"author":[{"embeddable":true,"href":"https:\/\/www.hashtag.al\/index.php\/wp-json\/wp\/v2\/users\/30"}],"replies":[{"embeddable":true,"href":"https:\/\/www.hashtag.al\/index.php\/wp-json\/wp\/v2\/comments?post=518043"}],"version-history":[{"count":0,"href":"https:\/\/www.hashtag.al\/index.php\/wp-json\/wp\/v2\/posts\/518043\/revisions"}],"wp:featuredmedia":[{"embeddable":true,"href":"https:\/\/www.hashtag.al\/index.php\/wp-json\/wp\/v2\/media\/518044"}],"wp:attachment":[{"href":"https:\/\/www.hashtag.al\/index.php\/wp-json\/wp\/v2\/media?parent=518043"}],"wp:term":[{"taxonomy":"category","embeddable":true,"href":"https:\/\/www.hashtag.al\/index.php\/wp-json\/wp\/v2\/categories?post=518043"},{"taxonomy":"post_tag","embeddable":true,"href":"https:\/\/www.hashtag.al\/index.php\/wp-json\/wp\/v2\/tags?post=518043"}],"curies":[{"name":"wp","href":"https:\/\/api.w.org\/{rel}","templated":true}]}}