{"id":517996,"date":"2022-04-15T22:10:52","date_gmt":"2022-04-15T20:10:52","guid":{"rendered":"https:\/\/www.hashtag.al\/?p=517996"},"modified":"2022-04-15T22:12:35","modified_gmt":"2022-04-15T20:12:35","slug":"spiropali-per-incidentin-e-rames-ne-avion-lajm-i-vjeter-kompania-kerkoi-falje","status":"publish","type":"post","link":"https:\/\/www.hashtag.al\/index.php\/2022\/04\/15\/spiropali-per-incidentin-e-rames-ne-avion-lajm-i-vjeter-kompania-kerkoi-falje\/","title":{"rendered":"Spiropali p\u00ebr incidentin e Ram\u00ebs n\u00eb avion: Lajm i vjet\u00ebr, kompania k\u00ebrkoi falje","gt_translate_keys":[{"key":"rendered","format":"text"}]},"content":{"rendered":"<p><span style=\"color: #000000;\"><img loading=\"lazy\" decoding=\"async\" class=\"aligncenter size-full wp-image-517997\" src=\"https:\/\/www.hashtag.al\/wp-content\/uploads\/2022\/04\/spiropali-1.jpg\" alt=\"\" width=\"800\" height=\"480\" srcset=\"https:\/\/www.hashtag.al\/wp-content\/uploads\/2022\/04\/spiropali-1.jpg 800w, https:\/\/www.hashtag.al\/wp-content\/uploads\/2022\/04\/spiropali-1-300x180.jpg 300w, https:\/\/www.hashtag.al\/wp-content\/uploads\/2022\/04\/spiropali-1-768x461.jpg 768w\" sizes=\"auto, (max-width: 800px) 100vw, 800px\" \/><\/span><\/p>\n<p><span style=\"color: #000000;\">Ministrja Spiropali ka komentuar lajmin e shp\u00ebrndar\u00eb sot n\u00eb media lidhur me shoq\u00ebrimin e kryeministrit Rama nga aeroplani n\u00eb Gjermani p\u00ebr mosmbajtjen e mask\u00ebs.<\/span><\/p>\n<p><span style=\"color: #000000;\"> Ajo tha n\u00eb \u2018Zon\u00eb e Lir\u00eb\u2019 se b\u00ebhet fjal\u00eb p\u00ebr nj\u00eb lajm t\u00eb vjet\u00ebr dhe se kompania kishte k\u00ebrkuar falje p\u00ebr sjelljen. <\/span><\/p>\n<p><span style=\"color: #000000;\">Spiropali shtoi se mund t\u00eb b\u00ebhej fjal\u00eb p\u00ebr nj\u00eb keqkuptim pasi an\u00ebtar\u00ebt e ekuipazhit t\u00eb avionit nuk e kan\u00eb ditur se me k\u00eb kan\u00eb pasur t\u00eb b\u00ebjn\u00eb.<\/span><\/p>\n<p><span style=\"color: #000000;\"><em>\u201cE ka sqaruar Endri Fuga, kan\u00eb k\u00ebrkuar ndjes\u00eb an\u00ebtar\u00ebt e ekuipazhit. Lajmi \u00ebsht\u00eb i vjet\u00ebr, para shum\u00eb muajsh. M\u00eb duket krejt e par\u00ebnd\u00ebsishme tani, p\u00ebrderisa vet\u00eb kompania ka k\u00ebrkuar falje. K\u00ebtu mbyllet. N\u00eb koh\u00eb pandemie edhe pilot\u00ebt edhe an\u00ebtar\u00ebt e ekuipazhit kan\u00eb qen\u00eb t\u00eb stresuar.\u00a0<\/em><em>Ky nuk \u00ebsht\u00eb lajm p\u00ebr t\u2019u m\u00ebrzitur. Mesa kuptoj \u00ebsht\u00eb nj\u00eb keqkuptim nga an\u00ebtar\u00ebt e ekuipazhit q\u00eb nuk e kan\u00eb ditur se me k\u00eb kan\u00eb t\u00eb b\u00ebjn\u00eb.\u201d &#8211; <\/em>tha Spiropali.<\/span><\/p>\n<p><span style=\"color: #000000;\">M\u00eb her\u00ebt media gjermane \u2018Der Spiegel\u2019 shkroi p\u00ebr incidentin e kryeministrit Edi Rama n\u00eb bordin e nj\u00eb avioni p\u00ebr n\u00eb Frankfurt, lajm i cili b\u00ebri shum\u00eb zhurm\u00eb n\u00eb Tiran\u00eb.<\/span><\/p>\n<p><span style=\"color: #000000;\">Mir\u00ebpo lidhur me k\u00ebt\u00eb incident, autoritetet gjermane i kan\u00eb k\u00ebrkuar ndjes\u00eb kryeministrit Rama. Gj\u00eb t\u00eb cil\u00ebn media gjermane nuk e ka raportuar duke dh\u00ebn\u00eb vet\u00ebm nj\u00eb informacion t\u00eb cunguar.<\/span><\/p>\n<p><span style=\"color: #000000;\">Burime t\u00eb Hashtag.al pran\u00eb rretheve diplomatike kan\u00eb b\u00ebr\u00eb me dije se autoritetet gjermane i k\u00ebrkuan zyrtarisht falje kryeministrit Rama p\u00ebr incidentin n\u00eb fjal\u00eb.<\/span><\/p>\n","protected":false,"gt_translate_keys":[{"key":"rendered","format":"html"}]},"excerpt":{"rendered":"<p>Ministrja Spiropali ka komentuar lajmin e shp\u00ebrndar\u00eb sot n\u00eb media lidhur me shoq\u00ebrimin e kryeministrit Rama nga aeroplani n\u00eb Gjermani p\u00ebr mosmbajtjen e mask\u00ebs. Ajo tha n\u00eb \u2018Zon\u00eb e Lir\u00eb\u2019 se b\u00ebhet fjal\u00eb p\u00ebr nj\u00eb lajm t\u00eb vjet\u00ebr dhe se kompania kishte k\u00ebrkuar falje p\u00ebr sjelljen. Spiropali shtoi se mund t\u00eb b\u00ebhej fjal\u00eb p\u00ebr nj\u00eb [&hellip;]<\/p>\n","protected":false,"gt_translate_keys":[{"key":"rendered","format":"html"}]},"author":51,"featured_media":517997,"comment_status":"closed","ping_status":"closed","sticky":false,"template":"","format":"standard","meta":{"footnotes":""},"categories":[53],"tags":[],"class_list":["post-517996","post","type-post","status-publish","format-standard","has-post-thumbnail","hentry","category-fast-foodi"],"gt_translate_keys":[{"key":"link","format":"url"}],"_links":{"self":[{"href":"https:\/\/www.hashtag.al\/index.php\/wp-json\/wp\/v2\/posts\/517996","targetHints":{"allow":["GET"]}}],"collection":[{"href":"https:\/\/www.hashtag.al\/index.php\/wp-json\/wp\/v2\/posts"}],"about":[{"href":"https:\/\/www.hashtag.al\/index.php\/wp-json\/wp\/v2\/types\/post"}],"author":[{"embeddable":true,"href":"https:\/\/www.hashtag.al\/index.php\/wp-json\/wp\/v2\/users\/51"}],"replies":[{"embeddable":true,"href":"https:\/\/www.hashtag.al\/index.php\/wp-json\/wp\/v2\/comments?post=517996"}],"version-history":[{"count":0,"href":"https:\/\/www.hashtag.al\/index.php\/wp-json\/wp\/v2\/posts\/517996\/revisions"}],"wp:featuredmedia":[{"embeddable":true,"href":"https:\/\/www.hashtag.al\/index.php\/wp-json\/wp\/v2\/media\/517997"}],"wp:attachment":[{"href":"https:\/\/www.hashtag.al\/index.php\/wp-json\/wp\/v2\/media?parent=517996"}],"wp:term":[{"taxonomy":"category","embeddable":true,"href":"https:\/\/www.hashtag.al\/index.php\/wp-json\/wp\/v2\/categories?post=517996"},{"taxonomy":"post_tag","embeddable":true,"href":"https:\/\/www.hashtag.al\/index.php\/wp-json\/wp\/v2\/tags?post=517996"}],"curies":[{"name":"wp","href":"https:\/\/api.w.org\/{rel}","templated":true}]}}