{"id":517883,"date":"2022-04-15T13:55:27","date_gmt":"2022-04-15T11:55:27","guid":{"rendered":"https:\/\/www.hashtag.al\/?p=517883"},"modified":"2022-04-15T14:18:42","modified_gmt":"2022-04-15T12:18:42","slug":"becchetti-konfiskon-20-milione-eurot-e-para-nga-shqiperia","status":"publish","type":"post","link":"https:\/\/www.hashtag.al\/index.php\/2022\/04\/15\/becchetti-konfiskon-20-milione-eurot-e-para-nga-shqiperia\/","title":{"rendered":"Becchetti konfiskon 20 milion\u00eb eurot e para nga Shqip\u00ebria","gt_translate_keys":[{"key":"rendered","format":"text"}]},"content":{"rendered":"<p><strong><span style=\"color: #000000;\"><a href=\"https:\/\/www.hashtag.al\/wp-content\/uploads\/2022\/04\/rama-becchetti.jpg\"><img loading=\"lazy\" decoding=\"async\" class=\"aligncenter size-full wp-image-517884\" src=\"https:\/\/www.hashtag.al\/wp-content\/uploads\/2022\/04\/rama-becchetti.jpg\" alt=\"\" width=\"776\" height=\"450\" srcset=\"https:\/\/www.hashtag.al\/wp-content\/uploads\/2022\/04\/rama-becchetti.jpg 776w, https:\/\/www.hashtag.al\/wp-content\/uploads\/2022\/04\/rama-becchetti-300x174.jpg 300w, https:\/\/www.hashtag.al\/wp-content\/uploads\/2022\/04\/rama-becchetti-768x445.jpg 768w, https:\/\/www.hashtag.al\/wp-content\/uploads\/2022\/04\/rama-becchetti-250x145.jpg 250w\" sizes=\"auto, (max-width: 776px) 100vw, 776px\" \/><\/a><\/span><\/strong><\/p>\n<p><strong><span style=\"color: #000000;\">Nga Klodian Tomorri<\/span><\/strong><\/p>\n<p><span style=\"color: #000000;\">Biznesmeni italian, Francesco Becchetti, konfiskoi 20 milion\u00eb eurot e para nga parat\u00eb e qytetar\u00ebve shqiptar\u00eb. P\u00ebrkund\u00ebr zotimeve publike t\u00eb kryeministrit Edi Rama se Becchetti nuk do t\u00eb merrte asnj\u00eb qindark\u00eb nga shteti shqiptar, nj\u00eb gjykat\u00eb n\u00eb Bruksel i ka dh\u00ebn\u00eb t\u00eb drejt\u00eb ish-pronarit t\u00eb Agon Channel t\u00eb konfiskoj\u00eb t\u00eb gjitha t\u00eb ardhurat q\u00eb Shqip\u00ebria p\u00ebrfiton nga hap\u00ebsira ajrore.<\/span><\/p>\n<p><span style=\"color: #000000;\">Vendimi q\u00eb mban dat\u00ebn 23 mars u publikua fillimisht n\u00eb portalin Hashtag.al. N\u00eb t\u00eb, gjykat\u00ebsi Philip Badeux ka konkluduar se t\u00eb ardhurat e Shqip\u00ebris\u00eb n\u00eb Eurocontrol nuk g\u00ebzojn\u00eb imunitet duke i dh\u00ebn\u00eb t\u00eb drejt\u00eb Francesco Becchettit q\u00eb t\u2019i konfiskoj\u00eb ato.<\/span><\/p>\n<p><span style=\"color: #000000;\">Tarifat e p\u00ebrdorimit t\u00eb hap\u00ebsir\u00ebs ajrore paguhen nga shoq\u00ebrit\u00eb e fluturimit dhe mblidhen nga Eurocontrol. M\u00eb pas, Eurocontrol i derdh ato n\u00eb agjencit\u00eb ajrore t\u00eb secilit shtet, n\u00eb var\u00ebsi t\u00eb trafikut t\u00eb fluturimit. N\u00eb rastin e Shqip\u00ebris\u00eb, parat\u00eb derdhen n\u00eb llogarin\u00eb e Albcontrol dhe ato jan\u00eb instrumenti i vet\u00ebm q\u00eb financon k\u00ebt\u00eb institucion.<\/span><\/p>\n<p><span style=\"color: #000000;\">Llogaria e Shqip\u00ebris\u00eb n\u00eb Eurocontrol \u00ebsht\u00eb bllokuar nga biznesmeni italian q\u00eb n\u00eb dat\u00ebn 1 dhjetor t\u00eb vitit 2020. Qeveria shqiptare e ankimoi bllokimin n\u00eb gjykat\u00ebn belge. Procesi zgjati m\u00eb shum\u00eb se 15 muaj dhe n\u00eb fund gjykata ka vendosur n\u00eb favor t\u00eb biznesmenit italian duke i dh\u00ebn\u00eb atij t\u00eb drejt\u00eb t\u00eb konfiskoj\u00eb parat\u00eb q\u00eb mbahen t\u00eb bllokuara q\u00eb prej 1 dhjetorit t\u00eb vitit 2020.<\/span><\/p>\n<p><span style=\"color: #000000;\">Ndon\u00ebse institucionet shtet\u00ebrore kan\u00eb nj\u00eb heshtje hermetike n\u00eb lidhje me k\u00ebt\u00eb \u00e7\u00ebshtje, MCN publikon dokumentin zyrtar q\u00eb tregon se p\u00ebr vitin 2021 Eurocontrol ka derdhur 18.7 milion\u00eb euro n\u00eb llogarin\u00eb e bllokuar t\u00eb Albcontrolit. K\u00ebto para se bashku me t\u00eb ardhurat e tjera q\u00eb jan\u00eb derdhur p\u00ebr tre muajt e par\u00eb t\u00eb k\u00ebtij viti, tashm\u00eb jan\u00eb konfiskuar nga biznesmeni italian. Pra minimalisht 20 milion\u00eb euro.<\/span><\/p>\n<p><span style=\"color: #000000;\">Por nuk mbaron me kaq. Vendimi i jep t\u00eb drejt\u00eb biznesmenit italian q\u00eb t\u00eb vazhdoj\u00eb t\u00eb marr\u00eb parat\u00eb e Shqip\u00ebris\u00eb n\u00eb Eurocontrol deri n\u00eb kompensimin e plot\u00eb t\u00eb shum\u00ebs s\u00eb d\u00ebnimit, q\u00eb tashm\u00eb s\u00eb bashku me interesat ka arritur n\u00eb mbi 125 milion\u00eb euro.<\/span><\/p>\n<p><span style=\"color: #000000;\">Kjo do t\u00eb thot\u00eb se hap\u00ebsira ajrore e Shqip\u00ebris\u00eb do t\u00eb punoj\u00eb vet\u00ebm p\u00ebr Francescho Becchetin, nd\u00ebrsa qytetar\u00ebt shqiptar\u00eb do t\u00eb paguajn\u00eb nga taksat e tyre miliona euro t\u00eb tjera p\u00ebr t\u00eb financuar Albcontrolin dhe sh\u00ebrbimin e navigimit ajror n\u00eb Shqip\u00ebri, pasi t\u00eb ardhurat nga tarifa e hap\u00ebsir\u00ebs ajrore jan\u00eb burimi i vet\u00ebm i financimit p\u00ebr Albcontrol. \u00a0\u00a0\u00a0\u00a0\u00a0\u00a0<\/span><\/p>\n<p><span style=\"color: #000000;\">Nj\u00eb hara\u00e7 rreth 130 milion\u00eb euro, p\u00ebr t\u00eb cilin qytetar\u00ebt shqiptar\u00eb nuk kan\u00eb asnj\u00eb p\u00ebrgjegj\u00ebsi, por q\u00eb jan\u00eb ata q\u00eb do ta paguajn\u00eb. Sipas vendimit t\u00eb gjykat\u00ebs s\u00eb Arbitrazhit n\u00eb Uashington, ky d\u00ebnim\u00a0ka tre shkaktar\u00eb kryesor\u00eb,\u00a0duke filluar nga vet\u00eb kryeministri, sekretari i tij i p\u00ebrgjithsh\u00ebm, Engj\u00ebll Aga\u00e7i, dhe kryetari i Bashkis\u00eb s\u00eb Tiran\u00ebs, Erion Veliaj. K\u00ebta mor\u00ebn val\u00ebt e nj\u00eb televizioni t\u00eb d\u00ebshtuar nga nj\u00eb biznesmen kontrovers dhe lan\u00eb peng hap\u00ebsir\u00ebn ajrore t\u00eb Shqip\u00ebris\u00eb. \u00a0<\/span><\/p>\n<p><strong><span style=\"color: #000000;\"><span style=\"color: #ff0000;\">VINI RE:<\/span> Ky artikull \u00ebsht\u00eb pron\u00eb intelektuale e <span style=\"color: #0000ff;\"><a style=\"color: #0000ff;\" href=\"http:\/\/www.mcntv.al\/2022\/04\/15\/becchetti-konfiskon-20-milion-eurot-e-para-nga-shqip-ria\">MCN TV<\/a><\/span><\/span><\/strong><\/p>\n","protected":false,"gt_translate_keys":[{"key":"rendered","format":"html"}]},"excerpt":{"rendered":"<p>Nga Klodian Tomorri Biznesmeni italian, Francesco Becchetti, konfiskoi 20 milion\u00eb eurot e para nga parat\u00eb e qytetar\u00ebve shqiptar\u00eb. P\u00ebrkund\u00ebr zotimeve publike t\u00eb kryeministrit Edi Rama se Becchetti nuk do t\u00eb merrte asnj\u00eb qindark\u00eb nga shteti shqiptar, nj\u00eb gjykat\u00eb n\u00eb Bruksel i ka dh\u00ebn\u00eb t\u00eb drejt\u00eb ish-pronarit t\u00eb Agon Channel t\u00eb konfiskoj\u00eb t\u00eb gjitha t\u00eb ardhurat [&hellip;]<\/p>\n","protected":false,"gt_translate_keys":[{"key":"rendered","format":"html"}]},"author":30,"featured_media":517884,"comment_status":"closed","ping_status":"closed","sticky":false,"template":"","format":"standard","meta":{"footnotes":""},"categories":[22,65],"tags":[],"class_list":["post-517883","post","type-post","status-publish","format-standard","has-post-thumbnail","hentry","category-ballina","category-lajme"],"gt_translate_keys":[{"key":"link","format":"url"}],"_links":{"self":[{"href":"https:\/\/www.hashtag.al\/index.php\/wp-json\/wp\/v2\/posts\/517883","targetHints":{"allow":["GET"]}}],"collection":[{"href":"https:\/\/www.hashtag.al\/index.php\/wp-json\/wp\/v2\/posts"}],"about":[{"href":"https:\/\/www.hashtag.al\/index.php\/wp-json\/wp\/v2\/types\/post"}],"author":[{"embeddable":true,"href":"https:\/\/www.hashtag.al\/index.php\/wp-json\/wp\/v2\/users\/30"}],"replies":[{"embeddable":true,"href":"https:\/\/www.hashtag.al\/index.php\/wp-json\/wp\/v2\/comments?post=517883"}],"version-history":[{"count":0,"href":"https:\/\/www.hashtag.al\/index.php\/wp-json\/wp\/v2\/posts\/517883\/revisions"}],"wp:featuredmedia":[{"embeddable":true,"href":"https:\/\/www.hashtag.al\/index.php\/wp-json\/wp\/v2\/media\/517884"}],"wp:attachment":[{"href":"https:\/\/www.hashtag.al\/index.php\/wp-json\/wp\/v2\/media?parent=517883"}],"wp:term":[{"taxonomy":"category","embeddable":true,"href":"https:\/\/www.hashtag.al\/index.php\/wp-json\/wp\/v2\/categories?post=517883"},{"taxonomy":"post_tag","embeddable":true,"href":"https:\/\/www.hashtag.al\/index.php\/wp-json\/wp\/v2\/tags?post=517883"}],"curies":[{"name":"wp","href":"https:\/\/api.w.org\/{rel}","templated":true}]}}