{"id":517873,"date":"2022-04-15T14:15:14","date_gmt":"2022-04-15T12:15:14","guid":{"rendered":"https:\/\/www.hashtag.al\/?p=517873"},"modified":"2022-04-15T14:17:19","modified_gmt":"2022-04-15T12:17:19","slug":"vota-do-percaktoje-pozicionin-tim-te-ardhshem-deklaratat-e-berishes-sot","status":"publish","type":"post","link":"https:\/\/www.hashtag.al\/index.php\/2022\/04\/15\/vota-do-percaktoje-pozicionin-tim-te-ardhshem-deklaratat-e-berishes-sot\/","title":{"rendered":"&#8220;Vota do p\u00ebrcaktoj\u00eb pozicionin tim t\u00eb ardhsh\u00ebm&#8221; &#8211; Deklaratat e Berish\u00ebs sot","gt_translate_keys":[{"key":"rendered","format":"text"}]},"content":{"rendered":"<p><span style=\"color: #000000;\"><a href=\"https:\/\/www.hashtag.al\/wp-content\/uploads\/2022\/04\/WhatsApp-Image-2022-04-15-at-1.21.01-PM.jpeg\"><img loading=\"lazy\" decoding=\"async\" class=\"aligncenter size-full wp-image-517889\" src=\"https:\/\/www.hashtag.al\/wp-content\/uploads\/2022\/04\/WhatsApp-Image-2022-04-15-at-1.21.01-PM.jpeg\" alt=\"\" width=\"1280\" height=\"853\" srcset=\"https:\/\/www.hashtag.al\/wp-content\/uploads\/2022\/04\/WhatsApp-Image-2022-04-15-at-1.21.01-PM.jpeg 1280w, https:\/\/www.hashtag.al\/wp-content\/uploads\/2022\/04\/WhatsApp-Image-2022-04-15-at-1.21.01-PM-300x200.jpeg 300w, https:\/\/www.hashtag.al\/wp-content\/uploads\/2022\/04\/WhatsApp-Image-2022-04-15-at-1.21.01-PM-1024x682.jpeg 1024w, https:\/\/www.hashtag.al\/wp-content\/uploads\/2022\/04\/WhatsApp-Image-2022-04-15-at-1.21.01-PM-768x512.jpeg 768w\" sizes=\"auto, (max-width: 1280px) 100vw, 1280px\" \/><\/a><\/span><\/p>\n<p><span style=\"color: #000000;\">Ish-kryeministri Sali Berisha mbajti mesdit\u00ebn e sotme nj\u00eb konferenc\u00eb me gazetar\u00ebt, nga ku e ka nisur fjalimin e tij me Kongresin e pak dit\u00ebve m\u00eb par\u00eb t\u00eb Partis\u00eb Socialiste. <\/span><\/p>\n<p><span style=\"color: #000000;\">Ai tha se ky Kongres i ngjante mbledhjeve t\u00eb \u201cCosa Nostra\u201d-s. M\u00eb tej Berisha foli p\u00ebr p\u00ebrplasjet e tij me kryetarin e grupit parlamentar Enkelejd Alibeaj, p\u00ebr ish-deputetin Aqif Rakipi, e shum\u00eb \u00e7\u00ebshtje t\u00eb tjera.<\/span><\/p>\n<p><span style=\"color: #000000;\"><em><strong>Kongresi i PS-s\u00eb si me qen\u00eb i \u201cCosa Nostra\u201d-s<\/strong><\/em><\/span><\/p>\n<p><span style=\"color: #000000;\">Berisha tha se ky Kongresi i PS-s\u00eb i ngjante nj\u00eb Kongresi t\u00eb nj\u00eb mafie shtet\u00ebrore apo \u201cCosa Nostra\u201d-s.<\/span><\/p>\n<p><span style=\"color: #000000;\"><em>\u201cKy Kongres si\u00e7 e pat\u00eb ju vet\u00eb, si\u00e7 e konstatuan mbar\u00eb shqiptar\u00ebt dhe Kominiteti Nd\u00ebrkomb\u00ebtar ngjiste m\u00eb shum\u00eb se gjith\u00e7ka tjet\u00ebr me Kongresin e nj\u00eb mafie shtet\u00ebrore, apo Kongresin, le ta quajm\u00eb t\u00eb Cosa Nostras.\u201d<\/em>&#8211; komentoi Berisha. Kjo pasi sipas tij nuk u diskutuan \u00e7\u00ebshtjet p\u00ebr t\u00eb cilat shqiptar\u00ebt prisnin p\u00ebrgjigje, si rritja e \u00e7mimeve.<\/span><\/p>\n<p><span style=\"color: #000000;\"><em><strong>\u201cRama i k\u00ebrkoi SPAK-ut t\u00eb m\u00eb fus\u00eb n\u00eb burg\u201d<\/strong><\/em><\/span><\/p>\n<p class=\"selectionShareable\"><span style=\"color: #000000;\">Duke iu referuar deklaratave t\u00eb Ram\u00ebs n\u00eb Kongresin e Ps-s\u00eb, Berisha u shpreh se kryeministri i dha mesazhe SPAK-ut se donte patjet\u00ebr burgosjen e tij dhe d\u00ebrgimin e opozit\u00ebs n\u00eb djall.<\/span><\/p>\n<p class=\"selectionShareable\"><span style=\"color: #000000;\"><em>\u201cN\u00ebse n\u00eb shpellat e Mafies diku n\u00eb fund t\u00eb mbledhjes si\u00e7 thon\u00eb romanet merren vendimet p\u00ebr eliminimin e kund\u00ebrshtar\u00ebve dhe caktohen kumbar\u00ebt q\u00eb u besohet kjo detyr\u00eb, k\u00ebsaj here kreu i organizat\u00ebs kriminale, ngarkoi me detyr\u00eb \u2018Skapin\u2019 e partis\u00eb, u tha se un\u00eb e dua patjet\u00ebr n\u00eb burg Sali Berish\u00ebn dhe n\u00eb djall opozit\u00ebn.\u201d<\/em>\u2013 u shpreh Berisha.<\/span><\/p>\n<p><span style=\"color: #000000;\"><em><strong>&#8220;Alibeaj nuk ka tag\u00ebr&#8221;<\/strong><\/em><\/span><\/p>\n<p><span style=\"color: #000000;\">Berisha ka reaguar p\u00ebr platform\u00ebn e bashkimit t\u00eb Partis\u00eb Demokratike, q\u00eb \u00ebsht\u00eb propozuar nga kreu i Grupit Parlamentar, Enkelejd Alibeaj.<\/span><\/p>\n<p><span style=\"color: #000000;\">Madje Berisha u shpreh i habitur q\u00eb Alibeaj kishte propozuar nj\u00eb platform\u00eb p\u00ebr bashkimin, n\u00eb nj\u00eb koh\u00eb kur ka qen\u00eb ai q\u00eb ka paditur PD-n\u00eb n\u00eb gjykat\u00eb.\u00a0<\/span><\/p>\n<p><span style=\"color: #000000;\"><em>\u201cTani m\u00eb lejoni t\u2019ju b\u00ebj me dije se padia e tij \u00ebsht\u00eb absolutisht nul p\u00ebr arsye se nuk kan\u00eb qen\u00eb pal\u00eb dhe Kodi i Procedis\u00eb Civile p\u00ebrcakton qart\u00eb se kush mund t\u00eb p\u00ebrcjell\u00eb ankimim ndaj nj\u00eb gjykate. P\u00ebrve\u00e7 k\u00ebsaj Alibeaj nuk ka asnj\u00eb ag\u00ebr t\u00eb firmos\u00eb asnj\u00eb dokument, p\u00ebrve\u00e7se kur njihet si kryetar i grupit parlamentar. Kryetari i PD-s\u00eb dha dor\u00ebheqjen.<\/em><\/span><\/p>\n<p><span style=\"color: #000000;\"><em>Kryetari aktual \u00ebsht\u00eb Komisioni i Rithemelimit si kryetar kolektiv kolegjial dhe jo nj\u00eb individ, \u00e7ka do t\u00eb thot\u00eb firmat e tyre s\u00eb bashku. Askush tjet\u00ebr s\u2019mund t\u00eb firmos\u00eb n\u00eb em\u00ebr t\u00eb PD-s\u00eb.<\/em><\/span><\/p>\n<p><span style=\"color: #000000;\"><em>N\u00eb k\u00ebt\u00eb koncept, p\u00ebr k\u00ebt\u00eb arsye u detyrova t\u2019i them Alibeajt se p\u00ebr ne ti nuk je m\u00eb kryetar i grupit parlamentar sepse ke b\u00ebr\u00eb nj\u00eb shkelje shum\u00eb t\u00eb r\u00ebnd\u00eb. Ke paditur n\u00eb m\u00ebnyr\u00eb t\u00eb paligjshme PD-n\u00eb. Si mund t\u00eb paraqes\u00eb nj\u00eb platform\u00eb nj\u00eb bashk\u00ebpun\u00ebtor i ngusht\u00eb i Edi Ram\u00ebs?\u201d\u2013<\/em> tha Berisha.<\/span><\/p>\n<p><span style=\"color: #000000;\"><em><strong>\u201cMe Sali Berish\u00ebn nuk b\u00ebn dot pazare t\u00eb pista\u201d<\/strong><\/em><\/span><\/p>\n<p><span style=\"color: #000000;\">Berisha i \u00ebsht\u00eb p\u00ebrgjigjur kryeministrit Edi Rama lidhur me akuzat q\u00eb ai i drejton.<\/span><\/p>\n<p><span style=\"color: #000000;\">Berisha tha se Rama e sulmon, pasi me t\u00eb nuk mund t\u00eb b\u00ebj\u00eb dot pazare t\u00eb pista.<\/span><\/p>\n<p><span style=\"color: #000000;\"><em>\u201c\u00c7far\u00eb ka ai me Sali Berish\u00ebn? Ka nj\u00eb problem madhor. Me Sali Berish\u00ebn nuk b\u00ebn dot pazare t\u00eb pista. Me Berish\u00ebn nuk mund dot t\u00eb t\u00ebrheq\u00eb zvarr\u00eb opozit\u00ebn. Ky \u00ebsht\u00eb problemi i tij. Nuk them se nuk i kujtohen edhe 3 disfatat suksesive pas vitit 2005.\u201d- <\/em>tha Berisha.<\/span><\/p>\n<p><span style=\"color: #000000;\"><strong>\u201cPse t\u00eb besojm\u00eb DASH-in p\u00ebr korrupsionin e Ram\u00ebs, por jo p\u00ebr t\u00eb Berish\u00ebns?\u201d<\/strong><\/span><\/p>\n<p><span style=\"color: #000000;\">Berisha u pyet nga gazetar\u00ebt se p\u00ebrse duhet q\u00eb publiku t\u00eb besoj\u00eb raportin e DASH-it p\u00ebr korrupsionin n\u00eb Shqip\u00ebri t\u00eb kryeministrit Edi Rama dhe jo vendimin p\u00ebr shpalljen e tij \u201cnon grata\u201d.<\/span><\/p>\n<p><span style=\"color: #000000;\">K\u00ebsaj pyetjeje Berisha iu p\u00ebrgjigj duke th\u00ebn\u00eb se theksuar se q\u00eb nj\u00eb akuz\u00eb t\u00eb jet\u00eb e besueshme duhet t\u00eb shoq\u00ebrohet me prova.<\/span><\/p>\n<p><span style=\"color: #000000;\"><em>\u201c\u00cbsht\u00eb e thjesht\u00eb. Mjafton thjesht nj\u00eb fakt, nj\u00eb prov\u00eb, nj\u00eb dokument p\u00ebr t\u00eb b\u00ebr\u00eb t\u00eb besuesh\u00ebm \u00e7do gj\u00eb. Por pa nj\u00eb fakt, pa nj\u00eb prov\u00eb, pa nj\u00eb dokument, \u00ebsht\u00eb e pamundur q\u00eb nj\u00eb njeri i civilizuar, i lir\u00eb t\u00eb pranoj\u00eb nj\u00eb gj\u00eb t\u00eb till\u00eb. Nuk jam vet\u00ebm un\u00eb. Mendoj se \u00e7do njeri i civilizuar nuk mudn ta pranoj\u00eb. Kjo \u00ebsht\u00eb p\u00ebrgjigja.\u201d-<\/em>\u00a0tha Berisha.<\/span><\/p>\n<p><span style=\"color: #000000;\"><em><strong>\u201cBasha dreka e darka me Rakipin, donte ta fuste n\u00eb koalicion\u201d<\/strong><\/em><\/span><\/p>\n<p><span style=\"color: #000000;\">Gjat\u00eb k\u00ebsaj konference, tha se nuk ka folur p\u00ebr ish-deputetin Aqif Rakipi t\u00eb nd\u00ebshkuar s\u00ebfundmi nga Thesari Amerikan, dhe p\u00ebr deklaratat q\u00eb Basha b\u00ebnte ndaj tij pas zgjedhjeve, p\u00ebr shkak se dy t\u00eb fundit jan\u00eb takuar disa her\u00eb me nj\u00ebri-tjetrin. Madje sipas tij, ka pasur p\u00ebrpjekje t\u00eb vazhdueshme nga Basha p\u00ebr ta vendosur Rakipin n\u00eb koalicionin e PD-s\u00eb.<\/span><\/p>\n<p><span style=\"color: #000000;\"><em>\u201cRasti konkret, nuk jam futur shum\u00eb n\u00eb holl\u00ebsi se po t\u00eb futesha m\u00eb dilte para sysh nj\u00eb seri drekash dhe darkash t\u00eb Lulzim Bash\u00ebs me Qifen dhe p\u00ebrpjekjet e tij p\u00ebr ta vendosur n\u00eb koalicion me PD. Un\u00eb e kam takuar vet\u00ebm nj\u00eb her\u00eb n\u00eb jet\u00ebn time dhe un\u00eb n\u00eb m\u00ebnyr\u00eb absolute d\u00ebnoj \u00e7do akt p\u00ebr blerje dhe shitje vote.\u201d<\/em>&#8211;\u00a0tha Berisha.<\/span><\/p>\n<p><span style=\"color: #000000;\"><em><strong>\u201cAlibeaj \u00ebsht\u00eb peng politik\u201d<\/strong><\/em><\/span><\/p>\n<p><span style=\"color: #000000;\">Berisha e ka akuzuar Alibeajn si peng politik t\u00eb Bash\u00ebs e Ram\u00ebs.<\/span><\/p>\n<p><span style=\"color: #000000;\"><em>\u201cMe veprimet q\u00eb b\u00ebn, \u00ebsht\u00eb absolutisht peng politik. Enkelejd Aliebaj nuk po b\u00ebn gj\u00eb tjet\u00ebr, por gjith\u00e7ka q\u00eb t\u00eb faktoj\u00eb se ka dy PD. Koha \u00ebsht\u00eb ajo q\u00eb do t\u2019i nxjerr\u00eb m\u00eb mir\u00eb gj\u00ebrat.\u201d-<\/em> tha ish-kryeministri.<\/span><\/p>\n<p><strong><span style=\"color: #000000;\">\u201cVota do p\u00ebrcaktoj\u00eb pozicionin e ardhsh\u00ebm t\u00eb Sali Berish\u00ebs\u201d<\/span><\/strong><\/p>\n<p><span style=\"color: #000000;\">Berisha \u00ebsht\u00eb shprehur i gatsh\u00ebm p\u00ebr t\u00eb garuar p\u00ebr kreun e PD-s\u00eb, por theksoi se do t\u00eb jet\u00eb vota ajo q\u00eb do t\u00eb p\u00ebrcaktoj\u00eb pozicionin e tij t\u00eb ardhsh\u00ebm.<\/span><\/p>\n<p><span style=\"color: #000000;\"><em>\u201cUn\u00eb i n\u00ebnshtrohem vot\u00ebs s\u00eb lir\u00eb t\u00eb PD. Vendimi i Lulzim Bash\u00ebs p\u00ebr largimin tim nga grupi u shpall po at\u00eb or\u00eb, po at\u00eb dit\u00eb null and void. Zgjodha nj\u00eb rrug\u00eb q\u00eb dha k\u00ebt\u00eb rezultat. Ai nuk \u00ebsht\u00eb m\u00eb n\u00eb drejtimin e PD. ishte zgjedhje ajo. Apo jo?! K\u00ebshtu q\u00eb \u00e7do zgjedhje q\u00eb vjen n\u00eb kund\u00ebrshtim me statutin e PD do marr\u00eb p\u00ebrgjigjen ligjore statutore. Natyrisht ka nj\u00eb ofensiv\u00eb t\u00eb fuqishme, nj\u00eb parad\u00eb t\u00eb madhe t\u00eb shp\u00ebrndar\u00eb nga Edi Rama dhe George Soros. T\u00eb gjith\u00eb k\u00ebta zot\u00ebrinj n\u00eb nj\u00eb aspekt apo nj\u00eb tjet\u00ebr jetojn\u00eb n\u00eb sip\u00ebrfaqen tjet\u00ebr t\u00eb h\u00ebn\u00ebs. Sikur nuk kan\u00eb par\u00eb vot\u00ebn e lir\u00eb me sy. Ata kan\u00eb frik\u00eb nga vota. Do t\u00eb jet\u00eb vota ajo q\u00eb do t\u00eb p\u00ebrcaktoj\u00eb poziciononin e ardhsh\u00ebm t\u00eb Sali Berish\u00ebs. Kjo nuk mund t\u00eb ket\u00eb asnj\u00eb evkuivok. T\u00eb tjerat jan\u00eb t\u00eb gjitha narracionesh ankthesh apo dufe urrejtjesh. Un\u00eb mbetem njeri q\u00eb i besoj vot\u00ebs s\u00eb lir\u00eb<\/em>.\u201d- jan\u00eb fjal\u00ebt e Berish\u00ebs.\/<strong>Hashtag.al<\/strong><\/span><\/p>\n","protected":false,"gt_translate_keys":[{"key":"rendered","format":"html"}]},"excerpt":{"rendered":"<p>Ish-kryeministri Sali Berisha mbajti mesdit\u00ebn e sotme nj\u00eb konferenc\u00eb me gazetar\u00ebt, nga ku e ka nisur fjalimin e tij me Kongresin e pak dit\u00ebve m\u00eb par\u00eb t\u00eb Partis\u00eb Socialiste. Ai tha se ky Kongres i ngjante mbledhjeve t\u00eb \u201cCosa Nostra\u201d-s. M\u00eb tej Berisha foli p\u00ebr p\u00ebrplasjet e tij me kryetarin e grupit parlamentar Enkelejd Alibeaj, [&hellip;]<\/p>\n","protected":false,"gt_translate_keys":[{"key":"rendered","format":"html"}]},"author":30,"featured_media":517889,"comment_status":"closed","ping_status":"closed","sticky":false,"template":"","format":"standard","meta":{"footnotes":""},"categories":[22,65,13],"tags":[],"class_list":["post-517873","post","type-post","status-publish","format-standard","has-post-thumbnail","hentry","category-ballina","category-lajme","category-te-fundit"],"gt_translate_keys":[{"key":"link","format":"url"}],"_links":{"self":[{"href":"https:\/\/www.hashtag.al\/index.php\/wp-json\/wp\/v2\/posts\/517873","targetHints":{"allow":["GET"]}}],"collection":[{"href":"https:\/\/www.hashtag.al\/index.php\/wp-json\/wp\/v2\/posts"}],"about":[{"href":"https:\/\/www.hashtag.al\/index.php\/wp-json\/wp\/v2\/types\/post"}],"author":[{"embeddable":true,"href":"https:\/\/www.hashtag.al\/index.php\/wp-json\/wp\/v2\/users\/30"}],"replies":[{"embeddable":true,"href":"https:\/\/www.hashtag.al\/index.php\/wp-json\/wp\/v2\/comments?post=517873"}],"version-history":[{"count":0,"href":"https:\/\/www.hashtag.al\/index.php\/wp-json\/wp\/v2\/posts\/517873\/revisions"}],"wp:featuredmedia":[{"embeddable":true,"href":"https:\/\/www.hashtag.al\/index.php\/wp-json\/wp\/v2\/media\/517889"}],"wp:attachment":[{"href":"https:\/\/www.hashtag.al\/index.php\/wp-json\/wp\/v2\/media?parent=517873"}],"wp:term":[{"taxonomy":"category","embeddable":true,"href":"https:\/\/www.hashtag.al\/index.php\/wp-json\/wp\/v2\/categories?post=517873"},{"taxonomy":"post_tag","embeddable":true,"href":"https:\/\/www.hashtag.al\/index.php\/wp-json\/wp\/v2\/tags?post=517873"}],"curies":[{"name":"wp","href":"https:\/\/api.w.org\/{rel}","templated":true}]}}