{"id":517779,"date":"2022-04-14T22:46:38","date_gmt":"2022-04-14T20:46:38","guid":{"rendered":"https:\/\/www.hashtag.al\/?p=517779"},"modified":"2022-04-14T23:11:23","modified_gmt":"2022-04-14T21:11:23","slug":"medvedev-nese-suedia-dhe-finlanda-i-bashkohen-nato-s-rusia-do-vendose-forcat-detare-ne-gjirin-e-finlandes","status":"publish","type":"post","link":"https:\/\/www.hashtag.al\/index.php\/2022\/04\/14\/medvedev-nese-suedia-dhe-finlanda-i-bashkohen-nato-s-rusia-do-vendose-forcat-detare-ne-gjirin-e-finlandes\/","title":{"rendered":"Medvedev: N\u00ebse Suedia dhe Finlanda i bashkohen NATO-s, Rusia do vendos\u00eb forcat detare n\u00eb Gjirin e Finland\u00ebs","gt_translate_keys":[{"key":"rendered","format":"text"}]},"content":{"rendered":"<p><img loading=\"lazy\" decoding=\"async\" class=\"size-full wp-image-514522 aligncenter\" src=\"https:\/\/www.hashtag.al\/wp-content\/uploads\/2022\/03\/Medvedev-750x375-1.jpg\" alt=\"\" width=\"750\" height=\"375\" srcset=\"https:\/\/www.hashtag.al\/wp-content\/uploads\/2022\/03\/Medvedev-750x375-1.jpg 750w, https:\/\/www.hashtag.al\/wp-content\/uploads\/2022\/03\/Medvedev-750x375-1-300x150.jpg 300w\" sizes=\"auto, (max-width: 750px) 100vw, 750px\" \/><\/p>\n<p style=\"text-align: justify;\"><span style=\"color: #000000;\">Dmitry Medvedev, n\u00ebnkryetari i K\u00ebshillit t\u00eb Sigurimit t\u00eb Rusis\u00eb, paralajm\u00ebroi n\u00eb nj\u00eb deklarat\u00eb t\u00eb enjten ushtria ruse do \u201cm\u00eb shum\u00eb se dyfishonte\u201d forcat e saj n\u00eb krahun per\u00ebndimor t\u00eb Rusis\u00eb n\u00ebse Suedia dhe Finlanda i bashkohen NATO-s.<\/span><\/p>\n<p style=\"text-align: justify;\"><span style=\"color: #000000;\">Forcat e mbrojtjes tok\u00ebsore dhe ajrore do t\u00eb forcoheshin, shkroi ai n\u00eb Telegram, dhe Rusia do t\u00eb vendoste \u201cforca t\u00eb r\u00ebnd\u00ebsishme detare\u201d n\u00eb Gjirin e Finland\u00ebs.<\/span><\/p>\n<p style=\"text-align: justify;\"><span style=\"color: #000000;\">N\u00ebse Suedia dhe Finlanda i bashkohen NATO-s, shtoi Medevedev, \u201cnuk do t\u00eb jet\u00eb m\u00eb e mundur t\u00eb flitet p\u00ebr ndonj\u00eb status jo-b\u00ebrthamor t\u00eb Baltikut \u2013 ekuilibri duhet t\u00eb rivendoset\u201d.<\/span><\/p>\n<p style=\"text-align: justify;\"><span style=\"color: #000000;\">Medvedev, i cili sh\u00ebrbeu si president i Rusis\u00eb nga viti 2008 deri n\u00eb 2012 n\u00eb nj\u00eb interval kat\u00ebr-vje\u00e7ar p\u00ebr qeverisjen dy dekadash t\u00eb presidentit rus Vladimir Putin, ka marr\u00eb nj\u00eb poz\u00eb luftarake muajt e fundit, megjith\u00ebse ai nuk \u00ebsht\u00eb nj\u00eb vendimmarr\u00ebs kryesor.<\/span><\/p>\n<p style=\"text-align: justify;\"><span style=\"color: #000000;\">Nj\u00eb raport i Federat\u00ebs s\u00eb Shkenc\u00ebtar\u00ebve Amerikan\u00eb t\u00eb vitit 2018 arriti n\u00eb p\u00ebrfundimin se Rusia mund t\u00eb ket\u00eb modernizuar ndjesh\u00ebm nj\u00eb bunker t\u00eb ruajtjes s\u00eb arm\u00ebve b\u00ebrthamore n\u00eb Kaliningrad, nj\u00eb enklav\u00eb e territorit rus midis Polonis\u00eb dhe shteteve baltike.<\/span><\/p>\n","protected":false,"gt_translate_keys":[{"key":"rendered","format":"html"}]},"excerpt":{"rendered":"<p>Dmitry Medvedev, n\u00ebnkryetari i K\u00ebshillit t\u00eb Sigurimit t\u00eb Rusis\u00eb, paralajm\u00ebroi n\u00eb nj\u00eb deklarat\u00eb t\u00eb enjten ushtria ruse do \u201cm\u00eb shum\u00eb se dyfishonte\u201d forcat e saj n\u00eb krahun per\u00ebndimor t\u00eb Rusis\u00eb n\u00ebse Suedia dhe Finlanda i bashkohen NATO-s. Forcat e mbrojtjes tok\u00ebsore dhe ajrore do t\u00eb forcoheshin, shkroi ai n\u00eb Telegram, dhe Rusia do t\u00eb vendoste [&hellip;]<\/p>\n","protected":false,"gt_translate_keys":[{"key":"rendered","format":"html"}]},"author":32,"featured_media":419612,"comment_status":"closed","ping_status":"closed","sticky":false,"template":"","format":"standard","meta":{"footnotes":""},"categories":[6,13],"tags":[],"class_list":["post-517779","post","type-post","status-publish","format-standard","has-post-thumbnail","hentry","category-nderkombetare","category-te-fundit"],"gt_translate_keys":[{"key":"link","format":"url"}],"_links":{"self":[{"href":"https:\/\/www.hashtag.al\/index.php\/wp-json\/wp\/v2\/posts\/517779","targetHints":{"allow":["GET"]}}],"collection":[{"href":"https:\/\/www.hashtag.al\/index.php\/wp-json\/wp\/v2\/posts"}],"about":[{"href":"https:\/\/www.hashtag.al\/index.php\/wp-json\/wp\/v2\/types\/post"}],"author":[{"embeddable":true,"href":"https:\/\/www.hashtag.al\/index.php\/wp-json\/wp\/v2\/users\/32"}],"replies":[{"embeddable":true,"href":"https:\/\/www.hashtag.al\/index.php\/wp-json\/wp\/v2\/comments?post=517779"}],"version-history":[{"count":0,"href":"https:\/\/www.hashtag.al\/index.php\/wp-json\/wp\/v2\/posts\/517779\/revisions"}],"wp:featuredmedia":[{"embeddable":true,"href":"https:\/\/www.hashtag.al\/index.php\/wp-json\/wp\/v2\/media\/419612"}],"wp:attachment":[{"href":"https:\/\/www.hashtag.al\/index.php\/wp-json\/wp\/v2\/media?parent=517779"}],"wp:term":[{"taxonomy":"category","embeddable":true,"href":"https:\/\/www.hashtag.al\/index.php\/wp-json\/wp\/v2\/categories?post=517779"},{"taxonomy":"post_tag","embeddable":true,"href":"https:\/\/www.hashtag.al\/index.php\/wp-json\/wp\/v2\/tags?post=517779"}],"curies":[{"name":"wp","href":"https:\/\/api.w.org\/{rel}","templated":true}]}}