{"id":517699,"date":"2022-04-14T14:58:58","date_gmt":"2022-04-14T12:58:58","guid":{"rendered":"https:\/\/www.hashtag.al\/?p=517699"},"modified":"2022-04-14T14:58:58","modified_gmt":"2022-04-14T12:58:58","slug":"ne-shkollat-tona-shqiptaret-e-vllehet-duhet-te-mesojne-gjuhen-e-tyre-deklarata-e-deputetes-greke-shkakton-debate","status":"publish","type":"post","link":"https:\/\/www.hashtag.al\/index.php\/2022\/04\/14\/ne-shkollat-tona-shqiptaret-e-vllehet-duhet-te-mesojne-gjuhen-e-tyre-deklarata-e-deputetes-greke-shkakton-debate\/","title":{"rendered":"\u201cN\u00eb shkollat tona shqiptar\u00ebt e vlleh\u00ebt duhet t\u00eb m\u00ebsojn\u00eb gjuh\u00ebn e tyre\u201d \u2013 Deklarata e deputetes greke shkakton debate","gt_translate_keys":[{"key":"rendered","format":"text"}]},"content":{"rendered":"<p><span style=\"color: #000000;\"><a href=\"https:\/\/www.hashtag.al\/wp-content\/uploads\/2022\/04\/Mera.jpg\"><img loading=\"lazy\" decoding=\"async\" class=\"aligncenter size-full wp-image-517700\" src=\"https:\/\/www.hashtag.al\/wp-content\/uploads\/2022\/04\/Mera.jpg\" alt=\"\" width=\"814\" height=\"450\" srcset=\"https:\/\/www.hashtag.al\/wp-content\/uploads\/2022\/04\/Mera.jpg 814w, https:\/\/www.hashtag.al\/wp-content\/uploads\/2022\/04\/Mera-300x166.jpg 300w, https:\/\/www.hashtag.al\/wp-content\/uploads\/2022\/04\/Mera-768x425.jpg 768w, https:\/\/www.hashtag.al\/wp-content\/uploads\/2022\/04\/Mera-750x415.jpg 750w\" sizes=\"auto, (max-width: 814px) 100vw, 814px\" \/><\/a><\/span><\/p>\n<p><span style=\"color: #000000;\">Deklarata e politikanes greke Sofia Sakorafa p\u00ebr \u201c<em>minoritetet<\/em>\u201d jav\u00ebn e kaluar n\u00eb Parlamentin grek ka sjell\u00eb nj\u00eb s\u00ebr\u00eb debatesh n\u00eb shtetin fqinj.<\/span><\/p>\n<p><span style=\"color: #000000;\">N\u00eb seanc\u00ebn e 8 prillit, n\u00eb Parlament u fol p\u00ebr her\u00eb t\u00eb par\u00eb p\u00ebr pakica komb\u00ebtare vllahe, shqiptare dhe sllavomaqedonase.<\/span><\/p>\n<p><span style=\"color: #000000;\">Deputetja e \u201cMera 25\u201d Sofia Sakorafa tha se ka ardhur koha q\u00eb minoritetet \u201cvlleh\u201d, \u201cshqiptar\u201d dhe \u201csllavo-maqedonas\u201d t\u00eb m\u00ebsojn\u00eb gjuh\u00ebn e tyre n\u00eb shkollat greke.<\/span><\/p>\n<p><span style=\"color: #000000;\"><em>\u201cNe kemi detyrimin q\u00eb n\u00eb procesin arsimor, n\u00eb shkolla, t\u2019u japim minoriteteve mund\u00ebsin\u00eb t\u00eb p\u00ebrjetojn\u00eb diversitetin dhe tradit\u00ebn e tyre gjuh\u00ebsore. Nj\u00eb parantez\u00eb k\u00ebtu: S\u00eb fundi, shteti grek ka detyrimin t\u00eb kap\u00ebrcej\u00eb trajtimin fobik dhe kompleks t\u00eb gjuh\u00ebve dhe kultur\u00ebs s\u00eb ve\u00e7ant\u00eb t\u00eb komuniteteve t\u00eb tij. Solidariteti komb\u00ebtar dhe ekzistenca e kombit nuk k\u00ebrc\u00ebnohet as nga ata, as nga vlleh\u00ebt, as shqiptar\u00ebt e as sllavomaqedonasit. Dhe askush nuk ka t\u00eb drejt\u00eb t\u00eb krenohet me historin\u00eb e shtetit grek n\u00eb k\u00ebt\u00eb fush\u00eb.\u201d-<\/em> shprehej ajo.<\/span><\/p>\n<p><iframe loading=\"lazy\" title=\"\u03a3\u03bf\u03c6\u03af\u03b1 \u03a3\u03b1\u03ba\u03bf\u03c1\u03ac\u03c6\u03b1 - \u03a4\u03bf\u03c0\u03bf\u03b8\u03ad\u03c4\u03b7\u03c3\u03b7 \u03b3\u03b9\u03b1 \u03c4\u03b7\u03bd \u03b1\u03bd\u03ac\u03c0\u03c4\u03c5\u03be\u03b7 \u03c4\u03b7\u03c2 \u0398\u03c1\u03ac\u03ba\u03b7\u03c2   06\/04\/2022\" width=\"1170\" height=\"658\" src=\"https:\/\/www.youtube.com\/embed\/-AQB2ub-Z_w?feature=oembed\" frameborder=\"0\" allow=\"accelerometer; autoplay; clipboard-write; encrypted-media; gyroscope; picture-in-picture\" allowfullscreen><\/iframe><\/p>\n<p><span style=\"color: #000000;\">Mir\u00ebpo shum\u00eb politikan\u00eb jan\u00eb shprehur kund\u00ebr deklaratave t\u00eb saj. Madje Federata Panhelene e Vllah\u00ebve sipas ka reaguar p\u00ebrmes nj\u00eb letre, ku shkruan se deputetja \u00ebsht\u00eb e paditur lidhur me k\u00ebt\u00eb, sikurse raporton <span style=\"color: #0000ff;\"><a style=\"color: #0000ff;\" href=\"https:\/\/www.protothema.gr\/greece\/article\/1232687\/panellinia-omospondia-vlahon-kata-sofias-sakorafa-den-eimaste-meionotita\/\">Protothema<\/a><\/span>.<\/span><\/p>\n<p><em><span style=\"color: #000000;\">\u201cDuke e p\u00ebrqendruar v\u00ebmendjen ton\u00eb n\u00eb referenc\u00ebn e deputetes p\u00ebr vllahishten si gjuh\u00eb e \u2018minoritetit\u2019 apo \u2018Bashk\u00ebsis\u00eb\u2019 p\u00ebrkat\u00ebse, ne besojm\u00eb se k\u00ebndv\u00ebshtrimi i k\u00ebsaj deputeteje nuk ka baz\u00eb ligjore, historike apo kulturore dhe p\u00ebr rrjedhoj\u00eb \u00ebsht\u00eb krejt\u00ebsisht i gabuar.<\/span><\/em><\/p>\n<p><em><span style=\"color: #000000;\">V\u00ebrejm\u00eb me keqardhje se, p\u00ebr fat t\u00eb keq, deputetja \u2013 ndon\u00ebse \u00ebsht\u00eb plot\u00ebsisht e paditur p\u00ebr k\u00ebt\u00eb \u00e7\u00ebshtje \u2013 nuk u kujdes q\u00eb para se t\u00eb jepte mendimin e saj, si\u00e7 ka t\u00eb drejt\u00eb, t\u00eb ket\u00eb t\u00eb pakt\u00ebn nj\u00eb informim baz\u00eb p\u00ebr \u00e7\u00ebshtje specifike delikate.<\/span><\/em><\/p>\n<p><em><span style=\"color: #000000;\">Duke iu drejtuar deputetes, zonj\u00ebs Sofia Sakorafa, e sigurojm\u00eb se ne vlleh\u00ebt nuk jemi as \u2018minoritet\u2019 dhe as \u2018komunitet\u2019. Ne ruajm\u00eb traditat tona gojore lokale e t\u00eb larmishme si nj\u00eb element integral, p\u00ebrb\u00ebr\u00ebs i helenizmit t\u00eb arsimit, n\u00eb t\u00eb cilin marrim pjes\u00eb dhe kultivojm\u00eb me lakmi. Nga skicimi i ides\u00eb s\u00eb kombit n\u00eb vitet e fundit dhe sa her\u00eb q\u00eb rrethanat e k\u00ebrkonin, ne luftuam si vlleh\u00eb grek\u00eb, q\u00eb nga dirigjent\u00ebt, pastor\u00ebt dhe grat\u00eb anonime t\u00eb Pindos e deri te studiuesit, tregtar\u00ebt dhe bamir\u00ebsit komb\u00ebtar\u00eb, si Komb grek dhe p\u00ebr nj\u00eb atdhe, Greqia.<\/span><\/em><\/p>\n<p><span style=\"color: #000000;\"><em>Fshatrat tan\u00eb shk\u00eblqejn\u00eb me kalimin e koh\u00ebs nga shkollat \u200b\u200bgreke, n\u00eb t\u00eb cilat ne m\u00ebsuam dhe m\u00ebsojm\u00eb, si t\u00eb gjith\u00eb bashkatdhetar\u00ebt tan\u00eb, historin\u00eb greke, gjuh\u00ebn greke dhe \u00e7do gj\u00eb greke, pra gjith\u00e7ka ton\u00ebn. Prandaj ne e njohim mir\u00eb historin\u00eb dhe si vlleh\u00eb grek\u00eb kemi nj\u00eb kuptim t\u00eb plot\u00eb t\u00eb realitetit historik, i cili kuptim \u00ebsht\u00eb sigurisht m\u00eb global dhe m\u00eb i plot\u00eb, jo vet\u00ebm nga sensi p\u00ebrkat\u00ebs i deputetes Sofia Sakorafa, por edhe i atyre q\u00eb jan\u00eb dakord me pik\u00ebpamjet e deputetit e duan, me pretekstin e \u2018m\u00ebnyr\u00ebs europiane t\u00eb jetes\u00ebs\u2019, shnd\u00ebrrimin ton\u00eb n\u00eb \u2018komunitet\/minoritet\u2019.\u201d<\/em>-thuhet n\u00eb reagim.<\/span><\/p>\n","protected":false,"gt_translate_keys":[{"key":"rendered","format":"html"}]},"excerpt":{"rendered":"<p>Deklarata e politikanes greke Sofia Sakorafa p\u00ebr \u201cminoritetet\u201d jav\u00ebn e kaluar n\u00eb Parlamentin grek ka sjell\u00eb nj\u00eb s\u00ebr\u00eb debatesh n\u00eb shtetin fqinj. N\u00eb seanc\u00ebn e 8 prillit, n\u00eb Parlament u fol p\u00ebr her\u00eb t\u00eb par\u00eb p\u00ebr pakica komb\u00ebtare vllahe, shqiptare dhe sllavomaqedonase. Deputetja e \u201cMera 25\u201d Sofia Sakorafa tha se ka ardhur koha q\u00eb minoritetet [&hellip;]<\/p>\n","protected":false,"gt_translate_keys":[{"key":"rendered","format":"html"}]},"author":30,"featured_media":517700,"comment_status":"closed","ping_status":"closed","sticky":false,"template":"","format":"standard","meta":{"footnotes":""},"categories":[6,13],"tags":[],"class_list":["post-517699","post","type-post","status-publish","format-standard","has-post-thumbnail","hentry","category-nderkombetare","category-te-fundit"],"gt_translate_keys":[{"key":"link","format":"url"}],"_links":{"self":[{"href":"https:\/\/www.hashtag.al\/index.php\/wp-json\/wp\/v2\/posts\/517699","targetHints":{"allow":["GET"]}}],"collection":[{"href":"https:\/\/www.hashtag.al\/index.php\/wp-json\/wp\/v2\/posts"}],"about":[{"href":"https:\/\/www.hashtag.al\/index.php\/wp-json\/wp\/v2\/types\/post"}],"author":[{"embeddable":true,"href":"https:\/\/www.hashtag.al\/index.php\/wp-json\/wp\/v2\/users\/30"}],"replies":[{"embeddable":true,"href":"https:\/\/www.hashtag.al\/index.php\/wp-json\/wp\/v2\/comments?post=517699"}],"version-history":[{"count":0,"href":"https:\/\/www.hashtag.al\/index.php\/wp-json\/wp\/v2\/posts\/517699\/revisions"}],"wp:featuredmedia":[{"embeddable":true,"href":"https:\/\/www.hashtag.al\/index.php\/wp-json\/wp\/v2\/media\/517700"}],"wp:attachment":[{"href":"https:\/\/www.hashtag.al\/index.php\/wp-json\/wp\/v2\/media?parent=517699"}],"wp:term":[{"taxonomy":"category","embeddable":true,"href":"https:\/\/www.hashtag.al\/index.php\/wp-json\/wp\/v2\/categories?post=517699"},{"taxonomy":"post_tag","embeddable":true,"href":"https:\/\/www.hashtag.al\/index.php\/wp-json\/wp\/v2\/tags?post=517699"}],"curies":[{"name":"wp","href":"https:\/\/api.w.org\/{rel}","templated":true}]}}