{"id":517492,"date":"2022-04-13T14:08:59","date_gmt":"2022-04-13T12:08:59","guid":{"rendered":"https:\/\/www.hashtag.al\/?p=517492"},"modified":"2022-04-13T14:08:59","modified_gmt":"2022-04-13T12:08:59","slug":"shba-dhe-britania-e-madhe-po-zhvillojne-lufte-sekrete-ne-ukraine-le-figaro","status":"publish","type":"post","link":"https:\/\/www.hashtag.al\/index.php\/2022\/04\/13\/shba-dhe-britania-e-madhe-po-zhvillojne-lufte-sekrete-ne-ukraine-le-figaro\/","title":{"rendered":"\u201cSHBA dhe Britania e Madhe po zhvillojn\u00eb &#8216;luft\u00eb sekrete&#8217; n\u00eb Ukrain\u00eb\u201d &#8211; Le Figaro","gt_translate_keys":[{"key":"rendered","format":"text"}]},"content":{"rendered":"<p><span style=\"color: #000000;\"><img loading=\"lazy\" decoding=\"async\" class=\"aligncenter size-full wp-image-517493\" src=\"https:\/\/www.hashtag.al\/wp-content\/uploads\/2022\/04\/sekret.jpg\" alt=\"\" width=\"768\" height=\"432\" srcset=\"https:\/\/www.hashtag.al\/wp-content\/uploads\/2022\/04\/sekret.jpg 768w, https:\/\/www.hashtag.al\/wp-content\/uploads\/2022\/04\/sekret-300x169.jpg 300w\" sizes=\"auto, (max-width: 768px) 100vw, 768px\" \/><\/span><\/p>\n<p><span style=\"color: #000000;\">Forcat speciale elitare nga Britania e Madhe dhe SHBA kan\u00eb qen\u00eb t\u00eb pranishme n\u00eb Ukrain\u00eb q\u00eb nga fillimi i armiq\u00ebsive me Rusin\u00eb n\u00eb fund t\u00eb shkurtit, \u00a0tha nj\u00eb burim n\u00eb komunitetin e inteligjenc\u00ebs franceze p\u00ebr \u2018Le Figaro\u2019 jav\u00ebn e kaluar.<\/span><\/p>\n<p><span style=\"color: #000000;\">Pretendimi u raportua nga korrespondenti i lart\u00eb nd\u00ebrkomb\u00ebtar i gazet\u00ebs Georges Malbrunot t\u00eb shtun\u00ebn, dit\u00ebn kur kryeministri britanik Boris Johnson b\u00ebri vizit\u00ebn e tij t\u00eb papritur n\u00eb Kiev. Udh\u00ebheq\u00ebsi britanik thuhet se ishte i rrethuar nga roje t\u00eb forcave elitare SAS, megjith\u00ebse ky pretendim nuk u konfirmua zyrtarisht.<\/span><\/p>\n<p><span style=\"color: #000000;\">Nj\u00ebsit\u00eb e SAS \u2018kan\u00eb qen\u00eb t\u00eb pranishme n\u00eb Ukrain\u00eb q\u00eb nga fillimi i luft\u00ebs, ashtu si dhe Deltat Amerikane\u2019, shkroi Malbrunot n\u00eb Twitter duke cituar nj\u00eb burim t\u00eb inteligjenc\u00ebs franceze. Ai shtoi se sipas burimit Rusia ishte n\u00eb dijeni t\u00eb \u2018luft\u00ebs s\u00eb fsheht\u00eb\u2019 t\u00eb zhvilluar kund\u00ebr trupave t\u00eb saj nga komando t\u00eb huaja. \u2018Le Figaro\u2019 p\u00ebrfshiu raportin e tij n\u00eb p\u00ebrdit\u00ebsimet e tyre p\u00ebr Ukrain\u00ebn.<\/span><\/p>\n<p><span style=\"color: #000000;\">Mbret\u00ebria e Bashkuar dhe SHBA kan\u00eb qen\u00eb nd\u00ebr mb\u00ebshtet\u00ebsit m\u00eb aktiv\u00eb ushtarak\u00eb t\u00eb Kievit. Johnson thuhet se i k\u00ebrkoi personalisht homologut t\u00eb tij ukrainas Volodymyr Zelensky q\u00eb t\u00eb vazhdoj\u00eb t\u00eb luftoj\u00eb kund\u00ebr Rusis\u00eb dhe t\u00eb mos vendoset p\u00ebr paqe derisa t\u00eb ofrohen kushte m\u00eb t\u00eb mira.<\/span><\/p>\n<p><span style=\"color: #000000;\">Konsensusi pro-luftarak per\u00ebndimor me sa duket u konfirmua jav\u00ebn e kaluar nga shefi i politik\u00ebs s\u00eb jashtme t\u00eb BE-s\u00eb Josep Borrell, i cili tha t\u00eb shtun\u00ebn se \u2018lufta do t\u00eb fitohet n\u00eb fush\u00ebn e betej\u00ebs\u2019 nd\u00ebrsa ai gjithashtu po vizitonte Kievin.<\/span><\/p>\n<p><span style=\"color: #000000;\">Mediat britanike m\u00eb her\u00ebt raportuan se dhjet\u00ebra ushtar\u00eb \u2018n\u00eb pension\u2019 t\u00eb SAS kishin shkuar ose kishin planifikuar t\u00eb shkonin n\u00eb Ukrain\u00eb p\u00ebr t\u00eb kontribuar me ekspertiz\u00ebn e tyre n\u00eb zbulimin dhe luft\u00ebn antitank p\u00ebr kauz\u00ebn e Kievit. <\/span><\/p>\n<p><span style=\"color: #000000;\">Sh\u00ebrbimet e tyre dyshohet se jan\u00eb paguar nga \u2018nj\u00eb vend n\u00eb Evrop\u00eb, ende p\u00ebr t&#8217;u p\u00ebrmendur, n\u00ebp\u00ebrmjet nj\u00eb kompanie private ushtarake\u2019 dhe jo nga qeveria britanike, sipas tabloidit n\u00eb Mbret\u00ebrin\u00eb e Bashkuar, \u2018Daily Mirror\u2019.<\/span><\/p>\n<p><span style=\"color: #000000;\">Ushtria ruse raportoi veprime kund\u00ebr atyre q\u00eb i p\u00ebrshkroi si \u2018mercenar\u00eb\u2019 q\u00eb luftonin p\u00ebr Ukrain\u00ebn n\u00eb disa raste. Ministria ruse e Mbrojtjes tha se Kievi u p\u00ebrpoq t\u00eb p\u00ebrdorte nj\u00eb anije civile n\u00eb p\u00ebrpjekjen e fundit t\u00eb d\u00ebshtuar p\u00ebr t\u00eb evakuuar personelin me vler\u00eb t\u00eb lart\u00eb nga qyteti port i Mariupol, ku pati disa nga luftimet m\u00eb intensive gjat\u00eb konfliktit.<\/span><\/p>\n<p><span style=\"color: #000000;\"> Individ\u00ebt e synuar p\u00ebr evakuim u identifikuan si drejtues t\u00eb batalionit ultranacionalist Azov dhe mercenar\u00eb t\u00eb huaj. Ka raporte t\u00eb pakonfirmuara se qindra shtetas t\u00eb huaj mund t\u00eb bllokohen n\u00eb Mariupol s\u00eb bashku me disa mij\u00ebra trupa Azov.<\/span><\/p>\n<p><span style=\"color: #000000;\">SHBA dhe Britania e Madhe kan\u00eb deklaruar publikisht se nuk kishin plane p\u00ebr t\u00eb p\u00ebrfshir\u00eb trupat e tyre n\u00eb luftimet n\u00eb Ukrain\u00eb. T\u00eb dy jan\u00eb furnizues kryesor\u00eb t\u00eb arm\u00ebve p\u00ebr Kievin dhe kan\u00eb st\u00ebrvitur ushtar\u00eb n\u00eb Ukrain\u00eb p\u00ebrpara ofensiv\u00ebs ruse. Ekspert\u00ebt u raportuan se u t\u00ebrhoq\u00ebn nga vendi n\u00eb prag t\u00eb armiq\u00ebsive.<\/span><\/p>\n<p><span style=\"color: #000000;\">Ministria e Mbrojtjes e Britanis\u00eb i ndaloi an\u00ebtar\u00ebt e sh\u00ebrbimit aktiv t\u00eb udh\u00ebtonin n\u00eb Ukrain\u00eb n\u00eb fillim t\u00eb marsit, duke th\u00ebn\u00eb se shkelja e rregullit mund t\u00eb rezultoj\u00eb n\u00eb ndjekje penale. Kievi u b\u00ebri thirrje vullnetar\u00ebve jasht\u00eb vendit p\u00ebr t&#8217;u bashkuar me radh\u00ebt e \u2018legjionit t\u00eb huaj\u2019 t\u00eb sapokrijuar pas sulmit rus.<\/span><\/p>\n","protected":false,"gt_translate_keys":[{"key":"rendered","format":"html"}]},"excerpt":{"rendered":"<p>Forcat speciale elitare nga Britania e Madhe dhe SHBA kan\u00eb qen\u00eb t\u00eb pranishme n\u00eb Ukrain\u00eb q\u00eb nga fillimi i armiq\u00ebsive me Rusin\u00eb n\u00eb fund t\u00eb shkurtit, \u00a0tha nj\u00eb burim n\u00eb komunitetin e inteligjenc\u00ebs franceze p\u00ebr \u2018Le Figaro\u2019 jav\u00ebn e kaluar. Pretendimi u raportua nga korrespondenti i lart\u00eb nd\u00ebrkomb\u00ebtar i gazet\u00ebs Georges Malbrunot t\u00eb shtun\u00ebn, dit\u00ebn [&hellip;]<\/p>\n","protected":false,"gt_translate_keys":[{"key":"rendered","format":"html"}]},"author":51,"featured_media":517493,"comment_status":"closed","ping_status":"closed","sticky":false,"template":"","format":"standard","meta":{"footnotes":""},"categories":[53],"tags":[],"class_list":["post-517492","post","type-post","status-publish","format-standard","has-post-thumbnail","hentry","category-fast-foodi"],"gt_translate_keys":[{"key":"link","format":"url"}],"_links":{"self":[{"href":"https:\/\/www.hashtag.al\/index.php\/wp-json\/wp\/v2\/posts\/517492","targetHints":{"allow":["GET"]}}],"collection":[{"href":"https:\/\/www.hashtag.al\/index.php\/wp-json\/wp\/v2\/posts"}],"about":[{"href":"https:\/\/www.hashtag.al\/index.php\/wp-json\/wp\/v2\/types\/post"}],"author":[{"embeddable":true,"href":"https:\/\/www.hashtag.al\/index.php\/wp-json\/wp\/v2\/users\/51"}],"replies":[{"embeddable":true,"href":"https:\/\/www.hashtag.al\/index.php\/wp-json\/wp\/v2\/comments?post=517492"}],"version-history":[{"count":0,"href":"https:\/\/www.hashtag.al\/index.php\/wp-json\/wp\/v2\/posts\/517492\/revisions"}],"wp:featuredmedia":[{"embeddable":true,"href":"https:\/\/www.hashtag.al\/index.php\/wp-json\/wp\/v2\/media\/517493"}],"wp:attachment":[{"href":"https:\/\/www.hashtag.al\/index.php\/wp-json\/wp\/v2\/media?parent=517492"}],"wp:term":[{"taxonomy":"category","embeddable":true,"href":"https:\/\/www.hashtag.al\/index.php\/wp-json\/wp\/v2\/categories?post=517492"},{"taxonomy":"post_tag","embeddable":true,"href":"https:\/\/www.hashtag.al\/index.php\/wp-json\/wp\/v2\/tags?post=517492"}],"curies":[{"name":"wp","href":"https:\/\/api.w.org\/{rel}","templated":true}]}}