{"id":517459,"date":"2022-04-13T12:28:02","date_gmt":"2022-04-13T10:28:02","guid":{"rendered":"https:\/\/www.hashtag.al\/?p=517459"},"modified":"2022-04-13T12:28:02","modified_gmt":"2022-04-13T10:28:02","slug":"finlanda-e-suedia-se-zgjasin-me-mund-te-anetaresohen-ne-nato-qe-kete-vere","status":"publish","type":"post","link":"https:\/\/www.hashtag.al\/index.php\/2022\/04\/13\/finlanda-e-suedia-se-zgjasin-me-mund-te-anetaresohen-ne-nato-qe-kete-vere\/","title":{"rendered":"Finlanda e Suedia s\u2019e zgjasin m\u00eb, mund t\u00eb an\u00ebtar\u00ebsohen n\u00eb NATO q\u00eb k\u00ebt\u00eb ver\u00eb","gt_translate_keys":[{"key":"rendered","format":"text"}]},"content":{"rendered":"<p><span style=\"color: #000000;\"><img loading=\"lazy\" decoding=\"async\" class=\"aligncenter size-full wp-image-517461\" src=\"https:\/\/www.hashtag.al\/wp-content\/uploads\/2022\/04\/nato-2.jpg\" alt=\"\" width=\"768\" height=\"432\" srcset=\"https:\/\/www.hashtag.al\/wp-content\/uploads\/2022\/04\/nato-2.jpg 768w, https:\/\/www.hashtag.al\/wp-content\/uploads\/2022\/04\/nato-2-300x169.jpg 300w\" sizes=\"auto, (max-width: 768px) 100vw, 768px\" \/><\/span><\/p>\n<p><span style=\"color: #000000;\">Finlanda dhe Suedia mund t&#8217;i bashkohen NATO-s q\u00eb n\u00eb fillim t\u00eb k\u00ebsaj vere n\u00eb p\u00ebrgjigje t\u00eb sulmit t\u00eb vazhduesh\u00ebm ushtarak t\u00eb Mosk\u00ebs n\u00eb Ukrain\u00eb, sipas nj\u00eb raporti nga gazeta britanike \u2018The Times\u2019.<\/span><\/p>\n<p><span style=\"color: #000000;\">K\u00ebrkesa finlandeze p\u00ebr t&#8217;u bashkuar me bllokun pritet t\u00eb dor\u00ebzohet n\u00eb qershor, me Suedin\u00eb q\u00eb do e ndjek\u00eb menj\u00ebher\u00eb pas k\u00ebsaj, than\u00eb zyrtar\u00eb t\u00eb paidentifikuar amerikan\u00eb p\u00ebr gazet\u00ebn britanike.<\/span><\/p>\n<p><span style=\"color: #000000;\">An\u00ebtar\u00ebsimi i mundsh\u00ebm i dy vendeve nordike ishte \u2018nj\u00eb tem\u00eb bisede dhe sesionesh t\u00eb shumta\u2019 gjat\u00eb samitit t\u00eb ministrave t\u00eb Jasht\u00ebm t\u00eb NATO-s n\u00eb Bruksel jav\u00ebn e kaluar, than\u00eb burimet. Ministri i Jasht\u00ebm i Finland\u00ebs Pekka Haavisto dhe homologia e tij suedeze Ann Linde ishin t\u00eb dy t\u00eb pranish\u00ebm n\u00eb bisedimet dyditore.<\/span><\/p>\n<p><span style=\"color: #000000;\">Rusia, Finlanda dhe Suedia kan\u00eb t\u00eb gjitha qasje n\u00eb Detin Baltik, me nj\u00eb kufi t\u00eb p\u00ebrbashk\u00ebt tok\u00ebsor ruso-finlandez q\u00eb p\u00ebrfshin rreth 1,340 km.<\/span><\/p>\n<p><span style=\"color: #000000;\">Nj\u00eb zyrtar i lart\u00eb amerikan pohoi se ofensiva ruse n\u00eb Ukrain\u00eb ishte \u2018nj\u00eb gabim masiv strategjik p\u00ebr Presidentin rus Vladimir Putin\u2019 pasi i b\u00ebri Helsinkin dhe Stokholmin t\u00eb v\u00ebn\u00eb n\u00eb dyshim politik\u00ebn e tyre p\u00ebr t\u00eb mos iu bashkuar asnj\u00eb aleance ushtarake.<\/span><\/p>\n<p><span style=\"color: #000000;\">Moska e kund\u00ebrshton zgjerimin e NATO-s, por p\u00ebrfshirja e Finland\u00ebs dhe Suedis\u00eb n\u00eb bllok nuk do t\u00eb b\u00ebhet nj\u00eb k\u00ebrc\u00ebnim ekzistencial p\u00ebr t\u00eb, tha sekretari i shtypit i Kremlinit Dmitry Peskov t\u00eb premten p\u00ebr Sky News. NATO \u00ebsht\u00eb \u2018p\u00ebrshtatur p\u00ebr konfrontim dhe q\u00ebllimi kryesor i ekzistenc\u00ebs s\u00eb saj \u00ebsht\u00eb t\u00eb p\u00ebrballet me vendin ton\u00eb\u2019, tha Peskov.<\/span><\/p>\n","protected":false,"gt_translate_keys":[{"key":"rendered","format":"html"}]},"excerpt":{"rendered":"<p>Finlanda dhe Suedia mund t&#8217;i bashkohen NATO-s q\u00eb n\u00eb fillim t\u00eb k\u00ebsaj vere n\u00eb p\u00ebrgjigje t\u00eb sulmit t\u00eb vazhduesh\u00ebm ushtarak t\u00eb Mosk\u00ebs n\u00eb Ukrain\u00eb, sipas nj\u00eb raporti nga gazeta britanike \u2018The Times\u2019. K\u00ebrkesa finlandeze p\u00ebr t&#8217;u bashkuar me bllokun pritet t\u00eb dor\u00ebzohet n\u00eb qershor, me Suedin\u00eb q\u00eb do e ndjek\u00eb menj\u00ebher\u00eb pas k\u00ebsaj, than\u00eb zyrtar\u00eb [&hellip;]<\/p>\n","protected":false,"gt_translate_keys":[{"key":"rendered","format":"html"}]},"author":51,"featured_media":517461,"comment_status":"closed","ping_status":"closed","sticky":false,"template":"","format":"standard","meta":{"footnotes":""},"categories":[53],"tags":[],"class_list":["post-517459","post","type-post","status-publish","format-standard","has-post-thumbnail","hentry","category-fast-foodi"],"gt_translate_keys":[{"key":"link","format":"url"}],"_links":{"self":[{"href":"https:\/\/www.hashtag.al\/index.php\/wp-json\/wp\/v2\/posts\/517459","targetHints":{"allow":["GET"]}}],"collection":[{"href":"https:\/\/www.hashtag.al\/index.php\/wp-json\/wp\/v2\/posts"}],"about":[{"href":"https:\/\/www.hashtag.al\/index.php\/wp-json\/wp\/v2\/types\/post"}],"author":[{"embeddable":true,"href":"https:\/\/www.hashtag.al\/index.php\/wp-json\/wp\/v2\/users\/51"}],"replies":[{"embeddable":true,"href":"https:\/\/www.hashtag.al\/index.php\/wp-json\/wp\/v2\/comments?post=517459"}],"version-history":[{"count":0,"href":"https:\/\/www.hashtag.al\/index.php\/wp-json\/wp\/v2\/posts\/517459\/revisions"}],"wp:featuredmedia":[{"embeddable":true,"href":"https:\/\/www.hashtag.al\/index.php\/wp-json\/wp\/v2\/media\/517461"}],"wp:attachment":[{"href":"https:\/\/www.hashtag.al\/index.php\/wp-json\/wp\/v2\/media?parent=517459"}],"wp:term":[{"taxonomy":"category","embeddable":true,"href":"https:\/\/www.hashtag.al\/index.php\/wp-json\/wp\/v2\/categories?post=517459"},{"taxonomy":"post_tag","embeddable":true,"href":"https:\/\/www.hashtag.al\/index.php\/wp-json\/wp\/v2\/tags?post=517459"}],"curies":[{"name":"wp","href":"https:\/\/api.w.org\/{rel}","templated":true}]}}