{"id":517417,"date":"2022-04-13T10:03:45","date_gmt":"2022-04-13T08:03:45","guid":{"rendered":"https:\/\/www.hashtag.al\/?p=517417"},"modified":"2022-04-13T10:03:45","modified_gmt":"2022-04-13T08:03:45","slug":"pse-presidenti-gjerman-nuk-preferohet-ne-kiev","status":"publish","type":"post","link":"https:\/\/www.hashtag.al\/index.php\/2022\/04\/13\/pse-presidenti-gjerman-nuk-preferohet-ne-kiev\/","title":{"rendered":"Pse presidenti gjerman &#8216;nuk preferohet\u2019 n\u00eb Kiev?","gt_translate_keys":[{"key":"rendered","format":"text"}]},"content":{"rendered":"<p><span style=\"color: #000000;\"><a href=\"https:\/\/www.hashtag.al\/wp-content\/uploads\/2022\/04\/87b3861a-2acf-46d7-b07e-83e6d832cff5.jpg\"><img loading=\"lazy\" decoding=\"async\" class=\"aligncenter size-full wp-image-517418\" src=\"https:\/\/www.hashtag.al\/wp-content\/uploads\/2022\/04\/87b3861a-2acf-46d7-b07e-83e6d832cff5.jpg\" alt=\"\" width=\"624\" height=\"351\" srcset=\"https:\/\/www.hashtag.al\/wp-content\/uploads\/2022\/04\/87b3861a-2acf-46d7-b07e-83e6d832cff5.jpg 624w, https:\/\/www.hashtag.al\/wp-content\/uploads\/2022\/04\/87b3861a-2acf-46d7-b07e-83e6d832cff5-300x169.jpg 300w\" sizes=\"auto, (max-width: 624px) 100vw, 624px\" \/><\/a><\/span><\/p>\n<p><span style=\"color: #000000;\">President\u00ebt e Polonis\u00eb dhe t\u00eb shteteve baltike po vizitojn\u00eb Kievin p\u00ebr bisedime me homologun e tyre ukrainas, Volodymyr Zelensky.<\/span><\/p>\n<p><span style=\"color: #000000;\">Por, atyre nuk do t&#8217;u bashkohet homologu i tyre gjerman.<\/span><\/p>\n<p><span style=\"color: #000000;\">Frank-\u00cbalter Steinmeier anuloi planet e tij p\u00ebr t&#8217;u bashkuar me grupin pasi Ukraina e b\u00ebri t\u00eb qart\u00eb se ai nuk ishte i mir\u00ebpritur, me kancelarin Olaf Scholz tani t\u00eb ftuar n\u00eb vend t\u00eb tij.<\/span><\/p>\n<p><span style=\"color: #000000;\">Steinmeier tha gjat\u00eb nj\u00eb udh\u00ebtimi n\u00eb Varshav\u00eb, se plani ishte &#8220;nd\u00ebrmarrja e nj\u00eb udh\u00ebtimi n\u00eb Kiev p\u00ebr t\u00eb d\u00ebrguar nj\u00eb sinjal t\u00eb fort\u00eb t\u00eb solidaritetit t\u00eb p\u00ebrbashk\u00ebt evropian me Ukrain\u00ebn&#8221;.<\/span><\/p>\n<p><span style=\"color: #000000;\"><em>&#8220;Un\u00eb isha gati ta b\u00ebja k\u00ebt\u00eb, por me sa duket dhe duhet ta mbaj parasysh k\u00ebt\u00eb &#8211; kjo nuk ishte e k\u00ebrkuar n\u00eb Kiev.&#8221;\u2014<\/em>tha ai, citon <span style=\"color: #0000ff;\"><a style=\"color: #0000ff;\" href=\"https:\/\/www.bbc.com\/news\/live\/world-europe-61075759\">BBC<\/a><\/span>.<\/span><\/p>\n<p><span style=\"color: #000000;\">Gazeta gjermane Bild citoi burime ukrainase duke th\u00ebn\u00eb se Steinmeier-it iu refuzua pranimi n\u00eb Kiev &#8220;<em>p\u00ebr shkak t\u00eb lidhjeve t\u00eb ngushta me Rusin\u00eb n\u00eb vitet e fundit&#8221;.<\/em><\/span><\/p>\n<p><span style=\"color: #000000;\">Jav\u00ebn e kaluar, Steinmeier pranoi se kishte gabuar n\u00eb lidhje me Rusin\u00eb, duke th\u00ebn\u00eb se politika gjermane ndaj Mosk\u00ebs kishte d\u00ebshtuar dhe se ai ishte gabuar p\u00ebr p\u00ebrpjekjen p\u00ebr t\u00eb nd\u00ebrtuar ura me Putinin dhe p\u00ebr mb\u00ebshtetjen e Nord Stream 2.<\/span><\/p>\n","protected":false,"gt_translate_keys":[{"key":"rendered","format":"html"}]},"excerpt":{"rendered":"<p>President\u00ebt e Polonis\u00eb dhe t\u00eb shteteve baltike po vizitojn\u00eb Kievin p\u00ebr bisedime me homologun e tyre ukrainas, Volodymyr Zelensky. Por, atyre nuk do t&#8217;u bashkohet homologu i tyre gjerman. Frank-\u00cbalter Steinmeier anuloi planet e tij p\u00ebr t&#8217;u bashkuar me grupin pasi Ukraina e b\u00ebri t\u00eb qart\u00eb se ai nuk ishte i mir\u00ebpritur, me kancelarin Olaf [&hellip;]<\/p>\n","protected":false,"gt_translate_keys":[{"key":"rendered","format":"html"}]},"author":30,"featured_media":517418,"comment_status":"closed","ping_status":"closed","sticky":false,"template":"","format":"standard","meta":{"footnotes":""},"categories":[6,13],"tags":[],"class_list":["post-517417","post","type-post","status-publish","format-standard","has-post-thumbnail","hentry","category-nderkombetare","category-te-fundit"],"gt_translate_keys":[{"key":"link","format":"url"}],"_links":{"self":[{"href":"https:\/\/www.hashtag.al\/index.php\/wp-json\/wp\/v2\/posts\/517417","targetHints":{"allow":["GET"]}}],"collection":[{"href":"https:\/\/www.hashtag.al\/index.php\/wp-json\/wp\/v2\/posts"}],"about":[{"href":"https:\/\/www.hashtag.al\/index.php\/wp-json\/wp\/v2\/types\/post"}],"author":[{"embeddable":true,"href":"https:\/\/www.hashtag.al\/index.php\/wp-json\/wp\/v2\/users\/30"}],"replies":[{"embeddable":true,"href":"https:\/\/www.hashtag.al\/index.php\/wp-json\/wp\/v2\/comments?post=517417"}],"version-history":[{"count":0,"href":"https:\/\/www.hashtag.al\/index.php\/wp-json\/wp\/v2\/posts\/517417\/revisions"}],"wp:featuredmedia":[{"embeddable":true,"href":"https:\/\/www.hashtag.al\/index.php\/wp-json\/wp\/v2\/media\/517418"}],"wp:attachment":[{"href":"https:\/\/www.hashtag.al\/index.php\/wp-json\/wp\/v2\/media?parent=517417"}],"wp:term":[{"taxonomy":"category","embeddable":true,"href":"https:\/\/www.hashtag.al\/index.php\/wp-json\/wp\/v2\/categories?post=517417"},{"taxonomy":"post_tag","embeddable":true,"href":"https:\/\/www.hashtag.al\/index.php\/wp-json\/wp\/v2\/tags?post=517417"}],"curies":[{"name":"wp","href":"https:\/\/api.w.org\/{rel}","templated":true}]}}