{"id":517280,"date":"2022-04-12T12:44:55","date_gmt":"2022-04-12T10:44:55","guid":{"rendered":"https:\/\/www.hashtag.al\/?p=517280"},"modified":"2022-04-12T12:44:55","modified_gmt":"2022-04-12T10:44:55","slug":"kishin-rrethuar-parcelen-me-granata-e-kamera-kapet-51-vjecari-ne-tropoje-ne-kerkim-i-riu","status":"publish","type":"post","link":"https:\/\/www.hashtag.al\/index.php\/2022\/04\/12\/kishin-rrethuar-parcelen-me-granata-e-kamera-kapet-51-vjecari-ne-tropoje-ne-kerkim-i-riu\/","title":{"rendered":"Kishin rrethuar parcel\u00ebn me granata e kamera, kapet 51-vje\u00e7ari n\u00eb Tropoj\u00eb, n\u00eb k\u00ebrkim i riu","gt_translate_keys":[{"key":"rendered","format":"text"}]},"content":{"rendered":"<p><span style=\"color: #000000;\"><img loading=\"lazy\" decoding=\"async\" class=\"aligncenter size-full wp-image-517281\" src=\"https:\/\/www.hashtag.al\/wp-content\/uploads\/2022\/04\/kanabis-1.jpg\" alt=\"\" width=\"1600\" height=\"1067\" srcset=\"https:\/\/www.hashtag.al\/wp-content\/uploads\/2022\/04\/kanabis-1.jpg 1600w, https:\/\/www.hashtag.al\/wp-content\/uploads\/2022\/04\/kanabis-1-300x200.jpg 300w, https:\/\/www.hashtag.al\/wp-content\/uploads\/2022\/04\/kanabis-1-1024x683.jpg 1024w, https:\/\/www.hashtag.al\/wp-content\/uploads\/2022\/04\/kanabis-1-768x512.jpg 768w, https:\/\/www.hashtag.al\/wp-content\/uploads\/2022\/04\/kanabis-1-1536x1024.jpg 1536w\" sizes=\"auto, (max-width: 1600px) 100vw, 1600px\" \/><\/span><\/p>\n<p><span style=\"color: #000000;\">Nj\u00eb person \u00ebsht\u00eb arrestuar n\u00eb Tropoj\u00eb nd\u00ebrsa nj\u00eb tjet\u00ebr \u00ebsht\u00eb shpallur n\u00eb k\u00ebrkim. Ata akuzohen p\u00ebr kultivim l\u00ebnd\u00ebsh narkotike pas zbulimit t\u00eb nj\u00eb parcele me kanabis n\u00eb fshatin Kova\u00e7. <\/span><\/p>\n<p><span style=\"color: #000000;\">N\u00eb pranga ka r\u00ebn\u00eb 51-vje\u00e7ari Agron Hoxhaj nd\u00ebrsa n\u00eb k\u00ebrkim \u00ebsht\u00eb shpallur 22-vje\u00e7ari Bekim \u00c7elaj, t\u00eb dy banues n\u00eb fshatin Kova\u00e7. <\/span><\/p>\n<p><span style=\"color: #000000;\">Gjat\u00eb operacionit n\u00eb zon\u00eb, policia ka gjetur nj\u00eb parcel\u00eb me kanabis t\u00eb rrethuar me kamera mbik\u00ebqyr\u00ebse dhe nj\u00eb fill t\u00eb lidhur me dy granata. <\/span><\/p>\n<p><span style=\"color: #000000;\">Dy personat e lartp\u00ebrmendur dyshohe gjithashtu p\u00ebr nj\u00eb parcel\u00eb me kanabis t\u00eb zbuluar n\u00eb fshatin Hoxhaj n\u00eb vitin 2020.<\/span><\/p>\n<p><span style=\"color: #000000;\"><strong>Njoftimi<\/strong><\/span><\/p>\n<p><span style=\"color: #000000;\"><em>\u201cFinalizohet me sukses operacioni policor i koduar \u201cSofistikimi\u201d nga Komisariati i Policis\u00eb Tropoj\u00eb, n\u00ebn drejtimin e Prokuroris\u00eb pran\u00eb Gjykat\u00ebs s\u00eb Rrethit Gjyq\u00ebsor Tropoj\u00eb.<\/em><\/span><\/p>\n<p><span style=\"color: #000000;\"><em>Kishin instaluar kamera dhe granata gati p\u00ebr shp\u00ebrthim, n\u00eb parcel\u00ebn ku kishin kultivuar bim\u00eb narkotike, kapet dhe vihet n\u00eb pranga nj\u00ebri nga autor\u00ebt, shpallet n\u00eb k\u00ebrkim autori tjet\u00ebr.<\/em><\/span><\/p>\n<p><span style=\"color: #000000;\"><em>N\u00eb vijim t\u00eb pun\u00ebs p\u00ebr zbardhjen e rasteve t\u00eb kultivimit t\u00eb bim\u00ebve narkotike, t\u00eb ndodhura m\u00eb par\u00eb, identifikimin dhe kapjen e autor\u00ebve, efektiv\u00ebt e Komisariatit t\u00eb Policis\u00eb Tropoj\u00eb, n\u00ebn drejtimin e Prokuroris\u00eb pran\u00eb Gjykat\u00ebs s\u00eb Rrethit Gjyq\u00ebsor Tropoj\u00eb, organizuan pun\u00ebn p\u00ebr identifikimin e autor\u00ebve t\u00eb kultivimit t\u00eb bim\u00ebve narkotike, n\u00eb pyllin e fshatit Kova\u00e7.<\/em><\/span><\/p>\n<p><span style=\"color: #000000;\"><em>Pas pun\u00ebs hetimore, n\u00eb bashk\u00ebpunim me Institutin e Policis\u00eb Shkencore n\u00eb Tiran\u00eb, u b\u00eb i mundur identifikimi i autor\u00ebve. Bazuar n\u00eb provat e siguruara, m\u00eb dat\u00eb 10.04.2022, Gjykata e Rrethit Gjyq\u00ebsor Tropoj\u00eb ka caktuar ndaj k\u00ebtyre shtetasve, mas\u00ebn e siguris\u00eb \u201cArrest n\u00eb burg\u201d, n\u00eb munges\u00eb, p\u00ebr veprat penale \u201cKultivimi i bim\u00ebve narkotike\u201d dhe \u201cMbajtja pa leje e arm\u00ebve luftarake dhe e municionit\u201d, t\u00eb kryera n\u00eb bashk\u00ebpunim.<\/em><\/span><\/p>\n<p><span style=\"color: #000000;\"><em>N\u00eb zbatim t\u00eb vendimit t\u00eb gjykat\u00ebs u organizua dhe u finalizua me sukses operacioni policor i koduar \u201cSofistikimi\u201d, si rezultat i t\u00eb cilit u b\u00eb kapja dhe ndalimi i shtetasit Agron Hoxhaj, 51 vje\u00e7, banues n\u00eb fshatin Kova\u00e7 dhe shpallja n\u00eb k\u00ebrkim e bashk\u00ebpun\u00ebtorit t\u00eb tij, shtetasit Bekim \u00c7elaj, 22 vje\u00e7, banues n\u00eb fshatin Kova\u00e7.<\/em><\/span><\/p>\n<p><span style=\"color: #000000;\"><em>Bazuar n\u00eb provat e siguruara, rezulton se k\u00ebta shtetas, m\u00eb dat\u00eb 28.09.2021, n\u00eb pyllin e fshatit Kova\u00e7, n\u00eb bashk\u00ebpunim me nj\u00ebri-tjetrin, kan\u00eb kultivuar bim\u00eb narkotike, p\u00ebrreth t\u00eb cilave kishin lidhur me fill sintetik 2 granata ofensive, si dhe kishin vendosur kamera, p\u00ebr t\u00eb monitoruar zon\u00ebn.<\/em><\/span><\/p>\n<p><span style=\"color: #000000;\"><em>Gjithashtu, k\u00ebta shtetas, n\u00eb bashk\u00ebpunim me nj\u00ebri-tjetrin, dyshohen se n\u00eb muajin korrik t\u00eb vitit 2020, kan\u00eb kultivuar bim\u00eb narkotike, n\u00eb fshatin Hoxhaj. P\u00ebr k\u00ebt\u00eb rast ishte regjistruar procedimi penal n\u00eb Prokurori.<\/em><\/span><\/p>\n<p><span style=\"color: #000000;\"><em>Vijon puna p\u00ebr kapjen e shtetasit Bekim \u00c7elaj, identifikimin dhe kapjen e personave t\u00eb tjer\u00eb t\u00eb dyshuar t\u00eb p\u00ebrfshir\u00eb n\u00eb k\u00ebt\u00eb veprimtari kriminale.<\/em><\/span><\/p>\n<p><span style=\"color: #000000;\"><em>Materialet iu referuan Prokuroris\u00eb pran\u00eb Gjykat\u00ebs s\u00eb Rrethit Gjyq\u00ebsor Tropoj\u00eb, p\u00ebr veprime t\u00eb m\u00ebtejshme.\u201d<\/em><\/span><\/p>\n","protected":false,"gt_translate_keys":[{"key":"rendered","format":"html"}]},"excerpt":{"rendered":"<p>Nj\u00eb person \u00ebsht\u00eb arrestuar n\u00eb Tropoj\u00eb nd\u00ebrsa nj\u00eb tjet\u00ebr \u00ebsht\u00eb shpallur n\u00eb k\u00ebrkim. Ata akuzohen p\u00ebr kultivim l\u00ebnd\u00ebsh narkotike pas zbulimit t\u00eb nj\u00eb parcele me kanabis n\u00eb fshatin Kova\u00e7. N\u00eb pranga ka r\u00ebn\u00eb 51-vje\u00e7ari Agron Hoxhaj nd\u00ebrsa n\u00eb k\u00ebrkim \u00ebsht\u00eb shpallur 22-vje\u00e7ari Bekim \u00c7elaj, t\u00eb dy banues n\u00eb fshatin Kova\u00e7. Gjat\u00eb operacionit n\u00eb zon\u00eb, policia [&hellip;]<\/p>\n","protected":false,"gt_translate_keys":[{"key":"rendered","format":"html"}]},"author":51,"featured_media":517281,"comment_status":"closed","ping_status":"closed","sticky":false,"template":"","format":"standard","meta":{"footnotes":""},"categories":[65,13],"tags":[],"class_list":["post-517280","post","type-post","status-publish","format-standard","has-post-thumbnail","hentry","category-lajme","category-te-fundit"],"gt_translate_keys":[{"key":"link","format":"url"}],"_links":{"self":[{"href":"https:\/\/www.hashtag.al\/index.php\/wp-json\/wp\/v2\/posts\/517280","targetHints":{"allow":["GET"]}}],"collection":[{"href":"https:\/\/www.hashtag.al\/index.php\/wp-json\/wp\/v2\/posts"}],"about":[{"href":"https:\/\/www.hashtag.al\/index.php\/wp-json\/wp\/v2\/types\/post"}],"author":[{"embeddable":true,"href":"https:\/\/www.hashtag.al\/index.php\/wp-json\/wp\/v2\/users\/51"}],"replies":[{"embeddable":true,"href":"https:\/\/www.hashtag.al\/index.php\/wp-json\/wp\/v2\/comments?post=517280"}],"version-history":[{"count":0,"href":"https:\/\/www.hashtag.al\/index.php\/wp-json\/wp\/v2\/posts\/517280\/revisions"}],"wp:featuredmedia":[{"embeddable":true,"href":"https:\/\/www.hashtag.al\/index.php\/wp-json\/wp\/v2\/media\/517281"}],"wp:attachment":[{"href":"https:\/\/www.hashtag.al\/index.php\/wp-json\/wp\/v2\/media?parent=517280"}],"wp:term":[{"taxonomy":"category","embeddable":true,"href":"https:\/\/www.hashtag.al\/index.php\/wp-json\/wp\/v2\/categories?post=517280"},{"taxonomy":"post_tag","embeddable":true,"href":"https:\/\/www.hashtag.al\/index.php\/wp-json\/wp\/v2\/tags?post=517280"}],"curies":[{"name":"wp","href":"https:\/\/api.w.org\/{rel}","templated":true}]}}