{"id":517188,"date":"2022-04-11T23:26:30","date_gmt":"2022-04-11T21:26:30","guid":{"rendered":"https:\/\/www.hashtag.al\/?p=517188"},"modified":"2022-04-11T23:26:30","modified_gmt":"2022-04-11T21:26:30","slug":"lavrov-nuk-ka-arsye-per-ti-dhene-fund-bisedimeve-me-ukrainen","status":"publish","type":"post","link":"https:\/\/www.hashtag.al\/index.php\/2022\/04\/11\/lavrov-nuk-ka-arsye-per-ti-dhene-fund-bisedimeve-me-ukrainen\/","title":{"rendered":"Lavrov: Nuk ka arsye p\u00ebr t\u2019i dh\u00ebn\u00eb fund bisedimeve me Ukrain\u00ebn","gt_translate_keys":[{"key":"rendered","format":"text"}]},"content":{"rendered":"<p style=\"text-align: justify;\"><span style=\"color: #000000;\"><img loading=\"lazy\" decoding=\"async\" class=\"aligncenter size-full wp-image-517068\" src=\"https:\/\/www.hashtag.al\/wp-content\/uploads\/2022\/04\/Lavrov-2.jpg\" alt=\"\" width=\"540\" height=\"304\" srcset=\"https:\/\/www.hashtag.al\/wp-content\/uploads\/2022\/04\/Lavrov-2.jpg 540w, https:\/\/www.hashtag.al\/wp-content\/uploads\/2022\/04\/Lavrov-2-300x169.jpg 300w\" sizes=\"auto, (max-width: 540px) 100vw, 540px\" \/><\/span><\/p>\n<p style=\"text-align: justify;\"><span style=\"color: #000000;\">Ministri i Pun\u00ebve t\u00eb Jashtme i Rusis\u00eb, Sergey Lavrov, ka deklaruar se vendi i tij nuk sheh asnj\u00eb arsye p\u00ebr t\u2019i dh\u00ebn\u00eb fund bisedimeve t\u00eb paqes me Ukrain\u00ebn, pavar\u00ebsisht ndryshimeve t\u00eb vazhdueshme t\u00eb q\u00ebndrimit t\u00eb Kievit.<\/span><\/p>\n<p style=\"text-align: justify;\"><span style=\"color: #000000;\">\u201cUn\u00eb nuk shoh ndonj\u00eb arsye pse ne nuk mund t\u00eb vazhdojm\u00eb (bisedimet), megjith\u00ebse pala ukrainase ndryshon krejt\u00ebsisht \u00e7do her\u00eb, ndonj\u00ebher\u00eb me 180 grad\u00eb, duke hedhur posht\u00eb at\u00eb q\u00eb ofroi\u201d, tha Lavrov n\u00eb nj\u00eb intervist\u00eb p\u00ebr kanalin televiziv rus \u2018Rossiya 24\u2019, p\u00ebrcjell AA.<\/span><\/p>\n<p style=\"text-align: justify;\"><span style=\"color: #000000;\">Q\u00ebllimi i luft\u00ebs s\u00eb Rusis\u00eb n\u00eb Ukrain\u00eb, t\u00eb cil\u00ebn Moska e quan \u201coperacion special\u201d, sipas shefit t\u00eb diplomacis\u00eb ruse, \u00ebsht\u00eb t\u2019i jap\u00eb fund dominimit per\u00ebndimor n\u00eb bot\u00eb.<\/span><\/p>\n<p style=\"text-align: justify;\"><span style=\"color: #000000;\">\u201cOperacioni yn\u00eb special ushtarak \u00ebsht\u00eb p\u00ebrcaktuar p\u00ebr t\u2019i dh\u00ebn\u00eb fund zgjerimit dhe kursit t\u00eb pamatur drejt dominimit t\u00eb plot\u00eb t\u00eb SHBA-s\u00eb dhe vendeve t\u00eb tjera per\u00ebndimore n\u00eb aren\u00ebn nd\u00ebrkomb\u00ebtare\u201d, tha Lavrov.<\/span><\/p>\n<p style=\"text-align: justify;\"><span style=\"color: #000000;\">Ai theksoi se nj\u00eb dominim i till\u00eb bazohet n\u00eb \u201cshkeljet e r\u00ebnda t\u00eb ligjit nd\u00ebrkomb\u00ebtar\u201d.<\/span><\/p>\n<p style=\"text-align: justify;\"><span style=\"color: #000000;\">Duke komentuar komentet e fundit t\u00eb shefit t\u00eb politik\u00ebs s\u00eb jashtme t\u00eb BE-s\u00eb, Josep Borrell, se lufta n\u00eb Ukrain\u00eb \u201cduhet t\u00eb fitohet n\u00eb fush\u00ebn e betej\u00ebs\u201d, Lavrov tha se komente t\u00eb tilla nga nj\u00eb diplomat i lart\u00eb mund t\u00eb t\u00eb jen\u00eb vet\u00ebm rezultat i nj\u00eb \u201cinati personal\u201d ose \u201cgabim n\u00eb t\u00eb shprehur\u201d.<\/span><\/p>\n<p style=\"text-align: justify;\"><span style=\"color: #000000;\">Ai tha se deklarata e Borrell-it p\u00ebrfaq\u00ebson \u201cnj\u00eb kthes\u00eb shum\u00eb serioze\u201d n\u00eb politik\u00ebn per\u00ebndimore ndaj Rusis\u00eb, thelbi i s\u00eb cil\u00ebs \u00ebsht\u00eb \u201cta b\u00ebj\u00eb Ukrain\u00ebn nj\u00eb trampolin\u00eb p\u00ebr shtypjen dhe n\u00ebnshrimin p\u00ebrfundimtar t\u00eb Rusis\u00eb\u201d ndaj dominimit per\u00ebndimor.<\/span><\/p>\n<p style=\"text-align: justify;\"><span style=\"color: #000000;\">Lavrov tha se vrasjet e civil\u00ebve n\u00eb qytetin ukrainas Bucha, gjoja se nga forcat ruse para se t\u00eb t\u00ebrhiqen s\u00eb fundmi nga kryeqyteti Kiev, ishin inskenuar dhe paralajm\u00ebroi se do t\u00eb ket\u00eb provokime t\u00eb ngjashme kund\u00ebr Rusis\u00eb duke p\u00ebrdorur arm\u00eb kimike n\u00eb t\u00eb ardhmen e af\u00ebrt.<\/span><\/p>\n<p style=\"text-align: justify;\"><span style=\"color: #000000;\">Ai theksoi se diplomat\u00ebt rus\u00eb po punojn\u00eb n\u00eb kushte t\u00eb v\u00ebshtira n\u00eb vende t\u00eb tjera dhe po ashtu shprehu shqet\u00ebsim p\u00ebr rus\u00ebt q\u00eb jetojn\u00eb jasht\u00eb vendit, t\u00eb cil\u00ebt sipas tij, rregullisht jan\u00eb sulmuar.<\/span><\/p>\n<p style=\"text-align: justify;\"><span style=\"color: #000000;\">\u201cSituata me diskriminimin kund\u00ebr rus\u00ebve ka treguar se korrekt\u00ebsia politike dhe konventat e tjera n\u00eb Per\u00ebndim nuk ekzistojn\u00eb m\u00eb. \u00cbsht\u00eb ashtu si\u00e7 Hitleri mobilizoi shoq\u00ebrin\u00eb e tij dhe vendet e tjera evropiane kund\u00ebr hebrenjve\u201d, tha Lavrov.<\/span><\/p>\n<p style=\"text-align: justify;\"><span style=\"color: #000000;\">Sipas vler\u00ebsimeve t\u00eb Kombeve t\u00eb Bashkuara (OKB), t\u00eb pakt\u00ebn 1.793 civil\u00eb jan\u00eb vrar\u00eb dhe rreth 2.500 t\u00eb tjer\u00eb jan\u00eb plagosur n\u00eb Ukrain\u00eb q\u00eb kur Rusia filloi luft\u00ebn m\u00eb 24 shkurt, megjithat\u00eb shifra e v\u00ebrtet\u00eb dyshohet se \u00ebsht\u00eb shum\u00eb m\u00eb e lart\u00eb.<\/span><\/p>\n<p style=\"text-align: justify;\"><span style=\"color: #000000;\">Agjencia e OKB-s\u00eb p\u00ebr Refugjat\u00eb (UNHCR) njofton se rreth 4.5 milion\u00eb ukrainas\u00eb kan\u00eb ikur jasht\u00eb vendit, nd\u00ebrkoh\u00eb me miliona t\u00eb tjer\u00eb jan\u00eb zhvendosur brenda vendit.<\/span><\/p>\n","protected":false,"gt_translate_keys":[{"key":"rendered","format":"html"}]},"excerpt":{"rendered":"<p>Ministri i Pun\u00ebve t\u00eb Jashtme i Rusis\u00eb, Sergey Lavrov, ka deklaruar se vendi i tij nuk sheh asnj\u00eb arsye p\u00ebr t\u2019i dh\u00ebn\u00eb fund bisedimeve t\u00eb paqes me Ukrain\u00ebn, pavar\u00ebsisht ndryshimeve t\u00eb vazhdueshme t\u00eb q\u00ebndrimit t\u00eb Kievit. \u201cUn\u00eb nuk shoh ndonj\u00eb arsye pse ne nuk mund t\u00eb vazhdojm\u00eb (bisedimet), megjith\u00ebse pala ukrainase ndryshon krejt\u00ebsisht \u00e7do her\u00eb, [&hellip;]<\/p>\n","protected":false,"gt_translate_keys":[{"key":"rendered","format":"html"}]},"author":32,"featured_media":517068,"comment_status":"closed","ping_status":"closed","sticky":false,"template":"","format":"standard","meta":{"footnotes":""},"categories":[6,13],"tags":[],"class_list":["post-517188","post","type-post","status-publish","format-standard","has-post-thumbnail","hentry","category-nderkombetare","category-te-fundit"],"gt_translate_keys":[{"key":"link","format":"url"}],"_links":{"self":[{"href":"https:\/\/www.hashtag.al\/index.php\/wp-json\/wp\/v2\/posts\/517188","targetHints":{"allow":["GET"]}}],"collection":[{"href":"https:\/\/www.hashtag.al\/index.php\/wp-json\/wp\/v2\/posts"}],"about":[{"href":"https:\/\/www.hashtag.al\/index.php\/wp-json\/wp\/v2\/types\/post"}],"author":[{"embeddable":true,"href":"https:\/\/www.hashtag.al\/index.php\/wp-json\/wp\/v2\/users\/32"}],"replies":[{"embeddable":true,"href":"https:\/\/www.hashtag.al\/index.php\/wp-json\/wp\/v2\/comments?post=517188"}],"version-history":[{"count":0,"href":"https:\/\/www.hashtag.al\/index.php\/wp-json\/wp\/v2\/posts\/517188\/revisions"}],"wp:featuredmedia":[{"embeddable":true,"href":"https:\/\/www.hashtag.al\/index.php\/wp-json\/wp\/v2\/media\/517068"}],"wp:attachment":[{"href":"https:\/\/www.hashtag.al\/index.php\/wp-json\/wp\/v2\/media?parent=517188"}],"wp:term":[{"taxonomy":"category","embeddable":true,"href":"https:\/\/www.hashtag.al\/index.php\/wp-json\/wp\/v2\/categories?post=517188"},{"taxonomy":"post_tag","embeddable":true,"href":"https:\/\/www.hashtag.al\/index.php\/wp-json\/wp\/v2\/tags?post=517188"}],"curies":[{"name":"wp","href":"https:\/\/api.w.org\/{rel}","templated":true}]}}