{"id":517185,"date":"2022-04-11T23:01:32","date_gmt":"2022-04-11T21:01:32","guid":{"rendered":"https:\/\/www.hashtag.al\/?p=517185"},"modified":"2022-04-11T23:01:32","modified_gmt":"2022-04-11T21:01:32","slug":"psg-bisedime-me-chelsean-per-blerjen-e-lukakut","status":"publish","type":"post","link":"https:\/\/www.hashtag.al\/index.php\/2022\/04\/11\/psg-bisedime-me-chelsean-per-blerjen-e-lukakut\/","title":{"rendered":"PSG bisedime me Chelsean p\u00ebr blerjen e Lukakut","gt_translate_keys":[{"key":"rendered","format":"text"}]},"content":{"rendered":"<p style=\"text-align: justify;\"><span style=\"color: #000000;\"><img loading=\"lazy\" decoding=\"async\" class=\"aligncenter size-full wp-image-517186\" src=\"https:\/\/www.hashtag.al\/wp-content\/uploads\/2022\/04\/lukaku-chelsea.jpg\" alt=\"\" width=\"1200\" height=\"630\" srcset=\"https:\/\/www.hashtag.al\/wp-content\/uploads\/2022\/04\/lukaku-chelsea.jpg 1200w, https:\/\/www.hashtag.al\/wp-content\/uploads\/2022\/04\/lukaku-chelsea-300x158.jpg 300w, https:\/\/www.hashtag.al\/wp-content\/uploads\/2022\/04\/lukaku-chelsea-1024x538.jpg 1024w, https:\/\/www.hashtag.al\/wp-content\/uploads\/2022\/04\/lukaku-chelsea-768x403.jpg 768w\" sizes=\"auto, (max-width: 1200px) 100vw, 1200px\" \/><\/span><\/p>\n<p style=\"text-align: justify;\"><span style=\"color: #000000;\">Paris Saint-Germaini ka nisur bisedimet me Chelsean p\u00ebr nj\u00eb transferim t\u00eb mundsh\u00ebm t\u00eb Romelu Lukakus, sipas \u201cThe Sun\u201d.<\/span><\/p>\n<p style=\"text-align: justify;\"><span style=\"color: #000000;\">Vet\u00ebm nj\u00eb vit pasi u transferua n\u00eb \u201cStamford Bridge\u201d, sulmuesi belg \u00ebsht\u00eb i lidhur me nj\u00eb largim dhe kjo pritet t\u00eb ndodh\u00eb gjat\u00eb ver\u00ebs,<\/span><\/p>\n<p style=\"text-align: justify;\"><span style=\"color: #000000;\">PSG po e mendon transferimin e Lukakus gjat\u00eb afatit kalimtar t\u00eb ver\u00ebs, pasi Kylian Mbappe pritet t\u00eb largohet nga \u201cParc des Princes\u201d.<\/span><\/p>\n<p style=\"text-align: justify;\"><span style=\"color: #000000;\">P\u00ebrfaq\u00ebsuesit e klubit francez thuhet se kan\u00eb koh\u00eb q\u00eb jan\u00eb n\u00eb bisedime me agjentin e 28-vje\u00e7arit, Mino Raiolan.<\/span><\/p>\n<p style=\"text-align: justify;\"><span style=\"color: #000000;\">Romelu Lukaku me Chelsean ka kontrat\u00eb t\u00eb vlefshme deri m\u00eb 30 qershor 2026.<\/span><\/p>\n<p style=\"text-align: justify;\">\n","protected":false,"gt_translate_keys":[{"key":"rendered","format":"html"}]},"excerpt":{"rendered":"<p>Paris Saint-Germaini ka nisur bisedimet me Chelsean p\u00ebr nj\u00eb transferim t\u00eb mundsh\u00ebm t\u00eb Romelu Lukakus, sipas \u201cThe Sun\u201d. Vet\u00ebm nj\u00eb vit pasi u transferua n\u00eb \u201cStamford Bridge\u201d, sulmuesi belg \u00ebsht\u00eb i lidhur me nj\u00eb largim dhe kjo pritet t\u00eb ndodh\u00eb gjat\u00eb ver\u00ebs, PSG po e mendon transferimin e Lukakus gjat\u00eb afatit kalimtar t\u00eb ver\u00ebs, pasi [&hellip;]<\/p>\n","protected":false,"gt_translate_keys":[{"key":"rendered","format":"html"}]},"author":32,"featured_media":517186,"comment_status":"closed","ping_status":"closed","sticky":false,"template":"","format":"standard","meta":{"footnotes":""},"categories":[134,13],"tags":[],"class_list":["post-517185","post","type-post","status-publish","format-standard","has-post-thumbnail","hentry","category-sport","category-te-fundit"],"gt_translate_keys":[{"key":"link","format":"url"}],"_links":{"self":[{"href":"https:\/\/www.hashtag.al\/index.php\/wp-json\/wp\/v2\/posts\/517185","targetHints":{"allow":["GET"]}}],"collection":[{"href":"https:\/\/www.hashtag.al\/index.php\/wp-json\/wp\/v2\/posts"}],"about":[{"href":"https:\/\/www.hashtag.al\/index.php\/wp-json\/wp\/v2\/types\/post"}],"author":[{"embeddable":true,"href":"https:\/\/www.hashtag.al\/index.php\/wp-json\/wp\/v2\/users\/32"}],"replies":[{"embeddable":true,"href":"https:\/\/www.hashtag.al\/index.php\/wp-json\/wp\/v2\/comments?post=517185"}],"version-history":[{"count":0,"href":"https:\/\/www.hashtag.al\/index.php\/wp-json\/wp\/v2\/posts\/517185\/revisions"}],"wp:featuredmedia":[{"embeddable":true,"href":"https:\/\/www.hashtag.al\/index.php\/wp-json\/wp\/v2\/media\/517186"}],"wp:attachment":[{"href":"https:\/\/www.hashtag.al\/index.php\/wp-json\/wp\/v2\/media?parent=517185"}],"wp:term":[{"taxonomy":"category","embeddable":true,"href":"https:\/\/www.hashtag.al\/index.php\/wp-json\/wp\/v2\/categories?post=517185"},{"taxonomy":"post_tag","embeddable":true,"href":"https:\/\/www.hashtag.al\/index.php\/wp-json\/wp\/v2\/tags?post=517185"}],"curies":[{"name":"wp","href":"https:\/\/api.w.org\/{rel}","templated":true}]}}