{"id":516606,"date":"2022-04-09T10:52:34","date_gmt":"2022-04-09T08:52:34","guid":{"rendered":"https:\/\/www.hashtag.al\/?p=516606"},"modified":"2022-04-09T10:55:15","modified_gmt":"2022-04-09T08:55:15","slug":"balluku-ne-te-ardhmen-shqiperia-do-i-mbuloje-vete-nevojat-per-energji-dhe-madje-do-te-behet-edhe-eksportuese","status":"publish","type":"post","link":"https:\/\/www.hashtag.al\/index.php\/2022\/04\/09\/balluku-ne-te-ardhmen-shqiperia-do-i-mbuloje-vete-nevojat-per-energji-dhe-madje-do-te-behet-edhe-eksportuese\/","title":{"rendered":"Balluku: N\u00eb t\u00eb ardhmen Shqip\u00ebria do i mbuloj\u00eb vet\u00eb nevojat p\u00ebr energji dhe madje do t\u00eb b\u00ebhet edhe eksportuese","gt_translate_keys":[{"key":"rendered","format":"text"}]},"content":{"rendered":"<p><span style=\"color: #000000;\"><a style=\"color: #000000;\" href=\"https:\/\/www.hashtag.al\/wp-content\/uploads\/2022\/04\/Balluku.jpg\"><img loading=\"lazy\" decoding=\"async\" class=\"aligncenter size-full wp-image-516607\" src=\"https:\/\/www.hashtag.al\/wp-content\/uploads\/2022\/04\/Balluku.jpg\" alt=\"\" width=\"881\" height=\"478\" srcset=\"https:\/\/www.hashtag.al\/wp-content\/uploads\/2022\/04\/Balluku.jpg 881w, https:\/\/www.hashtag.al\/wp-content\/uploads\/2022\/04\/Balluku-300x163.jpg 300w, https:\/\/www.hashtag.al\/wp-content\/uploads\/2022\/04\/Balluku-768x417.jpg 768w\" sizes=\"auto, (max-width: 881px) 100vw, 881px\" \/><\/a><\/span><\/p>\n<p><span style=\"color: #000000;\">Ministrja e Infrastruktur\u00ebs dhe Energjis\u00eb, Belinda Balluku foli p\u00ebr situat\u00ebn energjetike gjat\u00eb fjalimit q\u00eb mbajti sot n\u00eb panelin e Kongresit t\u00eb PS-s\u00eb.<\/span><\/p>\n<p><span style=\"color: #000000;\">Ajo njoftoi ambicien e qeveris\u00eb p\u00ebr ta prodhuar vet\u00eb energjin\u00eb q\u00eb i nevojitet.\u00a0<\/span><\/p>\n<p><span style=\"color: #000000;\"><em>\u201cKemi vendosur q\u00eb t\u00eb tjera burime alternative t\u00eb energjis\u00eb t\u00eb rinovueshme t\u00eb fillojn\u00eb t\u00eb kontribuojn\u00eb n\u00eb sektorin energjetik shqiptar. Energjia quhet fush\u00eb me intensitet t\u00eb lart\u00eb n\u00eb investim dhe n\u00eb koh\u00eb.<\/em><\/span><\/p>\n<p><span style=\"color: #000000;\"><em>\u00a0Nj\u00eb zhvillim energjetik nuk mund t\u00eb ndodh\u00eb as p\u00ebr nj\u00eb muaj, as p\u00ebr dy, as p\u00ebr nj\u00eb vit. Kur ne nisim nj\u00eb projekt energjetik, nga momenti i dizenjimit, konceptimit e deri n\u00eb momentin kur duhet t\u00eb filloj\u00eb t\u00eb operoj\u00eb vepra, qoft\u00eb kjo hidrocentral, panele diellore apo eulike duhen disa vite.<\/em><\/span><\/p>\n<p><span style=\"color: #000000;\"><em>K\u00ebshtu q\u00eb ne padyshim ne i kemi marr\u00eb masat. Padyshim n\u00eb t\u00eb ardhmen Shqip\u00ebria nuk do t\u00eb b\u00ebhet superfuqia energjetike si\u00e7 thuhej dikur por padyshim do t\u00eb b\u00ebhet nj\u00eb vend q\u00eb do t\u00eb mbuloj\u00eb t\u00eb gjitha nevojat e tij p\u00ebr energji elektrike dhe madje do t\u00eb b\u00ebhet edhe eksportues i k\u00ebsaj energjie.\u201d<\/em>&#8211; u shpreh Balluku.<\/span><\/p>\n<p><span style=\"color: #000000;\">Balluku tha se Shqip\u00ebria prodhon 100% energji t\u00eb rinovueshme, kryesisht nga kaskada e Drinit.<\/span><\/p>\n","protected":false,"gt_translate_keys":[{"key":"rendered","format":"html"}]},"excerpt":{"rendered":"<p>Ministrja e Infrastruktur\u00ebs dhe Energjis\u00eb, Belinda Balluku foli p\u00ebr situat\u00ebn energjetike gjat\u00eb fjalimit q\u00eb mbajti sot n\u00eb panelin e Kongresit t\u00eb PS-s\u00eb. Ajo njoftoi ambicien e qeveris\u00eb p\u00ebr ta prodhuar vet\u00eb energjin\u00eb q\u00eb i nevojitet.\u00a0 \u201cKemi vendosur q\u00eb t\u00eb tjera burime alternative t\u00eb energjis\u00eb t\u00eb rinovueshme t\u00eb fillojn\u00eb t\u00eb kontribuojn\u00eb n\u00eb sektorin energjetik shqiptar. Energjia [&hellip;]<\/p>\n","protected":false,"gt_translate_keys":[{"key":"rendered","format":"html"}]},"author":30,"featured_media":516607,"comment_status":"closed","ping_status":"closed","sticky":false,"template":"","format":"standard","meta":{"footnotes":""},"categories":[65,13],"tags":[],"class_list":["post-516606","post","type-post","status-publish","format-standard","has-post-thumbnail","hentry","category-lajme","category-te-fundit"],"gt_translate_keys":[{"key":"link","format":"url"}],"_links":{"self":[{"href":"https:\/\/www.hashtag.al\/index.php\/wp-json\/wp\/v2\/posts\/516606","targetHints":{"allow":["GET"]}}],"collection":[{"href":"https:\/\/www.hashtag.al\/index.php\/wp-json\/wp\/v2\/posts"}],"about":[{"href":"https:\/\/www.hashtag.al\/index.php\/wp-json\/wp\/v2\/types\/post"}],"author":[{"embeddable":true,"href":"https:\/\/www.hashtag.al\/index.php\/wp-json\/wp\/v2\/users\/30"}],"replies":[{"embeddable":true,"href":"https:\/\/www.hashtag.al\/index.php\/wp-json\/wp\/v2\/comments?post=516606"}],"version-history":[{"count":0,"href":"https:\/\/www.hashtag.al\/index.php\/wp-json\/wp\/v2\/posts\/516606\/revisions"}],"wp:featuredmedia":[{"embeddable":true,"href":"https:\/\/www.hashtag.al\/index.php\/wp-json\/wp\/v2\/media\/516607"}],"wp:attachment":[{"href":"https:\/\/www.hashtag.al\/index.php\/wp-json\/wp\/v2\/media?parent=516606"}],"wp:term":[{"taxonomy":"category","embeddable":true,"href":"https:\/\/www.hashtag.al\/index.php\/wp-json\/wp\/v2\/categories?post=516606"},{"taxonomy":"post_tag","embeddable":true,"href":"https:\/\/www.hashtag.al\/index.php\/wp-json\/wp\/v2\/tags?post=516606"}],"curies":[{"name":"wp","href":"https:\/\/api.w.org\/{rel}","templated":true}]}}