{"id":516366,"date":"2022-04-08T11:59:34","date_gmt":"2022-04-08T09:59:34","guid":{"rendered":"https:\/\/www.hashtag.al\/?p=516366"},"modified":"2022-04-08T11:59:34","modified_gmt":"2022-04-08T09:59:34","slug":"ambasadorja-kim-takohet-me-kreun-e-spak-ut-e-pergezova-per-prokuroret-dhe-hetuesit-puna-e-tyre-tregoi-se-askush-nuk-eshte-mbi-ligjin","status":"publish","type":"post","link":"https:\/\/www.hashtag.al\/index.php\/2022\/04\/08\/ambasadorja-kim-takohet-me-kreun-e-spak-ut-e-pergezova-per-prokuroret-dhe-hetuesit-puna-e-tyre-tregoi-se-askush-nuk-eshte-mbi-ligjin\/","title":{"rendered":"Ambasadorja Kim takohet me kreun e SPAK-ut: E p\u00ebrg\u00ebzova p\u00ebr prokuror\u00ebt dhe hetuesit, puna e tyre tregoi se askush nuk \u00ebsht\u00eb mbi ligjin","gt_translate_keys":[{"key":"rendered","format":"text"}]},"content":{"rendered":"<p><a href=\"https:\/\/www.hashtag.al\/wp-content\/uploads\/2021\/10\/Kim-Kraja.jpg\"><img loading=\"lazy\" decoding=\"async\" class=\"aligncenter size-full wp-image-477897\" src=\"https:\/\/www.hashtag.al\/wp-content\/uploads\/2021\/10\/Kim-Kraja.jpg\" alt=\"\" width=\"710\" height=\"440\" srcset=\"https:\/\/www.hashtag.al\/wp-content\/uploads\/2021\/10\/Kim-Kraja.jpg 710w, https:\/\/www.hashtag.al\/wp-content\/uploads\/2021\/10\/Kim-Kraja-300x186.jpg 300w\" sizes=\"auto, (max-width: 710px) 100vw, 710px\" \/><\/a><\/p>\n<p><span style=\"color: #000000;\">Ambasadorja e SHBA-ve n\u00eb Tiran\u00eb, Yuri Kim \u00ebsht\u00eb takuar k\u00ebt\u00eb t\u00eb premte me drejtuesin e SPAK-ut, Arben Kraja.<\/span><\/p>\n<p><span style=\"color: #000000;\">N\u00eb nj\u00eb postim n\u00eb rrjetet sociale, ambasadorja Kim shkruan se gjat\u00eb takimit t\u00eb sot\u00ebm ka p\u00ebrg\u00ebzuar prokuror\u00ebt dhe hetuesit e SPAK-ut p\u00ebr pun\u00ebn e b\u00ebr\u00eb. Ajo shprehet se SHBA do t\u00eb vazhdoj\u00eb t\u00eb mb\u00ebshtes\u00eb fuqimisht reform\u00ebn n\u00eb drejt\u00ebsi \u2013 p\u00ebrfshir\u00eb pun\u00ebn e SPAK.<\/span><\/p>\n<p><em><span style=\"color: #000000;\">\u00a0\u201cU takova sot me shefin e SPAK Arben Kraja p\u00ebr t\u00eb p\u00ebrg\u00ebzuar prokuror\u00ebt dhe hetuesit q\u00eb kan\u00eb prodhuar m\u00eb shum\u00eb dhe m\u00eb shum\u00eb rezultate reale n\u00eb em\u00ebr t\u00eb publikut shqiptar. Rekordet n\u00eb rritje t\u00eb hetimeve, ndjekjeve penale, konfiskimeve t\u00eb pasurive etj., tregojn\u00eb se askush nuk \u00ebsht\u00eb mbi ligjin.<\/span><\/em><br \/>\n<span style=\"color: #000000;\"><em>SHBA do t\u00eb vazhdoj\u00eb t\u00eb mb\u00ebshtes\u00eb fuqimisht reform\u00ebn n\u00eb drejt\u00ebsi \u2013 p\u00ebrfshir\u00eb pun\u00ebn e SPAK \u2013 p\u00ebr t\u2019i dh\u00ebn\u00eb fund pand\u00ebshkueshm\u00ebris\u00eb, p\u00ebr t\u00eb mbajtur p\u00ebrgjegj\u00ebs zyrtar\u00ebt e korruptuar dhe krimin e organizuar, p\u00ebr t\u00eb forcuar sundimin e ligjit n\u00eb \ud83c\udde6\ud83c\uddf1. Kjo \u00ebsht\u00eb e nevojshme p\u00ebr t\u00eb p\u00ebrmbushur k\u00ebrkesat e BE-s\u00eb, gjithashtu p\u00ebr t\u2019iu p\u00ebrgjigjur k\u00ebrkesave t\u00eb t\u00eb gjith\u00eb njer\u00ebzve p\u00ebr drejt\u00ebsi.\u201d-<\/em> shkruan ajo.<\/span><\/p>\n<p><a href=\"https:\/\/www.hashtag.al\/wp-content\/uploads\/2022\/04\/postimi-kim.png\"><img loading=\"lazy\" decoding=\"async\" class=\"aligncenter size-full wp-image-516367\" src=\"https:\/\/www.hashtag.al\/wp-content\/uploads\/2022\/04\/postimi-kim.png\" alt=\"\" width=\"618\" height=\"305\" srcset=\"https:\/\/www.hashtag.al\/wp-content\/uploads\/2022\/04\/postimi-kim.png 618w, https:\/\/www.hashtag.al\/wp-content\/uploads\/2022\/04\/postimi-kim-300x148.png 300w\" sizes=\"auto, (max-width: 618px) 100vw, 618px\" \/><\/a><\/p>\n","protected":false,"gt_translate_keys":[{"key":"rendered","format":"html"}]},"excerpt":{"rendered":"<p>Ambasadorja e SHBA-ve n\u00eb Tiran\u00eb, Yuri Kim \u00ebsht\u00eb takuar k\u00ebt\u00eb t\u00eb premte me drejtuesin e SPAK-ut, Arben Kraja. N\u00eb nj\u00eb postim n\u00eb rrjetet sociale, ambasadorja Kim shkruan se gjat\u00eb takimit t\u00eb sot\u00ebm ka p\u00ebrg\u00ebzuar prokuror\u00ebt dhe hetuesit e SPAK-ut p\u00ebr pun\u00ebn e b\u00ebr\u00eb. Ajo shprehet se SHBA do t\u00eb vazhdoj\u00eb t\u00eb mb\u00ebshtes\u00eb fuqimisht reform\u00ebn n\u00eb [&hellip;]<\/p>\n","protected":false,"gt_translate_keys":[{"key":"rendered","format":"html"}]},"author":30,"featured_media":477897,"comment_status":"closed","ping_status":"closed","sticky":false,"template":"","format":"standard","meta":{"footnotes":""},"categories":[65,13],"tags":[],"class_list":["post-516366","post","type-post","status-publish","format-standard","has-post-thumbnail","hentry","category-lajme","category-te-fundit"],"gt_translate_keys":[{"key":"link","format":"url"}],"_links":{"self":[{"href":"https:\/\/www.hashtag.al\/index.php\/wp-json\/wp\/v2\/posts\/516366","targetHints":{"allow":["GET"]}}],"collection":[{"href":"https:\/\/www.hashtag.al\/index.php\/wp-json\/wp\/v2\/posts"}],"about":[{"href":"https:\/\/www.hashtag.al\/index.php\/wp-json\/wp\/v2\/types\/post"}],"author":[{"embeddable":true,"href":"https:\/\/www.hashtag.al\/index.php\/wp-json\/wp\/v2\/users\/30"}],"replies":[{"embeddable":true,"href":"https:\/\/www.hashtag.al\/index.php\/wp-json\/wp\/v2\/comments?post=516366"}],"version-history":[{"count":0,"href":"https:\/\/www.hashtag.al\/index.php\/wp-json\/wp\/v2\/posts\/516366\/revisions"}],"wp:featuredmedia":[{"embeddable":true,"href":"https:\/\/www.hashtag.al\/index.php\/wp-json\/wp\/v2\/media\/477897"}],"wp:attachment":[{"href":"https:\/\/www.hashtag.al\/index.php\/wp-json\/wp\/v2\/media?parent=516366"}],"wp:term":[{"taxonomy":"category","embeddable":true,"href":"https:\/\/www.hashtag.al\/index.php\/wp-json\/wp\/v2\/categories?post=516366"},{"taxonomy":"post_tag","embeddable":true,"href":"https:\/\/www.hashtag.al\/index.php\/wp-json\/wp\/v2\/tags?post=516366"}],"curies":[{"name":"wp","href":"https:\/\/api.w.org\/{rel}","templated":true}]}}