{"id":516357,"date":"2022-04-08T11:51:08","date_gmt":"2022-04-08T09:51:08","guid":{"rendered":"https:\/\/www.hashtag.al\/?p=516357"},"modified":"2022-04-08T11:52:48","modified_gmt":"2022-04-08T09:52:48","slug":"lefter-koka-kerkese-gjykates-se-larte-hiqni-sekuestron-e-kantines-se-veres","status":"publish","type":"post","link":"https:\/\/www.hashtag.al\/index.php\/2022\/04\/08\/lefter-koka-kerkese-gjykates-se-larte-hiqni-sekuestron-e-kantines-se-veres\/","title":{"rendered":"Lefter Koka k\u00ebrkes\u00eb Gjykat\u00ebs s\u00eb Lart\u00eb: Hiqni sekuestron e kantin\u00ebs s\u00eb ver\u00ebs","gt_translate_keys":[{"key":"rendered","format":"text"}]},"content":{"rendered":"<p><span style=\"color: #000000;\"><a href=\"https:\/\/www.hashtag.al\/wp-content\/uploads\/2022\/04\/Lefter-Koka.png\"><img loading=\"lazy\" decoding=\"async\" class=\"aligncenter size-full wp-image-516360\" src=\"https:\/\/www.hashtag.al\/wp-content\/uploads\/2022\/04\/Lefter-Koka.png\" alt=\"\" width=\"1582\" height=\"888\" srcset=\"https:\/\/www.hashtag.al\/wp-content\/uploads\/2022\/04\/Lefter-Koka.png 1582w, https:\/\/www.hashtag.al\/wp-content\/uploads\/2022\/04\/Lefter-Koka-300x168.png 300w, https:\/\/www.hashtag.al\/wp-content\/uploads\/2022\/04\/Lefter-Koka-1024x575.png 1024w, https:\/\/www.hashtag.al\/wp-content\/uploads\/2022\/04\/Lefter-Koka-768x431.png 768w, https:\/\/www.hashtag.al\/wp-content\/uploads\/2022\/04\/Lefter-Koka-1536x862.png 1536w\" sizes=\"auto, (max-width: 1582px) 100vw, 1582px\" \/><\/a><\/span><\/p>\n<p><span style=\"color: #000000;\">Ish-ministri i Mjedisit, Lefter Koka i cili ndodhet n\u00eb burg p\u00ebr afer\u00ebn e inceneratorit t\u00eb Elbasanit, i ka k\u00ebrkuar Gjykat\u00ebs s\u00eb Lart\u00eb heqjen nga sekuestro t\u00eb kantin\u00ebs s\u00eb tij t\u00eb ver\u00ebs, ku rezulton t\u00eb jet\u00eb pronar me 88.19% t\u00eb aksioneve. T\u00eb pakt\u00ebn k\u00ebshtu raporton sot gazetarja Klodiana Lala p\u00ebr &#8220;BalkanWeb&#8221;.<\/span><\/p>\n<p><span style=\"color: #000000;\">Kujtojm\u00eb se Koka humbi dy beteja t\u00eb tjera n\u00eb dy shkall\u00eb t\u00eb Gjyq\u00ebsorit lidhur me sekuestrimin e pasuris\u00eb.<\/span><\/p>\n<p><span style=\"color: #000000;\">Lefter Koka \u00ebsht\u00eb arrestuar nga SPAK m\u00eb 14 dhjetor pasi akuzohet p\u00ebr ryshfet 3.7 milion\u00eb euro lidhur me inceneratorin e Elbasanit.<\/span><\/p>\n<p><span style=\"color: #000000;\">Lidhur me k\u00ebt\u00eb \u00e7\u00ebshtje jan\u00eb shpallur n\u00eb k\u00ebrkim Mirel M\u00ebrtiri, Klodian Zoto e Stela Gugallja. K\u00ebta t\u00eb fundit jan\u00eb shpallur n\u00eb k\u00ebrkim pasi nuk u arrestuan gjat\u00eb operacionit ku u prangos Koka.<\/span><\/p>\n","protected":false,"gt_translate_keys":[{"key":"rendered","format":"html"}]},"excerpt":{"rendered":"<p>Ish-ministri i Mjedisit, Lefter Koka i cili ndodhet n\u00eb burg p\u00ebr afer\u00ebn e inceneratorit t\u00eb Elbasanit, i ka k\u00ebrkuar Gjykat\u00ebs s\u00eb Lart\u00eb heqjen nga sekuestro t\u00eb kantin\u00ebs s\u00eb tij t\u00eb ver\u00ebs, ku rezulton t\u00eb jet\u00eb pronar me 88.19% t\u00eb aksioneve. T\u00eb pakt\u00ebn k\u00ebshtu raporton sot gazetarja Klodiana Lala p\u00ebr &#8220;BalkanWeb&#8221;. Kujtojm\u00eb se Koka humbi dy [&hellip;]<\/p>\n","protected":false,"gt_translate_keys":[{"key":"rendered","format":"html"}]},"author":30,"featured_media":516360,"comment_status":"closed","ping_status":"closed","sticky":false,"template":"","format":"standard","meta":{"footnotes":""},"categories":[65,13],"tags":[],"class_list":["post-516357","post","type-post","status-publish","format-standard","has-post-thumbnail","hentry","category-lajme","category-te-fundit"],"gt_translate_keys":[{"key":"link","format":"url"}],"_links":{"self":[{"href":"https:\/\/www.hashtag.al\/index.php\/wp-json\/wp\/v2\/posts\/516357","targetHints":{"allow":["GET"]}}],"collection":[{"href":"https:\/\/www.hashtag.al\/index.php\/wp-json\/wp\/v2\/posts"}],"about":[{"href":"https:\/\/www.hashtag.al\/index.php\/wp-json\/wp\/v2\/types\/post"}],"author":[{"embeddable":true,"href":"https:\/\/www.hashtag.al\/index.php\/wp-json\/wp\/v2\/users\/30"}],"replies":[{"embeddable":true,"href":"https:\/\/www.hashtag.al\/index.php\/wp-json\/wp\/v2\/comments?post=516357"}],"version-history":[{"count":0,"href":"https:\/\/www.hashtag.al\/index.php\/wp-json\/wp\/v2\/posts\/516357\/revisions"}],"wp:featuredmedia":[{"embeddable":true,"href":"https:\/\/www.hashtag.al\/index.php\/wp-json\/wp\/v2\/media\/516360"}],"wp:attachment":[{"href":"https:\/\/www.hashtag.al\/index.php\/wp-json\/wp\/v2\/media?parent=516357"}],"wp:term":[{"taxonomy":"category","embeddable":true,"href":"https:\/\/www.hashtag.al\/index.php\/wp-json\/wp\/v2\/categories?post=516357"},{"taxonomy":"post_tag","embeddable":true,"href":"https:\/\/www.hashtag.al\/index.php\/wp-json\/wp\/v2\/tags?post=516357"}],"curies":[{"name":"wp","href":"https:\/\/api.w.org\/{rel}","templated":true}]}}