{"id":516294,"date":"2022-04-07T22:43:11","date_gmt":"2022-04-07T20:43:11","guid":{"rendered":"https:\/\/www.hashtag.al\/?p=516294"},"modified":"2022-04-07T22:43:11","modified_gmt":"2022-04-07T20:43:11","slug":"meta-me-inceneratoret-do-merrem-vete-rama-eshte-pergjegjesi","status":"publish","type":"post","link":"https:\/\/www.hashtag.al\/index.php\/2022\/04\/07\/meta-me-inceneratoret-do-merrem-vete-rama-eshte-pergjegjesi\/","title":{"rendered":"Meta: Me incenerator\u00ebt do merrem vet\u00eb, Rama \u00ebsht\u00eb p\u00ebrgjegj\u00ebsi","gt_translate_keys":[{"key":"rendered","format":"text"}]},"content":{"rendered":"<p style=\"text-align: justify;\"><span style=\"color: #000000;\"><img loading=\"lazy\" decoding=\"async\" class=\"aligncenter size-full wp-image-516295\" src=\"https:\/\/www.hashtag.al\/wp-content\/uploads\/2022\/04\/meta-syri.jpeg\" alt=\"\" width=\"500\" height=\"333\" srcset=\"https:\/\/www.hashtag.al\/wp-content\/uploads\/2022\/04\/meta-syri.jpeg 500w, https:\/\/www.hashtag.al\/wp-content\/uploads\/2022\/04\/meta-syri-300x200.jpeg 300w\" sizes=\"auto, (max-width: 500px) 100vw, 500px\" \/><\/span><\/p>\n<p style=\"text-align: justify;\"><span style=\"color: #000000;\">Presidenti Ilir Meta deklaroi n\u00eb emisionin \u2018\u00c7im Peka Live\u2019 se me afer\u00ebn e incenerator\u00ebve do merret personalisht vet\u00eb duke th\u00ebn\u00eb se drejt\u00ebsia \u00ebsht\u00eb peng i pushtetit.<\/span><\/p>\n<p style=\"text-align: justify;\"><span style=\"color: #000000;\">Meta theksoi se po pret reagimin e drejt\u00ebsis\u00eb p\u00ebr t\u00eb zbardhur \u00e7\u00ebshtjen.<\/span><\/p>\n<p style=\"text-align: justify;\"><span style=\"color: #000000;\">\u201c<em>Kemi nj\u00eb drejt\u00ebsi q\u00eb prej koh\u00ebsh ka r\u00ebn\u00eb n\u00eb gjunj\u00eb para shumic\u00ebs dhe presionit politik. Mjafton t\u00eb shohim afer\u00ebn e tmerrshme t\u00eb incenerator\u00ebve p\u00ebr t\u00eb kuptuar se ku ndodhet sot drejt\u00ebsia.<\/em><\/span><\/p>\n<p style=\"text-align: justify;\"><span style=\"color: #000000;\"><em>Do ket\u00eb nj\u00eb ridimensionim dhe p\u00ebrshkall\u00ebzim t\u00eb veprimit opozitar, p\u00ebr k\u00ebt\u00eb t\u00eb jeni t\u00eb sigurt dhe kjo \u00ebsht\u00eb shum\u00eb e r\u00ebnd\u00ebsishme, sepse duhet nj\u00eb vullnet i ri politik n\u00eb Shqip\u00ebri p\u00ebr ndryshime t\u00eb v\u00ebrteta.<\/em><\/span><\/p>\n<p style=\"text-align: justify;\"><span style=\"color: #000000;\"><em>P\u00ebr t\u00eb zgjuar pik\u00ebrisht qytetarin shqiptar dhe p\u00ebr t&#8217;i th\u00ebn\u00eb atij q\u00eb \u00ebsht\u00eb ai Zot i k\u00ebtij vendi. Drejt\u00ebsia \u00ebsht\u00eb n\u00eb gjunj\u00eb para pushtetit. Ose do t\u00eb ngrihet, ose n\u00eb rr\u00ebnojat e saj do ngrihet nj\u00eb drejt\u00ebsi e re.<\/em><\/span><\/p>\n<p style=\"text-align: justify;\"><span style=\"color: #000000;\"><em>Me \u00e7\u00ebshtjen e hetimit t\u00eb incenerator\u00ebve do merrem vet\u00eb. Pres reagim t\u00eb p\u00ebrgjegjsh\u00ebm nga drejt\u00ebsia, por n\u00ebse ky reagim vonon at\u00ebher\u00eb me k\u00ebt\u00eb zbardhjen e k\u00ebsaj \u00e7\u00ebshtje do merrem vet\u00eb. Do t\u00eb ftoj shoq\u00ebrin\u00eb civile p\u00ebr ta diskutuar, nuk mund t\u00eb tolerohet. \u00c7far\u00eb ka b\u00ebr\u00eb m\u00eb shum\u00eb mafia n\u00eb Itali q\u00eb merrej me plehrat. Pres q\u00eb t\u00eb reagoj\u00eb shoq\u00ebria civile, patjet\u00ebr q\u00eb do t\u00eb merrem vet\u00eb, kur t\u00eb bjer\u00eb shteti. Incenerator\u00ebt \u00ebsht\u00eb p\u00ebrgjegj\u00ebsi e qeveris\u00eb, e kryeministrit, e ministrave. Tani do t\u00eb na paraqes\u00eb dy-tre raste me regji qendrore\u201d,<\/em>tha Meta.<\/span><\/p>\n","protected":false,"gt_translate_keys":[{"key":"rendered","format":"html"}]},"excerpt":{"rendered":"<p>Presidenti Ilir Meta deklaroi n\u00eb emisionin \u2018\u00c7im Peka Live\u2019 se me afer\u00ebn e incenerator\u00ebve do merret personalisht vet\u00eb duke th\u00ebn\u00eb se drejt\u00ebsia \u00ebsht\u00eb peng i pushtetit. Meta theksoi se po pret reagimin e drejt\u00ebsis\u00eb p\u00ebr t\u00eb zbardhur \u00e7\u00ebshtjen. \u201cKemi nj\u00eb drejt\u00ebsi q\u00eb prej koh\u00ebsh ka r\u00ebn\u00eb n\u00eb gjunj\u00eb para shumic\u00ebs dhe presionit politik. Mjafton t\u00eb [&hellip;]<\/p>\n","protected":false,"gt_translate_keys":[{"key":"rendered","format":"html"}]},"author":32,"featured_media":516295,"comment_status":"closed","ping_status":"closed","sticky":false,"template":"","format":"standard","meta":{"footnotes":""},"categories":[65,13],"tags":[],"class_list":["post-516294","post","type-post","status-publish","format-standard","has-post-thumbnail","hentry","category-lajme","category-te-fundit"],"gt_translate_keys":[{"key":"link","format":"url"}],"_links":{"self":[{"href":"https:\/\/www.hashtag.al\/index.php\/wp-json\/wp\/v2\/posts\/516294","targetHints":{"allow":["GET"]}}],"collection":[{"href":"https:\/\/www.hashtag.al\/index.php\/wp-json\/wp\/v2\/posts"}],"about":[{"href":"https:\/\/www.hashtag.al\/index.php\/wp-json\/wp\/v2\/types\/post"}],"author":[{"embeddable":true,"href":"https:\/\/www.hashtag.al\/index.php\/wp-json\/wp\/v2\/users\/32"}],"replies":[{"embeddable":true,"href":"https:\/\/www.hashtag.al\/index.php\/wp-json\/wp\/v2\/comments?post=516294"}],"version-history":[{"count":0,"href":"https:\/\/www.hashtag.al\/index.php\/wp-json\/wp\/v2\/posts\/516294\/revisions"}],"wp:featuredmedia":[{"embeddable":true,"href":"https:\/\/www.hashtag.al\/index.php\/wp-json\/wp\/v2\/media\/516295"}],"wp:attachment":[{"href":"https:\/\/www.hashtag.al\/index.php\/wp-json\/wp\/v2\/media?parent=516294"}],"wp:term":[{"taxonomy":"category","embeddable":true,"href":"https:\/\/www.hashtag.al\/index.php\/wp-json\/wp\/v2\/categories?post=516294"},{"taxonomy":"post_tag","embeddable":true,"href":"https:\/\/www.hashtag.al\/index.php\/wp-json\/wp\/v2\/tags?post=516294"}],"curies":[{"name":"wp","href":"https:\/\/api.w.org\/{rel}","templated":true}]}}