{"id":516171,"date":"2022-04-07T14:19:37","date_gmt":"2022-04-07T12:19:37","guid":{"rendered":"https:\/\/www.hashtag.al\/?p=516171"},"modified":"2022-04-07T14:19:37","modified_gmt":"2022-04-07T12:19:37","slug":"rritja-e-cmimeve-e-con-besimin-e-konsumatoreve-ne-nivelin-me-negativ-qe-prej-fillimit-pandemise","status":"publish","type":"post","link":"https:\/\/www.hashtag.al\/index.php\/2022\/04\/07\/rritja-e-cmimeve-e-con-besimin-e-konsumatoreve-ne-nivelin-me-negativ-qe-prej-fillimit-pandemise\/","title":{"rendered":"Rritja e \u00e7mimeve e \u00e7on besimin e konsumator\u00ebve n\u00eb nivelin m\u00eb negativ q\u00eb prej fillimit pandemis\u00eb","gt_translate_keys":[{"key":"rendered","format":"text"}]},"content":{"rendered":"<p><span style=\"color: #000000;\"><a href=\"https:\/\/www.hashtag.al\/wp-content\/uploads\/2022\/04\/besimi-i-konsumatorve.jpg\"><img loading=\"lazy\" decoding=\"async\" class=\"aligncenter size-full wp-image-516172\" src=\"https:\/\/www.hashtag.al\/wp-content\/uploads\/2022\/04\/besimi-i-konsumatorve.jpg\" alt=\"\" width=\"1200\" height=\"700\" srcset=\"https:\/\/www.hashtag.al\/wp-content\/uploads\/2022\/04\/besimi-i-konsumatorve.jpg 1200w, https:\/\/www.hashtag.al\/wp-content\/uploads\/2022\/04\/besimi-i-konsumatorve-300x175.jpg 300w, https:\/\/www.hashtag.al\/wp-content\/uploads\/2022\/04\/besimi-i-konsumatorve-1024x597.jpg 1024w, https:\/\/www.hashtag.al\/wp-content\/uploads\/2022\/04\/besimi-i-konsumatorve-768x448.jpg 768w, https:\/\/www.hashtag.al\/wp-content\/uploads\/2022\/04\/besimi-i-konsumatorve-250x145.jpg 250w\" sizes=\"auto, (max-width: 1200px) 100vw, 1200px\" \/><\/a><\/span><\/p>\n<p><span style=\"color: #000000;\">Treguesi i besimit n\u00eb ekonomi sh\u00ebnoi r\u00ebnie p\u00ebr t\u00eb tretin muaj radhazi n\u00eb mars. Sipas vrojtimit periodik t\u00eb Bank\u00ebs s\u00eb Shqip\u00ebris\u00eb, Treguesi i Ndjesis\u00eb Ekonomike (TNE) ra m\u00eb tej me dy pik\u00eb p\u00ebrqindje.<\/span><\/p>\n<p><span style=\"color: #000000;\">Ashtu si\u00e7 pritej, ndikimin kryesor n\u00eb p\u00ebrkeq\u00ebsimin e besimit e dha rritja e \u00e7mimeve dhe pritshm\u00ebrit\u00eb p\u00ebr rritje t\u00eb m\u00ebtejshme t\u00eb tyre n\u00eb t\u00eb ardhmen.<\/span><\/p>\n<p><span style=\"color: #000000;\">R\u00ebnia u p\u00ebrcaktua nga p\u00ebrkeq\u00ebsimi i besimit konsumator dhe i besimit t\u00eb bizneseve n\u00eb sektorin e tregtis\u00eb, por r\u00ebnia u kufizua pjes\u00ebrisht nga p\u00ebrmir\u00ebsimi i besimit t\u00eb bizneseve n\u00eb sektor\u00ebt e industris\u00eb, sh\u00ebrbimeve dhe nd\u00ebrtimit. T\u00eb gjith\u00eb sektor\u00ebt e biznesit raportuan pritje p\u00ebr rritje t\u00eb \u00e7mimeve t\u00eb tyre t\u00eb shitjes n\u00eb t\u00eb ardhmen e af\u00ebrt.<\/span><\/p>\n<p><span style=\"color: #000000;\">Treguesi i besimit konsumator sh\u00ebnoi nj\u00eb r\u00ebnie prej 6.7 pik\u00eb p\u00ebrqindjeje n\u00eb muajin mars. Kjo r\u00ebnie ka b\u00ebr\u00eb treguesi t\u00eb arrij\u00eb nivelin e dyt\u00eb m\u00eb t\u00eb ul\u00ebt historik pas minimumit q\u00eb sh\u00ebnoi n\u00eb fillimet e pandemis\u00eb. Ajo u ndikua sidomos nga pritjet p\u00ebr situat\u00ebn ekonomike dhe situat\u00ebn financiare. R\u00ebnie sh\u00ebnoi edhe treguesi p\u00ebr blerjet aktuale, nd\u00ebrsa balanca e pritjeve p\u00ebr blerjet gjat\u00eb muajve t\u00eb ardhsh\u00ebm mbeti pothuajse e pandryshuar. Situata inflacioniste ka b\u00ebr\u00eb q\u00eb pritjet e konsumator\u00ebve p\u00ebr \u00e7mimet e konsumit n\u00eb t\u00eb ardhmen t\u00eb sh\u00ebnojn\u00eb rritje.<\/span><\/p>\n<p><span style=\"color: #000000;\">Treguesi i besimit n\u00eb tregti ra me 1.5 pik\u00eb p\u00ebrqindje n\u00eb muajin mars. Kjo r\u00ebnie ka p\u00ebrforcuar at\u00eb t\u00eb nisur n\u00eb muajin shkurt. N\u00eb terma t\u00eb komponent\u00ebve, r\u00ebnia \u00ebsht\u00eb p\u00ebrcaktuar nga komponenti i ecuris\u00eb aktuale t\u00eb biznesit, nd\u00ebrsa balanca e pritjeve p\u00ebr nivelin e pun\u00ebsimit ka mbetur pothuajse e pandryshuar. Pritjet p\u00ebr \u00e7mimet q\u00eb do t\u00eb vendosin n\u00eb t\u00eb ardhmen jan\u00eb vler\u00ebsuar me rritje nga bizneset e tregtis\u00eb.<\/span><\/p>\n<p><span style=\"color: #000000;\">Treguesi i besimit n\u00eb sh\u00ebrbime u rrit me 0.7 pik\u00eb p\u00ebrqindje krahasuar me muajin e kaluar. Kjo rritje vjen pas trendit r\u00ebn\u00ebs q\u00eb treguesi kishte sh\u00ebnuar n\u00eb dy muajt e par\u00eb t\u00eb vitit 2022. Ajo u ndikua si nga komponenti i ecuris\u00eb aktuale t\u00eb biznesit ashtu edhe nga ai i k\u00ebrkes\u00ebs, por ky i fundit sh\u00ebnoi nj\u00eb rritje m\u00eb t\u00eb lart\u00eb. Pritjet e bizneseve t\u00eb sh\u00ebrbimeve p\u00ebr nivelin e \u00e7mimeve q\u00eb do t\u00eb vendosin n\u00eb t\u00eb ardhmen jan\u00eb n\u00eb rritje edhe k\u00ebt\u00eb muaj.<\/span><\/p>\n<p><span style=\"color: #000000;\">Treguesi i besimit t\u00eb industris\u00eb sh\u00ebnoi rritje prej 2.2 pik\u00eb p\u00ebrqindjeje krahasuar me muajin e kaluar. Kjo rritje i atribuohet ecuris\u00eb pozitive t\u00eb kontratave porosit\u00ebse n\u00eb total. Nga ana tjet\u00ebr, balancat p\u00ebr prodhimin dhe kontratat porosit\u00ebse nga eksportet p\u00ebsuan r\u00ebnie t\u00eb lehta. Pritjet e bizneseve t\u00eb industris\u00eb p\u00ebr \u00e7mimet e produkteve q\u00eb do t\u00eb prodhojn\u00eb kan\u00eb sh\u00ebnuar rritje.<\/span><\/p>\n<p><span style=\"color: #000000;\">Treguesi i besimit n\u00eb nd\u00ebrtim p\u00ebsoi nj\u00eb rritje t\u00eb leht\u00eb prej 0.5 pik\u00eb p\u00ebrqindjeje n\u00eb muajin mars, duke vijuar t\u00eb q\u00ebndroj\u00eb mbi mesataren e vet historike. Komponent\u00ebt e k\u00ebtij treguesi dhan\u00eb kontribute n\u00eb kahe t\u00eb kund\u00ebrta. Nga nj\u00ebra an\u00eb, balanca e aktivitetit nd\u00ebrtues u p\u00ebrmir\u00ebsua, nd\u00ebrsa nga ana tjet\u00ebr, balanca e porosive aktuale p\u00ebsoi r\u00ebnie. Pritjet p\u00ebr \u00e7mimet q\u00eb bizneset e nd\u00ebrtimit do t\u00eb vendosin n\u00eb t\u00eb ardhmen u rrit\u00ebn n\u00eb muajin mars.<\/span><\/p>\n<p>&nbsp;<\/p>\n<p><strong><span style=\"color: #000000;\"><span style=\"color: #ff0000;\">VINI RE:<\/span> Ky artikull \u00ebsht\u00eb pron\u00eb intelektuale e <span style=\"color: #0000ff;\"><a style=\"color: #0000ff;\" href=\"https:\/\/www.monitor.al\/rritja-e-cmimeve-e-con-besimin-e-konsumatoreve-ne-nivelin-me-negativ-qe-prej-fillimit-pandemise\/\">Monitor.al<\/a><\/span><\/span><\/strong><\/p>\n<p><a href=\"https:\/\/www.hashtag.al\/wp-content\/uploads\/2022\/04\/graf1.jpg\"><img loading=\"lazy\" decoding=\"async\" class=\"aligncenter size-full wp-image-516174\" src=\"https:\/\/www.hashtag.al\/wp-content\/uploads\/2022\/04\/graf1.jpg\" alt=\"\" width=\"726\" height=\"536\" srcset=\"https:\/\/www.hashtag.al\/wp-content\/uploads\/2022\/04\/graf1.jpg 726w, https:\/\/www.hashtag.al\/wp-content\/uploads\/2022\/04\/graf1-300x221.jpg 300w\" sizes=\"auto, (max-width: 726px) 100vw, 726px\" \/><\/a><a href=\"https:\/\/www.hashtag.al\/wp-content\/uploads\/2022\/04\/graf2.jpg\"><img loading=\"lazy\" decoding=\"async\" class=\"aligncenter size-full wp-image-516175\" src=\"https:\/\/www.hashtag.al\/wp-content\/uploads\/2022\/04\/graf2.jpg\" alt=\"\" width=\"724\" height=\"517\" srcset=\"https:\/\/www.hashtag.al\/wp-content\/uploads\/2022\/04\/graf2.jpg 724w, https:\/\/www.hashtag.al\/wp-content\/uploads\/2022\/04\/graf2-300x214.jpg 300w, https:\/\/www.hashtag.al\/wp-content\/uploads\/2022\/04\/graf2-700x500.jpg 700w\" sizes=\"auto, (max-width: 724px) 100vw, 724px\" \/><\/a><a href=\"https:\/\/www.hashtag.al\/wp-content\/uploads\/2022\/04\/g3.jpg\"><img loading=\"lazy\" decoding=\"async\" class=\"aligncenter size-full wp-image-516173\" src=\"https:\/\/www.hashtag.al\/wp-content\/uploads\/2022\/04\/g3.jpg\" alt=\"\" width=\"896\" height=\"746\" srcset=\"https:\/\/www.hashtag.al\/wp-content\/uploads\/2022\/04\/g3.jpg 896w, https:\/\/www.hashtag.al\/wp-content\/uploads\/2022\/04\/g3-300x250.jpg 300w, https:\/\/www.hashtag.al\/wp-content\/uploads\/2022\/04\/g3-768x639.jpg 768w\" sizes=\"auto, (max-width: 896px) 100vw, 896px\" \/><\/a><\/p>\n","protected":false,"gt_translate_keys":[{"key":"rendered","format":"html"}]},"excerpt":{"rendered":"<p>Treguesi i besimit n\u00eb ekonomi sh\u00ebnoi r\u00ebnie p\u00ebr t\u00eb tretin muaj radhazi n\u00eb mars. Sipas vrojtimit periodik t\u00eb Bank\u00ebs s\u00eb Shqip\u00ebris\u00eb, Treguesi i Ndjesis\u00eb Ekonomike (TNE) ra m\u00eb tej me dy pik\u00eb p\u00ebrqindje. Ashtu si\u00e7 pritej, ndikimin kryesor n\u00eb p\u00ebrkeq\u00ebsimin e besimit e dha rritja e \u00e7mimeve dhe pritshm\u00ebrit\u00eb p\u00ebr rritje t\u00eb m\u00ebtejshme t\u00eb tyre [&hellip;]<\/p>\n","protected":false,"gt_translate_keys":[{"key":"rendered","format":"html"}]},"author":30,"featured_media":516172,"comment_status":"closed","ping_status":"closed","sticky":false,"template":"","format":"standard","meta":{"footnotes":""},"categories":[65,13],"tags":[],"class_list":["post-516171","post","type-post","status-publish","format-standard","has-post-thumbnail","hentry","category-lajme","category-te-fundit"],"gt_translate_keys":[{"key":"link","format":"url"}],"_links":{"self":[{"href":"https:\/\/www.hashtag.al\/index.php\/wp-json\/wp\/v2\/posts\/516171","targetHints":{"allow":["GET"]}}],"collection":[{"href":"https:\/\/www.hashtag.al\/index.php\/wp-json\/wp\/v2\/posts"}],"about":[{"href":"https:\/\/www.hashtag.al\/index.php\/wp-json\/wp\/v2\/types\/post"}],"author":[{"embeddable":true,"href":"https:\/\/www.hashtag.al\/index.php\/wp-json\/wp\/v2\/users\/30"}],"replies":[{"embeddable":true,"href":"https:\/\/www.hashtag.al\/index.php\/wp-json\/wp\/v2\/comments?post=516171"}],"version-history":[{"count":0,"href":"https:\/\/www.hashtag.al\/index.php\/wp-json\/wp\/v2\/posts\/516171\/revisions"}],"wp:featuredmedia":[{"embeddable":true,"href":"https:\/\/www.hashtag.al\/index.php\/wp-json\/wp\/v2\/media\/516172"}],"wp:attachment":[{"href":"https:\/\/www.hashtag.al\/index.php\/wp-json\/wp\/v2\/media?parent=516171"}],"wp:term":[{"taxonomy":"category","embeddable":true,"href":"https:\/\/www.hashtag.al\/index.php\/wp-json\/wp\/v2\/categories?post=516171"},{"taxonomy":"post_tag","embeddable":true,"href":"https:\/\/www.hashtag.al\/index.php\/wp-json\/wp\/v2\/tags?post=516171"}],"curies":[{"name":"wp","href":"https:\/\/api.w.org\/{rel}","templated":true}]}}