{"id":515954,"date":"2022-04-06T15:43:35","date_gmt":"2022-04-06T13:43:35","guid":{"rendered":"https:\/\/www.hashtag.al\/?p=515954"},"modified":"2022-04-06T17:04:41","modified_gmt":"2022-04-06T15:04:41","slug":"nga-ceshtjet-e-pd-se-negociatat-per-presidentin-dhe-perplasja-me-kim-deklaratat-e-berishes-pas-mbledhjes-se-komisionit-te-rithemelimit","status":"publish","type":"post","link":"https:\/\/www.hashtag.al\/index.php\/2022\/04\/06\/nga-ceshtjet-e-pd-se-negociatat-per-presidentin-dhe-perplasja-me-kim-deklaratat-e-berishes-pas-mbledhjes-se-komisionit-te-rithemelimit\/","title":{"rendered":"&#8220;Nga \u00e7\u00ebshtjet e PD-s\u00eb, negociatat p\u00ebr presidentin dhe p\u00ebrplasja me Kim&#8221; &#8211; Deklaratat e Berish\u00ebs pas mbledhjes s\u00eb Komisionit t\u00eb Rithemelimit","gt_translate_keys":[{"key":"rendered","format":"text"}]},"content":{"rendered":"<p><span style=\"color: #000000;\"><a href=\"https:\/\/www.hashtag.al\/wp-content\/uploads\/2022\/04\/sali-berisha.jpg\"><img loading=\"lazy\" decoding=\"async\" class=\"aligncenter size-full wp-image-515978\" src=\"https:\/\/www.hashtag.al\/wp-content\/uploads\/2022\/04\/sali-berisha.jpg\" alt=\"\" width=\"900\" height=\"683\" srcset=\"https:\/\/www.hashtag.al\/wp-content\/uploads\/2022\/04\/sali-berisha.jpg 900w, https:\/\/www.hashtag.al\/wp-content\/uploads\/2022\/04\/sali-berisha-300x228.jpg 300w, https:\/\/www.hashtag.al\/wp-content\/uploads\/2022\/04\/sali-berisha-768x583.jpg 768w\" sizes=\"auto, (max-width: 900px) 100vw, 900px\" \/><\/a><\/span><\/p>\n<p><span style=\"color: #000000;\">Ka p\u00ebrfunduar mbledhja e Komisionit t\u00eb Rithemelimit n\u00eb selin\u00eb e Partis\u00eb Demokratike.<\/span><\/p>\n<p><span style=\"color: #000000;\">Pas mbledhjes ish-kryeministri Sali Berisha ka dal\u00eb n\u00eb nj\u00eb deklarat\u00eb p\u00ebr mediet ku ka b\u00ebr\u00eb me dije \u00e7\u00ebshtjet p\u00ebr t\u00eb cilat kan\u00eb diskutuar. Ai foli gjithashtu p\u00ebr p\u00ebrplasjen e tij me ambasadoren amerikane Yuri Kim, zgjedhjet p\u00ebr kryetarin e ri t\u00eb PD-s\u00eb, zgjedhjen e presidentit t\u00eb ri t\u00eb Republik\u00ebs.<\/span><\/p>\n<p><span style=\"color: #000000;\"><strong>\u00c7\u00ebshtjet q\u00eb u diskutuan n\u00eb mbledhje<\/strong><\/span><\/p>\n<p><span style=\"color: #000000;\">Berisha tha se n\u00eb mbledhje diskutuan p\u00ebr \u00e7\u00ebshtje t\u00eb brendshme n\u00eb PD. Ai u tha gazetar\u00ebve se kan\u00eb marr\u00eb listat e zgjedhjeve t\u00eb kaluara dhe do i d\u00ebrgohen kryesis\u00eb.<\/span><\/p>\n<p><span style=\"color: #000000;\"><em>&#8220;U diskutua gjer\u00ebsisht p\u00ebr listat me t\u00eb cilat do votohet gjat\u00eb k\u00ebtyre jav\u00ebve p\u00ebr Kryesit\u00eb, p\u00ebr kryetar\u00ebt dhe tani disponohen lista t\u00eb vitit 2019, t\u00eb qershorit t\u00eb vitit 2021 dhe t\u00eb referendumit t\u00eb 18 Dhjetorit 2022.<\/em><\/span><\/p>\n<p><span style=\"color: #000000;\"><em>Lista do d\u00ebrgohet Kryesive t\u00eb PD-s\u00eb t\u00eb cilat do jen\u00eb ato q\u00eb do japin p\u00ebrfundimtare.<\/em><\/span><\/p>\n<p><span style=\"color: #000000;\"><em>Kam besim t\u00eb plot\u00eb se ekziston vendosm\u00ebria p\u00ebr t\u00eb b\u00ebr\u00eb gjith\u00e7ka q\u00eb \u00e7do an\u00ebtar i PD-s\u00eb t\u00eb votoj\u00eb, t\u00eb shpreh\u00eb vullnetin e tij p\u00ebr kryetarin e deg\u00ebs, grupseksionit dhe k\u00ebshtu me radh\u00eb.<\/em><\/span><\/p>\n<p><span style=\"color: #000000;\"><em>N\u00eb mbledhje u diskutuan probleme t\u00eb tjera dhe me k\u00ebt\u00eb rast dua t\u00eb garantoj \u00e7do an\u00ebtar t\u00eb PD-s\u00eb se formulari i shp\u00ebrndar\u00eb nuk ka asnj\u00eb q\u00ebllim tjet\u00ebr p\u00ebrve\u00e7 pajisjes me dokumente t\u00eb PD-s\u00eb dhe jo p\u00ebr q\u00ebllime votimi.<\/em><\/span><\/p>\n<p><span style=\"color: #000000;\"><em>K\u00ebtu duhet t\u00eb jemi shum\u00eb t\u00eb qart\u00eb. U ra dakord q\u00eb \u00e7do proces odit, ku nj\u00eb an\u00ebtar ka objeksion t\u2019i n\u00ebnshtrohet procesit t\u00eb p\u00ebrbashk\u00ebt, p\u00ebrputhshm\u00ebris\u00eb s\u00eb tij me statutin.<\/em><\/span><\/p>\n<p><span style=\"color: #000000;\"><em>N\u00eb k\u00ebt\u00eb diskutim t\u00eb zgjeruar, diskutuam p\u00ebr zgjerimin e spektrit t\u00eb organizatave t\u00eb bashk\u00ebpunimit me organizata t\u00eb tjera p\u00ebrve\u00e7 organizatat partnere dhe ky bashk\u00ebpunim do jet\u00eb lokal dhe qendror. Pra PD do hapet.<\/em><\/span><\/p>\n<p><span style=\"color: #000000;\"><em>U diskutua dhe u ngrit grup pune p\u00ebr t\u00eb hartuar udh\u00ebzuesit e ngritjes s\u00eb deg\u00ebve t\u00eb PD-s\u00eb n\u00eb emigracion dhe diaspor\u00eb. Pra ishte si\u00e7 e shikoni nj\u00eb mbledhje kryek\u00ebput kushtuar problemeve organizative t\u00eb PD-s\u00eb.&#8221;-<\/em> tha Berisha.<\/span><\/p>\n<p><span style=\"color: #000000;\"><strong>&#8220;As guvernatorja, as Zeusi s\u2019e caktojn\u00eb dot kryetarin e PD-s\u00eb&#8221;<\/strong><\/span><\/p>\n<p class=\"selectionShareable\"><span style=\"color: #000000;\">Berisha i \u00ebsht\u00eb p\u00ebrgjigjur edhe nj\u00ebher\u00eb ambasadores Kim se ajo nuk ka tag\u00ebr n\u00eb nd\u00ebrhyj\u00eb n\u00eb pun\u00ebt e brendshme t\u00eb PD-s\u00eb apo zgjedhin kryetarin e saj.<\/span><\/p>\n<p class=\"selectionShareable\"><span style=\"color: #000000;\"><em>\u201cKryetari i PD-s\u00eb u shkarkua n\u00eb dat\u00ebn 11 dhjetor me 4446 votat e delegat\u00ebve dhe 44 mij\u00eb votat e an\u00ebtar\u00ebve t\u00eb saj n\u00eb 18 dhjetor. P\u00ebrve\u00e7 an\u00ebtar\u00ebve t\u00eb PD-s\u00eb me vot\u00ebn e lir\u00eb, asnjeri cilidoqoft\u00eb ai, as guvernatorja as Zeusi Rama nuk kan\u00eb tag\u00ebr p\u00ebr t\u00eb em\u00ebruar kreun e PD-s\u00eb.<\/em><\/span><\/p>\n<p class=\"selectionShareable\"><span style=\"color: #000000;\"><em>Nj\u00eb p\u00ebrpjekje e d\u00ebshtuar p\u00ebr t\u00eb nd\u00ebrhyr\u00eb n\u00eb shkelje flagrante t\u00eb Konvent\u00ebs s\u00eb Vjen\u00ebs. Kam patur rastin t\u00eb d\u00ebrgoj dhe mesazhin e p\u00ebrs\u00ebris p\u00ebrs\u00ebri k\u00ebtu, se as kryetarin e as Kryesin\u00eb nuk do mund ta p\u00ebrcaktoj\u00eb dot kush p\u00ebr k\u00ebt\u00eb parti, ve\u00e7 an\u00ebtar\u00ebsia e saj.<\/em><\/span><\/p>\n<p class=\"selectionShareable\"><span style=\"color: #000000;\"><em>Ai (e ka fjal\u00ebn p\u00ebr Alibeajn) \u00ebsht\u00eb kryetar i grupit parlamentar. K\u00ebrkesa e vetme \u00ebsht\u00eb kjo, q\u00eb vendimet e grupit t\u00eb merren nga kryesia e grupit parlamentar dhe n\u00eb raste t\u00eb caktuara Komisioni i Rithemelimit mund t\u00eb nd\u00ebrhyj\u00eb por vija politike \u00ebsht\u00eb e qart\u00eb.\u201d<\/em>\u2013 tha Berisha.<\/span><\/p>\n<p><span style=\"color: #000000;\"><strong><a href=\"https:\/\/www.hashtag.al\/wp-content\/uploads\/2022\/04\/sb-1.jpg\"><img loading=\"lazy\" decoding=\"async\" class=\"aligncenter size-full wp-image-515979\" src=\"https:\/\/www.hashtag.al\/wp-content\/uploads\/2022\/04\/sb-1.jpg\" alt=\"\" width=\"900\" height=\"724\" srcset=\"https:\/\/www.hashtag.al\/wp-content\/uploads\/2022\/04\/sb-1.jpg 900w, https:\/\/www.hashtag.al\/wp-content\/uploads\/2022\/04\/sb-1-300x241.jpg 300w, https:\/\/www.hashtag.al\/wp-content\/uploads\/2022\/04\/sb-1-768x618.jpg 768w, https:\/\/www.hashtag.al\/wp-content\/uploads\/2022\/04\/sb-1-250x200.jpg 250w, https:\/\/www.hashtag.al\/wp-content\/uploads\/2022\/04\/sb-1-760x610.jpg 760w, https:\/\/www.hashtag.al\/wp-content\/uploads\/2022\/04\/sb-1-555x445.jpg 555w, https:\/\/www.hashtag.al\/wp-content\/uploads\/2022\/04\/sb-1-614x493.jpg 614w\" sizes=\"auto, (max-width: 900px) 100vw, 900px\" \/><\/a><\/strong><\/span><\/p>\n<p><span style=\"color: #000000;\"><strong>Kush ishte negociatoi i Kim-it q\u00eb i shkroi n\u00eb zyr\u00eb?<\/strong><\/span><\/p>\n<p class=\"selectionShareable\"><span style=\"color: #000000;\">Ai u pyet edhe se cili \u00ebsht\u00eb \u201cnegociatori\u201d i ambasadores Kim q\u00eb i shkoi atij n\u00eb zyr\u00eb, por Berisha refuzoi ta b\u00ebnte me dije.<\/span><\/p>\n<p class=\"selectionShareable\"><span style=\"color: #000000;\"><em>\u201cNj\u00eb i d\u00ebrguar privat \u00ebsht\u00eb privat dhe un\u00eb s\u2019mund ta b\u00ebj publike por ia kam b\u00ebr\u00eb t\u00eb qart\u00eb se s\u2019mund t\u00eb pranoj kurr\u00eb nd\u00ebrhyrje p\u00ebr \u00e7\u00ebshtjet e kryetarit dhe asnj\u00eb \u00e7\u00ebshtje tjet\u00ebr t\u00eb brendshme n\u00eb PD. E kam b\u00ebr\u00eb t\u00eb qart\u00eb se nuk pranoj nd\u00ebrhyrje nga kurrkush.<\/em>\u201d-theksoi Berisha.<\/span><\/p>\n<p><span style=\"color: #000000;\"><strong>Komenti p\u00ebr ambasadoren Kim<\/strong><\/span><\/p>\n<p class=\"selectionShareable\"><span style=\"color: #000000;\">Gazetar\u00ebt u ndal\u00ebn tek deklarata e djeshme Kim, q\u00eb shkruante se kishte takuar Enkelejd Alibeajn si \u201ckryetar i PD-s\u00eb\u201d, por Berisha tha se ky ishte vet\u00ebm nj\u00eb d\u00ebshtim i paralajm\u00ebruar i saj. \u00a0<\/span><\/p>\n<p class=\"selectionShareable\"><span style=\"color: #000000;\">Berisha e ka akuzuar ambasadoren Kim se ka l\u00ebn\u00eb m\u00ebnjan\u00eb detyr\u00ebn duke nd\u00ebrhyr\u00eb n\u00eb \u00e7\u00ebshtjet e brendshme t\u00eb nj\u00eb force politike.<\/span><\/p>\n<p class=\"selectionShareable\"><span style=\"color: #000000;\"><em>\u201cIshte nj\u00eb d\u00ebshtim i paralajm\u00ebruar. Si\u00e7 e dini, Guvernatorja Kim ka l\u00ebn\u00eb m\u00ebnjan\u00eb rolin e ambasadores q\u00eb n\u00eb p\u00ebrputhje me Konvent\u00ebn e Vjen\u00ebs nuk ka asnj\u00eb tag\u00ebr t\u00eb hyj\u00eb n\u00eb jet\u00ebn e brendshme t\u00eb nj\u00eb force politike.<\/em><\/span><\/p>\n<p class=\"selectionShareable\"><span style=\"color: #000000;\"><em>Shpreh k\u00ebnaq\u00ebsin\u00eb e madhe se \u00e7do shqiptar e sheh dhe e ka t\u00eb qart\u00eb se \u00e7far\u00eb p\u00ebrpjekjesh, imagjinoni n\u00eb \u00e7far\u00eb gjendje ka qen\u00eb PD-ja, sikur t\u00eb ishte seksioni i nj\u00eb ambasade, i nj\u00eb guvernatoreje, s\u2019dua ta p\u00ebrdor termin ambasad\u00eb, ambasadat jan\u00eb t\u00eb respektuara.<\/em><\/span><\/p>\n<p class=\"selectionShareable\"><span style=\"color: #000000;\"><em>Zonja n\u00eb fjal\u00eb shkel \u00e7do rregull. Preferon p\u00ebr shkaqe t\u00eb terrenit q\u00eb ka gjetur te Edi Rama dhe Lulzim Basha q\u00eb t\u00eb b\u00ebj\u00eb at\u00eb rol q\u00eb i ka caktuar vetes.\u201d<\/em>\u00a0\u2013\u00a0tha Berisha gjat\u00eb deklarat\u00ebs p\u00ebr mediat.<\/span><\/p>\n<p class=\"selectionShareable\"><strong><span style=\"color: #000000;\">Zgjedhja e Presidentit<\/span><\/strong><\/p>\n<p class=\"selectionShareable\"><span style=\"color: #000000;\">Berisha foli edhe lidhur me \u00e7\u00ebshtjen e zgjedhjes s\u00eb presidentit t\u00eb ri. Ai theksoi se Partia Demokratike nuk do t\u00eb pranoj\u00eb asnj\u00eb propozim q\u00eb mund t\u00eb vij\u00eb nga kryeministri Edi Rama.<\/span><\/p>\n<p class=\"selectionShareable\"><span style=\"color: #000000;\"><em>\u201cSe \u00e7far\u00eb q\u00ebndrimi do t\u00eb mbajm\u00eb do t\u00eb p\u00ebrcaktohet nga K\u00ebshilli Komb\u00ebtar i PD i cili do t\u00eb zgjidh\u00ebt nga Kuvendi i 30 prillit. N\u00ebse do t\u00eb propozoj\u00eb opozita p\u00ebr presidentin e ri dhe se cili do t\u00eb jet\u00eb q\u00ebndrimi do merret vendimi nga\u00a0 organet m\u00eb t\u00eb larta.<\/em><\/span><span style=\"color: #000000;\"><em>\u00a0PD si opozit\u00eb e v\u00ebrtet\u00eb nuk pranon asnj\u00eb propozim t\u00eb Edi Ram\u00ebs. N\u00eb se Rama vendos q\u00eb presidentin ta propozoj\u00eb PD ose opozita at\u00ebher\u00eb do t\u00eb nisim konsultimet me institucionet e PD-s\u00eb.\u201d-<\/em>\u00a0tha Berisha.<\/span><\/p>\n<p><span style=\"color: #000000;\"><strong>&#8220;Do e votonit Bash\u00ebn president?&#8221;<\/strong><\/span><\/p>\n<p class=\"selectionShareable\"><span style=\"color: #000000;\">Ish-kryeministri u pyet nga gazetar\u00ebt n\u00ebse do e votonte Lulzim Bash\u00ebn si president.<\/span><\/p>\n<p class=\"selectionShareable\"><span style=\"color: #000000;\">Por ai nisi t\u00eb qesh\u00eb dhe u p\u00ebrgjigj: \u201c<em>A ka mund\u00ebsi t\u00eb mos b\u00ebni shaka?! L\u00ebreni se ai e p\u00ebrg\u00ebnjeshtroi k\u00ebt\u00eb gj\u00eb. Mos t\u00eb merremi me gj\u00ebra t\u00eb tilla.\u201d\/<strong>Hashtag.al<\/strong><\/em><\/span><\/p>\n","protected":false,"gt_translate_keys":[{"key":"rendered","format":"html"}]},"excerpt":{"rendered":"<p>Ka p\u00ebrfunduar mbledhja e Komisionit t\u00eb Rithemelimit n\u00eb selin\u00eb e Partis\u00eb Demokratike. Pas mbledhjes ish-kryeministri Sali Berisha ka dal\u00eb n\u00eb nj\u00eb deklarat\u00eb p\u00ebr mediet ku ka b\u00ebr\u00eb me dije \u00e7\u00ebshtjet p\u00ebr t\u00eb cilat kan\u00eb diskutuar. Ai foli gjithashtu p\u00ebr p\u00ebrplasjen e tij me ambasadoren amerikane Yuri Kim, zgjedhjet p\u00ebr kryetarin e ri t\u00eb PD-s\u00eb, zgjedhjen [&hellip;]<\/p>\n","protected":false,"gt_translate_keys":[{"key":"rendered","format":"html"}]},"author":30,"featured_media":515979,"comment_status":"closed","ping_status":"closed","sticky":false,"template":"","format":"standard","meta":{"footnotes":""},"categories":[22,65,13],"tags":[],"class_list":["post-515954","post","type-post","status-publish","format-standard","has-post-thumbnail","hentry","category-ballina","category-lajme","category-te-fundit"],"gt_translate_keys":[{"key":"link","format":"url"}],"_links":{"self":[{"href":"https:\/\/www.hashtag.al\/index.php\/wp-json\/wp\/v2\/posts\/515954","targetHints":{"allow":["GET"]}}],"collection":[{"href":"https:\/\/www.hashtag.al\/index.php\/wp-json\/wp\/v2\/posts"}],"about":[{"href":"https:\/\/www.hashtag.al\/index.php\/wp-json\/wp\/v2\/types\/post"}],"author":[{"embeddable":true,"href":"https:\/\/www.hashtag.al\/index.php\/wp-json\/wp\/v2\/users\/30"}],"replies":[{"embeddable":true,"href":"https:\/\/www.hashtag.al\/index.php\/wp-json\/wp\/v2\/comments?post=515954"}],"version-history":[{"count":0,"href":"https:\/\/www.hashtag.al\/index.php\/wp-json\/wp\/v2\/posts\/515954\/revisions"}],"wp:featuredmedia":[{"embeddable":true,"href":"https:\/\/www.hashtag.al\/index.php\/wp-json\/wp\/v2\/media\/515979"}],"wp:attachment":[{"href":"https:\/\/www.hashtag.al\/index.php\/wp-json\/wp\/v2\/media?parent=515954"}],"wp:term":[{"taxonomy":"category","embeddable":true,"href":"https:\/\/www.hashtag.al\/index.php\/wp-json\/wp\/v2\/categories?post=515954"},{"taxonomy":"post_tag","embeddable":true,"href":"https:\/\/www.hashtag.al\/index.php\/wp-json\/wp\/v2\/tags?post=515954"}],"curies":[{"name":"wp","href":"https:\/\/api.w.org\/{rel}","templated":true}]}}