{"id":515695,"date":"2022-04-05T14:39:53","date_gmt":"2022-04-05T12:39:53","guid":{"rendered":"https:\/\/www.hashtag.al\/?p=515695"},"modified":"2022-04-05T14:39:53","modified_gmt":"2022-04-05T12:39:53","slug":"protestuesi-ne-moske-lidh-duart-si-viktimat-ne-bucha-fotot-virale","status":"publish","type":"post","link":"https:\/\/www.hashtag.al\/index.php\/2022\/04\/05\/protestuesi-ne-moske-lidh-duart-si-viktimat-ne-bucha-fotot-virale\/","title":{"rendered":"Protestuesi n\u00eb Mosk\u00eb lidh duart si viktimat n\u00eb Bucha (Fotot Virale)","gt_translate_keys":[{"key":"rendered","format":"text"}]},"content":{"rendered":"<p><span style=\"color: #000000;\"><a href=\"https:\/\/www.hashtag.al\/wp-content\/uploads\/2022\/04\/pr.jpg\"><img loading=\"lazy\" decoding=\"async\" class=\"aligncenter size-full wp-image-515696\" src=\"https:\/\/www.hashtag.al\/wp-content\/uploads\/2022\/04\/pr.jpg\" alt=\"\" width=\"1472\" height=\"828\" srcset=\"https:\/\/www.hashtag.al\/wp-content\/uploads\/2022\/04\/pr.jpg 1472w, https:\/\/www.hashtag.al\/wp-content\/uploads\/2022\/04\/pr-300x169.jpg 300w, https:\/\/www.hashtag.al\/wp-content\/uploads\/2022\/04\/pr-1024x576.jpg 1024w, https:\/\/www.hashtag.al\/wp-content\/uploads\/2022\/04\/pr-768x432.jpg 768w\" sizes=\"auto, (max-width: 1472px) 100vw, 1472px\" \/><\/a><\/span><\/p>\n<p><span style=\"color: #000000;\">Nj\u00eb protestues n\u00eb Mosk\u00eb \u00ebsht\u00eb fotografuar i shtrir\u00eb me fytyr\u00eb p\u00ebrtok\u00eb me duart e lidhura n\u00eb shenj\u00eb nderimi ndaj viktimave q\u00eb jan\u00eb gjetur n\u00eb qytetet af\u00ebr Kievit q\u00eb deri von\u00eb ishin pushtuar nga forcat ruse.<\/span><\/p>\n<p><span style=\"color: #000000;\">Imazhet trondit\u00ebse t\u00eb trupave n\u00eb rrug\u00ebt e qytetit Bucha, disa prej t\u00eb cil\u00ebve ishin me duar t\u00eb lidhura, kan\u00eb provokuar reagime t\u00eb forta kund\u00ebr Rusis\u00eb n\u00eb dit\u00ebt e fundit.<\/span><\/p>\n<p><span style=\"color: #000000;\">Fotot e protest\u00ebs jan\u00eb shp\u00ebrndar\u00eb nga faqja Holod.media, stafi i s\u00eb cil\u00ebs si\u00e7 shkruan <span style=\"color: #0000ff;\"><a style=\"color: #0000ff;\" href=\"https:\/\/www.bbc.com\/news\/live\/world-europe-60991746\">BBC<\/a> <\/span>\u00ebsht\u00eb larguar nga Rusia dhe shpesh \u00ebsht\u00eb v\u00ebn\u00eb n\u00eb sh\u00ebnjest\u00ebr nga autoritetet ruse. Por nuk jan\u00eb bllokuar ende.<\/span><\/p>\n<p><span style=\"color: #000000;\">Protestuesi \u00ebsht\u00eb fotografuar n\u00eb pjes\u00eb t\u00eb ndryshme t\u00eb kryeqytetit rus, duke p\u00ebrfshir\u00eb nj\u00eb ur\u00eb pran\u00eb katedrales s\u00eb qytetit, Krishti Shp\u00ebtimtar.<\/span><\/p>\n<p><span style=\"color: #000000;\">Edhe pse protestat n\u00eb Rusi jan\u00eb b\u00ebr\u00eb gjithnj\u00eb e m\u00eb t\u00eb kufizuara vitet e fundit, tubime t\u00eb shumta dhe demonstrata n\u00eb shkall\u00eb m\u00eb t\u00eb vog\u00ebl jan\u00eb mbajtur q\u00eb nga pushtimi i Ukrain\u00ebs nga Presidenti Putin.<\/span><\/p>\n<blockquote class=\"twitter-tweet\">\n<p dir=\"ltr\" lang=\"ru\">\u0410\u043a\u0446\u0438\u044f \u00ab\u0411\u0443\u0447\u0430-\u041c\u043e\u0441\u043a\u0432\u0430\u00bb<\/p>\n<p>1. \u0410\u043b\u0435\u043a\u0441\u0430\u043d\u0434\u0440\u043e\u0432\u0441\u043a\u0438\u0439 \u0441\u0430\u0434<br \/>\n2. \u041c\u043e\u0441\u0442 \u0443 \u0425\u0440\u0430\u043c\u0430 \u0425\u0440\u0438\u0441\u0442\u0430 \u0421\u043f\u0430\u0441\u0438\u0442\u0435\u043b\u044f<br \/>\n3. \u041d\u0438\u043a\u043e\u043b\u044c\u0441\u043a\u0430\u044f \u0443\u043b\u0438\u0446\u0430<br \/>\n4. \u0421\u0442\u0430\u0440\u044b\u0439 \u0410\u0440\u0431\u0430\u0442 <a href=\"https:\/\/t.co\/pfbtWvSMPi\">pic.twitter.com\/pfbtWvSMPi<\/a><\/p>\n<p>\u2014 \u0425\u043e\u043b\u043e\u0434 (@holodmedia) <a href=\"https:\/\/twitter.com\/holodmedia\/status\/1511096128082690053?ref_src=twsrc%5Etfw\">April 4, 2022<\/a><\/p><\/blockquote>\n<p><script async src=\"https:\/\/platform.twitter.com\/widgets.js\" charset=\"utf-8\"><\/script><\/p>\n","protected":false,"gt_translate_keys":[{"key":"rendered","format":"html"}]},"excerpt":{"rendered":"<p>Nj\u00eb protestues n\u00eb Mosk\u00eb \u00ebsht\u00eb fotografuar i shtrir\u00eb me fytyr\u00eb p\u00ebrtok\u00eb me duart e lidhura n\u00eb shenj\u00eb nderimi ndaj viktimave q\u00eb jan\u00eb gjetur n\u00eb qytetet af\u00ebr Kievit q\u00eb deri von\u00eb ishin pushtuar nga forcat ruse. Imazhet trondit\u00ebse t\u00eb trupave n\u00eb rrug\u00ebt e qytetit Bucha, disa prej t\u00eb cil\u00ebve ishin me duar t\u00eb lidhura, kan\u00eb provokuar [&hellip;]<\/p>\n","protected":false,"gt_translate_keys":[{"key":"rendered","format":"html"}]},"author":30,"featured_media":515696,"comment_status":"closed","ping_status":"closed","sticky":false,"template":"","format":"standard","meta":{"footnotes":""},"categories":[6,13],"tags":[],"class_list":["post-515695","post","type-post","status-publish","format-standard","has-post-thumbnail","hentry","category-nderkombetare","category-te-fundit"],"gt_translate_keys":[{"key":"link","format":"url"}],"_links":{"self":[{"href":"https:\/\/www.hashtag.al\/index.php\/wp-json\/wp\/v2\/posts\/515695","targetHints":{"allow":["GET"]}}],"collection":[{"href":"https:\/\/www.hashtag.al\/index.php\/wp-json\/wp\/v2\/posts"}],"about":[{"href":"https:\/\/www.hashtag.al\/index.php\/wp-json\/wp\/v2\/types\/post"}],"author":[{"embeddable":true,"href":"https:\/\/www.hashtag.al\/index.php\/wp-json\/wp\/v2\/users\/30"}],"replies":[{"embeddable":true,"href":"https:\/\/www.hashtag.al\/index.php\/wp-json\/wp\/v2\/comments?post=515695"}],"version-history":[{"count":0,"href":"https:\/\/www.hashtag.al\/index.php\/wp-json\/wp\/v2\/posts\/515695\/revisions"}],"wp:featuredmedia":[{"embeddable":true,"href":"https:\/\/www.hashtag.al\/index.php\/wp-json\/wp\/v2\/media\/515696"}],"wp:attachment":[{"href":"https:\/\/www.hashtag.al\/index.php\/wp-json\/wp\/v2\/media?parent=515695"}],"wp:term":[{"taxonomy":"category","embeddable":true,"href":"https:\/\/www.hashtag.al\/index.php\/wp-json\/wp\/v2\/categories?post=515695"},{"taxonomy":"post_tag","embeddable":true,"href":"https:\/\/www.hashtag.al\/index.php\/wp-json\/wp\/v2\/tags?post=515695"}],"curies":[{"name":"wp","href":"https:\/\/api.w.org\/{rel}","templated":true}]}}