{"id":515201,"date":"2022-04-02T21:04:29","date_gmt":"2022-04-02T19:04:29","guid":{"rendered":"https:\/\/www.hashtag.al\/?p=515201"},"modified":"2022-04-02T21:04:29","modified_gmt":"2022-04-02T19:04:29","slug":"balliu-pergjegjesi-personale-per-aferen-e-inceneratoreve-ne-ps-nuk-martohesh-dot-pa-lejen-e-rames","status":"publish","type":"post","link":"https:\/\/www.hashtag.al\/index.php\/2022\/04\/02\/balliu-pergjegjesi-personale-per-aferen-e-inceneratoreve-ne-ps-nuk-martohesh-dot-pa-lejen-e-rames\/","title":{"rendered":"Balliu: P\u00ebrgjegj\u00ebsi personale p\u00ebr afer\u00ebn e incenerator\u00ebve? N\u00eb PS nuk martohesh dot pa lejen e Ram\u00ebs","gt_translate_keys":[{"key":"rendered","format":"text"}]},"content":{"rendered":"<p><span style=\"color: #000000;\"><img loading=\"lazy\" decoding=\"async\" class=\"aligncenter size-full wp-image-515202\" src=\"https:\/\/www.hashtag.al\/wp-content\/uploads\/2022\/04\/WhatsApp-Image-2022-03-28-at-10.54.43-PM.jpeg\" alt=\"\" width=\"1280\" height=\"700\" srcset=\"https:\/\/www.hashtag.al\/wp-content\/uploads\/2022\/04\/WhatsApp-Image-2022-03-28-at-10.54.43-PM.jpeg 1280w, https:\/\/www.hashtag.al\/wp-content\/uploads\/2022\/04\/WhatsApp-Image-2022-03-28-at-10.54.43-PM-300x164.jpeg 300w, https:\/\/www.hashtag.al\/wp-content\/uploads\/2022\/04\/WhatsApp-Image-2022-03-28-at-10.54.43-PM-1024x560.jpeg 1024w, https:\/\/www.hashtag.al\/wp-content\/uploads\/2022\/04\/WhatsApp-Image-2022-03-28-at-10.54.43-PM-768x420.jpeg 768w\" sizes=\"auto, (max-width: 1280px) 100vw, 1280px\" \/><\/span><\/p>\n<p><span style=\"color: #000000;\">Ish-deputeti i PD-s\u00eb Balliu komentoi arrestimin e ish-deputetit t\u00eb PS-s\u00eb Alqi Bllako lidhur me hetimet e incenerator\u00ebve. <\/span><\/p>\n<p><span style=\"color: #000000;\">Ai tha mbr\u00ebmjen e sotme se n\u00eb n\u00eb PS nuk martohesh dot pa lejen e Ram\u00ebs dhe se p\u00ebrgjegj\u00ebsia kryesore p\u00ebr \u00e7\u00ebshtjen n\u00eb fjal\u00eb \u00ebsht\u00eb e kreut t\u00eb qeveris\u00eb.<\/span><\/p>\n<p><span style=\"color: #000000;\"><em>&#8220;Alqi Bllako \u00ebsht\u00eb nj\u00ebsoj si t\u00eb arrestosh nj\u00eb roje parkingu se u vodh banka ngjitur. Koncepti se Rama nuk di gj\u00eb se \u00ebsht\u00eb p\u00ebrgjegj\u00ebsi personale, n\u00eb PS nuk martohesh dot pa lejen e Edi Ram\u00ebs. Marrin lejen e Edi Ram\u00ebs, n\u00ebse \u00ebsht\u00eb dakord ai ecin p\u00ebrpara, jo m\u00eb t\u00eb vjedhin parat\u00eb pa lejen e Edi Ram\u00ebs. K\u00ebta nuk hyjn\u00eb dot n\u00eb zyr\u00eb pa marr\u00eb leje te ai, as nuk hyjn\u00eb dhe as nuk dalin dot pa marr\u00eb leje te Edi Rama. Edi Rama i thoshte nj\u00eb ministri t\u00eb vet \u2018pse ke dal\u00eb ti n\u00eb kafe me at\u00eb se ai \u00ebsht\u00eb kund\u00ebr nesh\u2019. I kishte b\u00ebr\u00eb video se kishte dal\u00eb n\u00eb kafe me dik\u00eb tjet\u00ebr. K\u00ebtij do t&#8217;i marrin parat\u00eb k\u00ebta? Ky nuk le asnj\u00eb grimc\u00eb n\u00eb PS t\u00eb l\u00ebviz\u00eb pa lejen e tij, jo m\u00eb parat\u00eb, ai \u00ebsht\u00eb i s\u00ebmur\u00eb me parat\u00eb. Ai shpiku gjith\u00eb &#8220;Air Albanian&#8221; vet\u00ebm p\u00ebr t\u00eb marr\u00eb nj\u00eb charter privat. Ai \u00ebsht\u00eb i s\u00ebmur\u00eb p\u00ebr parat\u00eb, i pangopur. Nuk ngopet kurr\u00eb. P\u00ebr sa koh\u00eb t\u00eb jet\u00eb Rama aty do t\u00eb ket\u00eb vjedhje. Taksat e qytetar\u00ebve rriten sepse krijohen gropa n\u00eb buxhetin e shtetit, krijohen gropa nga vjedhjet q\u00eb b\u00ebn Edi Rama dhe ato gropa duhen mbushur me taksa.\u201d <\/em>&#8211; tha Balliu.<\/span><\/p>\n","protected":false,"gt_translate_keys":[{"key":"rendered","format":"html"}]},"excerpt":{"rendered":"<p>Ish-deputeti i PD-s\u00eb Balliu komentoi arrestimin e ish-deputetit t\u00eb PS-s\u00eb Alqi Bllako lidhur me hetimet e incenerator\u00ebve. Ai tha mbr\u00ebmjen e sotme se n\u00eb n\u00eb PS nuk martohesh dot pa lejen e Ram\u00ebs dhe se p\u00ebrgjegj\u00ebsia kryesore p\u00ebr \u00e7\u00ebshtjen n\u00eb fjal\u00eb \u00ebsht\u00eb e kreut t\u00eb qeveris\u00eb. &#8220;Alqi Bllako \u00ebsht\u00eb nj\u00ebsoj si t\u00eb arrestosh nj\u00eb roje [&hellip;]<\/p>\n","protected":false,"gt_translate_keys":[{"key":"rendered","format":"html"}]},"author":51,"featured_media":515202,"comment_status":"closed","ping_status":"closed","sticky":false,"template":"","format":"standard","meta":{"footnotes":""},"categories":[65,13],"tags":[],"class_list":["post-515201","post","type-post","status-publish","format-standard","has-post-thumbnail","hentry","category-lajme","category-te-fundit"],"gt_translate_keys":[{"key":"link","format":"url"}],"_links":{"self":[{"href":"https:\/\/www.hashtag.al\/index.php\/wp-json\/wp\/v2\/posts\/515201","targetHints":{"allow":["GET"]}}],"collection":[{"href":"https:\/\/www.hashtag.al\/index.php\/wp-json\/wp\/v2\/posts"}],"about":[{"href":"https:\/\/www.hashtag.al\/index.php\/wp-json\/wp\/v2\/types\/post"}],"author":[{"embeddable":true,"href":"https:\/\/www.hashtag.al\/index.php\/wp-json\/wp\/v2\/users\/51"}],"replies":[{"embeddable":true,"href":"https:\/\/www.hashtag.al\/index.php\/wp-json\/wp\/v2\/comments?post=515201"}],"version-history":[{"count":0,"href":"https:\/\/www.hashtag.al\/index.php\/wp-json\/wp\/v2\/posts\/515201\/revisions"}],"wp:featuredmedia":[{"embeddable":true,"href":"https:\/\/www.hashtag.al\/index.php\/wp-json\/wp\/v2\/media\/515202"}],"wp:attachment":[{"href":"https:\/\/www.hashtag.al\/index.php\/wp-json\/wp\/v2\/media?parent=515201"}],"wp:term":[{"taxonomy":"category","embeddable":true,"href":"https:\/\/www.hashtag.al\/index.php\/wp-json\/wp\/v2\/categories?post=515201"},{"taxonomy":"post_tag","embeddable":true,"href":"https:\/\/www.hashtag.al\/index.php\/wp-json\/wp\/v2\/tags?post=515201"}],"curies":[{"name":"wp","href":"https:\/\/api.w.org\/{rel}","templated":true}]}}